{"id":7833,"date":"2012-02-01T16:34:26","date_gmt":"2012-02-01T19:34:26","guid":{"rendered":"http:\/\/www.encontrasantana.com.br\/blog\/?p=7833"},"modified":"2019-04-15T10:00:39","modified_gmt":"2019-04-15T13:00:39","slug":"carnaval-ingressos-para-setores-e-e-f-da-arquibancada-em-santana-estao-esgotados","status":"publish","type":"post","link":"https:\/\/www.encontrasantana.com.br\/sobre\/carnaval-ingressos-para-setores-e-e-f-da-arquibancada-em-santana-estao-esgotados\/","title":{"rendered":"Carnaval: ingressos para setores E e F da arquibancada em Santana est\u00e3o esgotados"},"content":{"rendered":"<div class=\"1acf8468e559fd3cbeec5aee3a269a52\" data-index=\"1\" style=\"float: none; margin:0px;\">\n<!-- Anuncio display - global -->\r\n<ins class=\"adsbygoogle\"\r\n     style=\"display:block\"\r\n     data-ad-client=\"ca-pub-8585364105181520\"\r\n     data-ad-slot=\"8789329856\"\r\n     data-ad-format=\"auto\"\r\n     data-full-width-responsive=\"true\"><\/ins>\r\n<script>\r\n     (adsbygoogle = window.adsbygoogle || []).push({});\r\n<\/script>\n<\/div>\n<p>Os bilhetes para os setores E e F das arquibancadas, para os dias de desfile das escolas do Grupo Especial do carnaval 2012 em S\u00e3o Paulo, j\u00e1 est\u00e3o esgotados, segundo a\u00a0Ingresso F\u00e1cil, empresa respons\u00e1vel pela comercializa\u00e7\u00e3o das entradas.<\/p>\n<p>O \u00faltimo balan\u00e7o, fechado na sexta-feira (27), mostra que mais de 22 mil bilhetes j\u00e1 foram vendidos. H\u00e1 no total 26 mil lugares dispon\u00edveis no <a href=\"http:\/\/www.encontrasantana.com.br\/santana\/sambodromo-santana.shtml\" target=\"_blank\">Samb\u00f3dromo<\/a>.<\/p>\n<p>Segundo a empresa, ainda h\u00e1 ingressos dispon\u00edveis para todos os demais setores, em todos os dias. Al\u00e9m do Grupo Especial (nos dias 17 e 18 de fevereiro), haver\u00e1 desfile do Grupo de Acesso (dia 19 de fevereiro) e das escolas campe\u00e3s (dia 24 de janeiro).<\/p>\n<p>Os ingressos come\u00e7aram a ser vendidos no dia 16 de janeiro. Os mais baratos custam R$ 65. As bilheterias funcionam de segunda a s\u00e1bado, das 11h \u00e0s 17h. \u00c9 permitida a venda de at\u00e9 dez ingressos por pessoa.<\/p>\n<p>A censura do evento \u00e9 para crian\u00e7as de at\u00e9 5 anos de idade. Menores de 14 anos s\u00f3 poder\u00e3o entrar no Samb\u00f3dromo acompanhados dos pais ou de algum representante legal. Nos camarotes, a entrada \u00e9 liberada para maiores de 18 anos.<\/p>\n<p><em>Veja abaixo os pontos oficiais de venda:<br \/>\n<\/em><br \/>\n<strong>S\u00e3o Paulo<\/strong><br \/>\n<em><\/em><\/p>\n<p><em>&#8211; Anhembi<br \/>\n<\/em>Avenida Olavo Fontoura, 1.209 &#8211; Guia de Santana<\/p>\n<p><em>&#8211; Est\u00e1dio do Canind\u00e9<br \/>\n<\/em>Rua Comendador Nestor Pereira, 33 &#8211; Canind\u00e9<\/p>\n<p><em>&#8211; Est\u00e1dio do Pacaembu<br \/>\n<\/em>Pra\u00e7a Charles Miller, s\/n &#8211; Pacaembu<\/p>\n<p><em>&#8211; Gin\u00e1sio do Ibirapuera<br \/>\n<\/em>Rua Manuel da N\u00f3brega, 1.361 &#8211; Ibirapuera<\/p>\n<p><strong>Santo Andr\u00e9<br \/>\n<\/strong><em>&#8211; Est\u00e1dio Bruno Jos\u00e9 Daniel<br \/>\n<\/em>Rua 24 de Maio, s\/n &#8211; Santo Andr\u00e9<\/p>\n<p><strong>Barueri<br \/>\n<\/strong><em>&#8211; Gin\u00e1sio de Esportes Jos\u00e9 Corr\u00eaa<br \/>\n<\/em>Avenida Guilherme P. Guglielmo, 100 &#8211; Barueri<\/p>\n<p><strong>S\u00e3o Caetano do Sul<\/strong><br \/>\n<em>&#8211; Est\u00e1dio Anacleto Campanella<\/em><br \/>\nAvenida Walter Thom\u00e9, 64 &#8211; S\u00e3o Caetano do Sul<\/p>\n<p><strong>Meia-entrada<br \/>\n<\/strong>A venda acontecer\u00e1 apenas nas bilheterias do Anhembi. Na aus\u00eancia do estudante, somente pai ou m\u00e3e, mediante documentos, est\u00e3o autorizados a efetuar a compra. Idosos e aposentados devem estar presentes no ato da compra. Confira abaixo os valores dos ingressos por setor:<\/p>\n<p><strong>\u00a0Cadeira Pista<\/strong>\u00a0(* esgotados)<\/p>\n<p><em>Fonte: G1<\/em><\/p>\n\n<div style=\"font-size: 0px; height: 0px; line-height: 0px; margin: 0; padding: 0; clear: both;\"><\/div>","protected":false},"excerpt":{"rendered":"<p>Os bilhetes para os setores E e F das arquibancadas, para os dias de desfile das escolas do Grupo Especial do carnaval 2012 em S\u00e3o Paulo, j\u00e1 est\u00e3o esgotados, segundo a\u00a0Ingresso F\u00e1cil, empresa respons\u00e1vel pela comercializa\u00e7\u00e3o das entradas. O \u00faltimo balan\u00e7o, fechado na sexta-feira (27), mostra que mais de 22 mil bilhetes j\u00e1 foram vendidos. H\u00e1 no total 26 mil lugares dispon\u00edveis no Samb\u00f3dromo. Segundo a empresa, ainda h\u00e1 ingressos dispon\u00edveis para todos os demais setores, em todos os dias. Al\u00e9m do Grupo Especial (nos dias 17 e 18 de fevereiro), haver\u00e1 desfile do Grupo de Acesso (dia 19 de <\/p>\n","protected":false},"author":1,"featured_media":0,"comment_status":"open","ping_status":"closed","sticky":false,"template":"","format":"standard","meta":{"footnotes":""},"categories":[3],"tags":[10],"class_list":["post-7833","post","type-post","status-publish","format-standard","hentry","category-noticias-em-santana","tag-santana"],"aioseo_notices":[],"aioseo_head":"\n\t\t<!-- All in One SEO 5.0.0.1 - aioseo.com -->\n\t<meta name=\"description\" content=\"Os bilhetes para os setores E e F das arquibancadas, para os dias de desfile das escolas do Grupo Especial do carnaval 2012 em S\u00e3o Paulo, j\u00e1 est\u00e3o esgotados, segundo a Ingresso F\u00e1cil, empresa respons\u00e1vel pela comercializa\u00e7\u00e3o das entradas. O \u00faltimo balan\u00e7o, fechado na sexta-feira (27), mostra que mais de 22 mil bilhetes j\u00e1 foram vendidos.\" \/>\n\t<meta name=\"robots\" content=\"max-image-preview:large\" \/>\n\t<meta name=\"author\" content=\"Encontra Santana\"\/>\n\t<link rel=\"canonical\" href=\"https:\/\/www.encontrasantana.com.br\/sobre\/carnaval-ingressos-para-setores-e-e-f-da-arquibancada-em-santana-estao-esgotados\/\" \/>\n\t<meta name=\"generator\" content=\"All in One SEO (AIOSEO) 5.0.0.1\" \/>\n\t\t<meta property=\"og:locale\" content=\"pt_BR\" \/>\n\t\t<meta property=\"og:site_name\" content=\"Encontra Santana | Not\u00edcias, eventos, informa\u00e7\u00f5es e dicas no bairro de Santana e regi\u00e3o.\" \/>\n\t\t<meta property=\"og:type\" content=\"article\" \/>\n\t\t<meta property=\"og:title\" content=\"Carnaval: ingressos para setores E e F da arquibancada em Santana est\u00e3o esgotados \u00bb Encontra Santana\" \/>\n\t\t<meta property=\"og:description\" content=\"Os bilhetes para os setores E e F das arquibancadas, para os dias de desfile das escolas do Grupo Especial do carnaval 2012 em S\u00e3o Paulo, j\u00e1 est\u00e3o esgotados, segundo a Ingresso F\u00e1cil, empresa respons\u00e1vel pela comercializa\u00e7\u00e3o das entradas. O \u00faltimo balan\u00e7o, fechado na sexta-feira (27), mostra que mais de 22 mil bilhetes j\u00e1 foram vendidos.\" \/>\n\t\t<meta property=\"og:url\" content=\"https:\/\/www.encontrasantana.com.br\/sobre\/carnaval-ingressos-para-setores-e-e-f-da-arquibancada-em-santana-estao-esgotados\/\" \/>\n\t\t<meta property=\"article:published_time\" content=\"2012-02-01T19:34:26+00:00\" \/>\n\t\t<meta property=\"article:modified_time\" content=\"2019-04-15T13:00:39+00:00\" \/>\n\t\t<meta name=\"twitter:card\" content=\"summary\" \/>\n\t\t<meta name=\"twitter:title\" content=\"Carnaval: ingressos para setores E e F da arquibancada em Santana est\u00e3o esgotados \u00bb Encontra Santana\" \/>\n\t\t<meta name=\"twitter:description\" content=\"Os bilhetes para os setores E e F das arquibancadas, para os dias de desfile das escolas do Grupo Especial do carnaval 2012 em S\u00e3o Paulo, j\u00e1 est\u00e3o esgotados, segundo a Ingresso F\u00e1cil, empresa respons\u00e1vel pela comercializa\u00e7\u00e3o das entradas. O \u00faltimo balan\u00e7o, fechado na sexta-feira (27), mostra que mais de 22 mil bilhetes j\u00e1 foram vendidos.\" \/>\n\t\t<script type=\"application\/ld+json\" class=\"aioseo-schema\">\n\t\t\t{\"@context\":\"https:\\\/\\\/schema.org\",\"@graph\":[{\"@type\":\"Article\",\"@id\":\"https:\\\/\\\/www.encontrasantana.com.br\\\/sobre\\\/carnaval-ingressos-para-setores-e-e-f-da-arquibancada-em-santana-estao-esgotados\\\/#article\",\"name\":\"Carnaval: ingressos para setores E e F da arquibancada em Santana est\\u00e3o esgotados \\u00bb Encontra Santana\",\"headline\":\"Carnaval: ingressos para setores E e F da arquibancada em Santana est\\u00e3o esgotados\",\"author\":{\"@id\":\"https:\\\/\\\/www.encontrasantana.com.br\\\/sobre\\\/author\\\/esantana\\\/#author\"},\"publisher\":{\"@id\":\"https:\\\/\\\/www.encontrasantana.com.br\\\/sobre\\\/#organization\"},\"datePublished\":\"2012-02-01T16:34:26-03:00\",\"dateModified\":\"2019-04-15T10:00:39-03:00\",\"inLanguage\":\"pt-BR\",\"mainEntityOfPage\":{\"@id\":\"https:\\\/\\\/www.encontrasantana.com.br\\\/sobre\\\/carnaval-ingressos-para-setores-e-e-f-da-arquibancada-em-santana-estao-esgotados\\\/#webpage\"},\"isPartOf\":{\"@id\":\"https:\\\/\\\/www.encontrasantana.com.br\\\/sobre\\\/carnaval-ingressos-para-setores-e-e-f-da-arquibancada-em-santana-estao-esgotados\\\/#webpage\"},\"articleSection\":\"Not\\u00edcias Santana, Santana\"},{\"@type\":\"BreadcrumbList\",\"@id\":\"https:\\\/\\\/www.encontrasantana.com.br\\\/sobre\\\/carnaval-ingressos-para-setores-e-e-f-da-arquibancada-em-santana-estao-esgotados\\\/#breadcrumblist\",\"itemListElement\":[{\"@type\":\"ListItem\",\"@id\":\"https:\\\/\\\/www.encontrasantana.com.br\\\/sobre#listItem\",\"position\":1,\"name\":\"In\\u00edcio\",\"item\":\"https:\\\/\\\/www.encontrasantana.com.br\\\/sobre\",\"nextItem\":{\"@type\":\"ListItem\",\"@id\":\"https:\\\/\\\/www.encontrasantana.com.br\\\/sobre\\\/noticias-em-santana\\\/#listItem\",\"name\":\"Not\\u00edcias Santana\"}},{\"@type\":\"ListItem\",\"@id\":\"https:\\\/\\\/www.encontrasantana.com.br\\\/sobre\\\/noticias-em-santana\\\/#listItem\",\"position\":2,\"name\":\"Not\\u00edcias Santana\",\"item\":\"https:\\\/\\\/www.encontrasantana.com.br\\\/sobre\\\/noticias-em-santana\\\/\",\"nextItem\":{\"@type\":\"ListItem\",\"@id\":\"https:\\\/\\\/www.encontrasantana.com.br\\\/sobre\\\/carnaval-ingressos-para-setores-e-e-f-da-arquibancada-em-santana-estao-esgotados\\\/#listItem\",\"name\":\"Carnaval: ingressos para setores E e F da arquibancada em Santana est\\u00e3o esgotados\"},\"previousItem\":{\"@type\":\"ListItem\",\"@id\":\"https:\\\/\\\/www.encontrasantana.com.br\\\/sobre#listItem\",\"name\":\"In\\u00edcio\"}},{\"@type\":\"ListItem\",\"@id\":\"https:\\\/\\\/www.encontrasantana.com.br\\\/sobre\\\/carnaval-ingressos-para-setores-e-e-f-da-arquibancada-em-santana-estao-esgotados\\\/#listItem\",\"position\":3,\"name\":\"Carnaval: ingressos para setores E e F da arquibancada em Santana est\\u00e3o esgotados\",\"previousItem\":{\"@type\":\"ListItem\",\"@id\":\"https:\\\/\\\/www.encontrasantana.com.br\\\/sobre\\\/noticias-em-santana\\\/#listItem\",\"name\":\"Not\\u00edcias Santana\"}}]},{\"@type\":\"Organization\",\"@id\":\"https:\\\/\\\/www.encontrasantana.com.br\\\/sobre\\\/#organization\",\"name\":\"Encontra Santana\",\"description\":\"Not\\u00edcias, eventos, informa\\u00e7\\u00f5es e dicas no bairro de Santana e regi\\u00e3o.\",\"url\":\"https:\\\/\\\/www.encontrasantana.com.br\\\/sobre\\\/\"},{\"@type\":\"Person\",\"@id\":\"https:\\\/\\\/www.encontrasantana.com.br\\\/sobre\\\/author\\\/esantana\\\/#author\",\"url\":\"https:\\\/\\\/www.encontrasantana.com.br\\\/sobre\\\/author\\\/esantana\\\/\",\"name\":\"Encontra Santana\",\"image\":{\"@type\":\"ImageObject\",\"@id\":\"https:\\\/\\\/www.encontrasantana.com.br\\\/sobre\\\/carnaval-ingressos-para-setores-e-e-f-da-arquibancada-em-santana-estao-esgotados\\\/#authorImage\",\"url\":\"https:\\\/\\\/secure.gravatar.com\\\/avatar\\\/0fbed662e37531ae23e68f85f9517b2454e50c1dfebf80eb9b721449ac95e0b9?s=96&d=mm&r=g\",\"width\":96,\"height\":96,\"caption\":\"Encontra Santana\"}},{\"@type\":\"WebPage\",\"@id\":\"https:\\\/\\\/www.encontrasantana.com.br\\\/sobre\\\/carnaval-ingressos-para-setores-e-e-f-da-arquibancada-em-santana-estao-esgotados\\\/#webpage\",\"url\":\"https:\\\/\\\/www.encontrasantana.com.br\\\/sobre\\\/carnaval-ingressos-para-setores-e-e-f-da-arquibancada-em-santana-estao-esgotados\\\/\",\"name\":\"Carnaval: ingressos para setores E e F da arquibancada em Santana est\\u00e3o esgotados \\u00bb Encontra Santana\",\"description\":\"Os bilhetes para os setores E e F das arquibancadas, para os dias de desfile das escolas do Grupo Especial do carnaval 2012 em S\\u00e3o Paulo, j\\u00e1 est\\u00e3o esgotados, segundo a Ingresso F\\u00e1cil, empresa respons\\u00e1vel pela comercializa\\u00e7\\u00e3o das entradas. O \\u00faltimo balan\\u00e7o, fechado na sexta-feira (27), mostra que mais de 22 mil bilhetes j\\u00e1 foram vendidos.\",\"inLanguage\":\"pt-BR\",\"isPartOf\":{\"@id\":\"https:\\\/\\\/www.encontrasantana.com.br\\\/sobre\\\/#website\"},\"breadcrumb\":{\"@id\":\"https:\\\/\\\/www.encontrasantana.com.br\\\/sobre\\\/carnaval-ingressos-para-setores-e-e-f-da-arquibancada-em-santana-estao-esgotados\\\/#breadcrumblist\"},\"author\":{\"@id\":\"https:\\\/\\\/www.encontrasantana.com.br\\\/sobre\\\/author\\\/esantana\\\/#author\"},\"creator\":{\"@id\":\"https:\\\/\\\/www.encontrasantana.com.br\\\/sobre\\\/author\\\/esantana\\\/#author\"},\"datePublished\":\"2012-02-01T16:34:26-03:00\",\"dateModified\":\"2019-04-15T10:00:39-03:00\"},{\"@type\":\"WebSite\",\"@id\":\"https:\\\/\\\/www.encontrasantana.com.br\\\/sobre\\\/#website\",\"url\":\"https:\\\/\\\/www.encontrasantana.com.br\\\/sobre\\\/\",\"name\":\"Encontra Santana\",\"description\":\"Not\\u00edcias, eventos, informa\\u00e7\\u00f5es e dicas no bairro de Santana e regi\\u00e3o.\",\"inLanguage\":\"pt-BR\",\"publisher\":{\"@id\":\"https:\\\/\\\/www.encontrasantana.com.br\\\/sobre\\\/#organization\"}}]}\n\t\t<\/script>\n\t\t<!-- All in One SEO -->\n\n","aioseo_head_json":{"title":"Carnaval: ingressos para setores E e F da arquibancada em Santana est\u00e3o esgotados \u00bb Encontra Santana","description":"Os bilhetes para os setores E e F das arquibancadas, para os dias de desfile das escolas do Grupo Especial do carnaval 2012 em S\u00e3o Paulo, j\u00e1 est\u00e3o esgotados, segundo a Ingresso F\u00e1cil, empresa respons\u00e1vel pela comercializa\u00e7\u00e3o das entradas. O \u00faltimo balan\u00e7o, fechado na sexta-feira (27), mostra que mais de 22 mil bilhetes j\u00e1 foram vendidos.","canonical_url":"https:\/\/www.encontrasantana.com.br\/sobre\/carnaval-ingressos-para-setores-e-e-f-da-arquibancada-em-santana-estao-esgotados\/","robots":"max-image-preview:large","keywords":"","webmasterTools":{"miscellaneous":""},"schema":{"@context":"https:\/\/schema.org","@graph":[{"@type":"Article","@id":"https:\/\/www.encontrasantana.com.br\/sobre\/carnaval-ingressos-para-setores-e-e-f-da-arquibancada-em-santana-estao-esgotados\/#article","name":"Carnaval: ingressos para setores E e F da arquibancada em Santana est\u00e3o esgotados \u00bb Encontra Santana","headline":"Carnaval: ingressos para setores E e F da arquibancada em Santana est\u00e3o esgotados","author":{"@id":"https:\/\/www.encontrasantana.com.br\/sobre\/author\/esantana\/#author"},"publisher":{"@id":"https:\/\/www.encontrasantana.com.br\/sobre\/#organization"},"datePublished":"2012-02-01T16:34:26-03:00","dateModified":"2019-04-15T10:00:39-03:00","inLanguage":"pt-BR","mainEntityOfPage":{"@id":"https:\/\/www.encontrasantana.com.br\/sobre\/carnaval-ingressos-para-setores-e-e-f-da-arquibancada-em-santana-estao-esgotados\/#webpage"},"isPartOf":{"@id":"https:\/\/www.encontrasantana.com.br\/sobre\/carnaval-ingressos-para-setores-e-e-f-da-arquibancada-em-santana-estao-esgotados\/#webpage"},"articleSection":"Not\u00edcias Santana, Santana"},{"@type":"BreadcrumbList","@id":"https:\/\/www.encontrasantana.com.br\/sobre\/carnaval-ingressos-para-setores-e-e-f-da-arquibancada-em-santana-estao-esgotados\/#breadcrumblist","itemListElement":[{"@type":"ListItem","@id":"https:\/\/www.encontrasantana.com.br\/sobre#listItem","position":1,"name":"In\u00edcio","item":"https:\/\/www.encontrasantana.com.br\/sobre","nextItem":{"@type":"ListItem","@id":"https:\/\/www.encontrasantana.com.br\/sobre\/noticias-em-santana\/#listItem","name":"Not\u00edcias Santana"}},{"@type":"ListItem","@id":"https:\/\/www.encontrasantana.com.br\/sobre\/noticias-em-santana\/#listItem","position":2,"name":"Not\u00edcias Santana","item":"https:\/\/www.encontrasantana.com.br\/sobre\/noticias-em-santana\/","nextItem":{"@type":"ListItem","@id":"https:\/\/www.encontrasantana.com.br\/sobre\/carnaval-ingressos-para-setores-e-e-f-da-arquibancada-em-santana-estao-esgotados\/#listItem","name":"Carnaval: ingressos para setores E e F da arquibancada em Santana est\u00e3o esgotados"},"previousItem":{"@type":"ListItem","@id":"https:\/\/www.encontrasantana.com.br\/sobre#listItem","name":"In\u00edcio"}},{"@type":"ListItem","@id":"https:\/\/www.encontrasantana.com.br\/sobre\/carnaval-ingressos-para-setores-e-e-f-da-arquibancada-em-santana-estao-esgotados\/#listItem","position":3,"name":"Carnaval: ingressos para setores E e F da arquibancada em Santana est\u00e3o esgotados","previousItem":{"@type":"ListItem","@id":"https:\/\/www.encontrasantana.com.br\/sobre\/noticias-em-santana\/#listItem","name":"Not\u00edcias Santana"}}]},{"@type":"Organization","@id":"https:\/\/www.encontrasantana.com.br\/sobre\/#organization","name":"Encontra Santana","description":"Not\u00edcias, eventos, informa\u00e7\u00f5es e dicas no bairro de Santana e regi\u00e3o.","url":"https:\/\/www.encontrasantana.com.br\/sobre\/"},{"@type":"Person","@id":"https:\/\/www.encontrasantana.com.br\/sobre\/author\/esantana\/#author","url":"https:\/\/www.encontrasantana.com.br\/sobre\/author\/esantana\/","name":"Encontra Santana","image":{"@type":"ImageObject","@id":"https:\/\/www.encontrasantana.com.br\/sobre\/carnaval-ingressos-para-setores-e-e-f-da-arquibancada-em-santana-estao-esgotados\/#authorImage","url":"https:\/\/secure.gravatar.com\/avatar\/0fbed662e37531ae23e68f85f9517b2454e50c1dfebf80eb9b721449ac95e0b9?s=96&d=mm&r=g","width":96,"height":96,"caption":"Encontra Santana"}},{"@type":"WebPage","@id":"https:\/\/www.encontrasantana.com.br\/sobre\/carnaval-ingressos-para-setores-e-e-f-da-arquibancada-em-santana-estao-esgotados\/#webpage","url":"https:\/\/www.encontrasantana.com.br\/sobre\/carnaval-ingressos-para-setores-e-e-f-da-arquibancada-em-santana-estao-esgotados\/","name":"Carnaval: ingressos para setores E e F da arquibancada em Santana est\u00e3o esgotados \u00bb Encontra Santana","description":"Os bilhetes para os setores E e F das arquibancadas, para os dias de desfile das escolas do Grupo Especial do carnaval 2012 em S\u00e3o Paulo, j\u00e1 est\u00e3o esgotados, segundo a Ingresso F\u00e1cil, empresa respons\u00e1vel pela comercializa\u00e7\u00e3o das entradas. O \u00faltimo balan\u00e7o, fechado na sexta-feira (27), mostra que mais de 22 mil bilhetes j\u00e1 foram vendidos.","inLanguage":"pt-BR","isPartOf":{"@id":"https:\/\/www.encontrasantana.com.br\/sobre\/#website"},"breadcrumb":{"@id":"https:\/\/www.encontrasantana.com.br\/sobre\/carnaval-ingressos-para-setores-e-e-f-da-arquibancada-em-santana-estao-esgotados\/#breadcrumblist"},"author":{"@id":"https:\/\/www.encontrasantana.com.br\/sobre\/author\/esantana\/#author"},"creator":{"@id":"https:\/\/www.encontrasantana.com.br\/sobre\/author\/esantana\/#author"},"datePublished":"2012-02-01T16:34:26-03:00","dateModified":"2019-04-15T10:00:39-03:00"},{"@type":"WebSite","@id":"https:\/\/www.encontrasantana.com.br\/sobre\/#website","url":"https:\/\/www.encontrasantana.com.br\/sobre\/","name":"Encontra Santana","description":"Not\u00edcias, eventos, informa\u00e7\u00f5es e dicas no bairro de Santana e regi\u00e3o.","inLanguage":"pt-BR","publisher":{"@id":"https:\/\/www.encontrasantana.com.br\/sobre\/#organization"}}]},"og:locale":"pt_BR","og:site_name":"Encontra Santana | Not\u00edcias, eventos, informa\u00e7\u00f5es e dicas no bairro de Santana e regi\u00e3o.","og:type":"article","og:title":"Carnaval: ingressos para setores E e F da arquibancada em Santana est\u00e3o esgotados \u00bb Encontra Santana","og:description":"Os bilhetes para os setores E e F das arquibancadas, para os dias de desfile das escolas do Grupo Especial do carnaval 2012 em S\u00e3o Paulo, j\u00e1 est\u00e3o esgotados, segundo a Ingresso F\u00e1cil, empresa respons\u00e1vel pela comercializa\u00e7\u00e3o das entradas. O \u00faltimo balan\u00e7o, fechado na sexta-feira (27), mostra que mais de 22 mil bilhetes j\u00e1 foram vendidos.","og:url":"https:\/\/www.encontrasantana.com.br\/sobre\/carnaval-ingressos-para-setores-e-e-f-da-arquibancada-em-santana-estao-esgotados\/","article:published_time":"2012-02-01T19:34:26+00:00","article:modified_time":"2019-04-15T13:00:39+00:00","twitter:card":"summary","twitter:title":"Carnaval: ingressos para setores E e F da arquibancada em Santana est\u00e3o esgotados \u00bb Encontra Santana","twitter:description":"Os bilhetes para os setores E e F das arquibancadas, para os dias de desfile das escolas do Grupo Especial do carnaval 2012 em S\u00e3o Paulo, j\u00e1 est\u00e3o esgotados, segundo a Ingresso F\u00e1cil, empresa respons\u00e1vel pela comercializa\u00e7\u00e3o das entradas. O \u00faltimo balan\u00e7o, fechado na sexta-feira (27), mostra que mais de 22 mil bilhetes j\u00e1 foram vendidos."},"aioseo_meta_data":{"post_id":"7833","title":null,"description":null,"keywords":null,"keyphrases":null,"primary_term":null,"canonical_url":null,"og_title":null,"og_description":null,"og_object_type":"default","og_image_type":"default","og_image_url":null,"og_image_width":null,"og_image_height":null,"og_image_custom_url":null,"og_image_custom_fields":null,"og_video":null,"og_custom_url":null,"og_article_section":null,"og_article_tags":null,"twitter_use_og":false,"twitter_card":"default","twitter_image_type":"default","twitter_image_url":null,"twitter_image_custom_url":null,"twitter_image_custom_fields":null,"twitter_title":null,"twitter_description":null,"schema":{"blockGraphs":[],"customGraphs":[],"default":{"data":{"Article":[],"Course":[],"Dataset":[],"FAQPage":[],"Movie":[],"Person":[],"Product":[],"ProductReview":[],"Car":[],"Recipe":[],"Service":[],"SoftwareApplication":[],"WebPage":[]},"graphName":"Article","isEnabled":true},"graphs":[]},"schema_type":null,"schema_type_options":null,"pillar_content":false,"robots_default":true,"robots_noindex":false,"robots_noarchive":false,"robots_nosnippet":false,"robots_nofollow":false,"robots_noimageindex":false,"robots_noodp":false,"robots_notranslate":false,"robots_max_snippet":null,"robots_max_videopreview":null,"robots_max_imagepreview":"large","priority":null,"frequency":null,"local_seo":null,"limit_modified_date":false,"created":"2021-04-21 00:58:00","updated":"2026-08-06 10:35:19","focus_keyword":null,"additional_keywords":null,"truseo_locale":null,"ai":null,"breadcrumb_settings":null,"seo_analyzer_scan_date":null},"aioseo_breadcrumb":"<div class=\"aioseo-breadcrumbs\"><span class=\"aioseo-breadcrumb\">\n\t\t\t<a href=\"https:\/\/www.encontrasantana.com.br\/sobre\" title=\"In\u00edcio\">In\u00edcio<\/a>\n\t\t<\/span><span class=\"aioseo-breadcrumb-separator\">&raquo;<\/span><span class=\"aioseo-breadcrumb\">\n\t\t\t<a href=\"https:\/\/www.encontrasantana.com.br\/sobre\/noticias-em-santana\/\" title=\"Not\u00edcias Santana\">Not\u00edcias Santana<\/a>\n\t\t<\/span><span class=\"aioseo-breadcrumb-separator\">&raquo;<\/span><span class=\"aioseo-breadcrumb\">\n\t\t\tCarnaval: ingressos para setores E e F da arquibancada em Santana est\u00e3o esgotados\n\t\t<\/span><\/div>","aioseo_breadcrumb_json":[{"label":"In\u00edcio","link":"https:\/\/www.encontrasantana.com.br\/sobre"},{"label":"Not\u00edcias Santana","link":"https:\/\/www.encontrasantana.com.br\/sobre\/noticias-em-santana\/"},{"label":"Carnaval: ingressos para setores E e F da arquibancada em Santana est\u00e3o esgotados","link":"https:\/\/www.encontrasantana.com.br\/sobre\/carnaval-ingressos-para-setores-e-e-f-da-arquibancada-em-santana-estao-esgotados\/"}],"_links":{"self":[{"href":"https:\/\/www.encontrasantana.com.br\/sobre\/wp-json\/wp\/v2\/posts\/7833","targetHints":{"allow":["GET"]}}],"collection":[{"href":"https:\/\/www.encontrasantana.com.br\/sobre\/wp-json\/wp\/v2\/posts"}],"about":[{"href":"https:\/\/www.encontrasantana.com.br\/sobre\/wp-json\/wp\/v2\/types\/post"}],"author":[{"embeddable":true,"href":"https:\/\/www.encontrasantana.com.br\/sobre\/wp-json\/wp\/v2\/users\/1"}],"replies":[{"embeddable":true,"href":"https:\/\/www.encontrasantana.com.br\/sobre\/wp-json\/wp\/v2\/comments?post=7833"}],"version-history":[{"count":0,"href":"https:\/\/www.encontrasantana.com.br\/sobre\/wp-json\/wp\/v2\/posts\/7833\/revisions"}],"wp:attachment":[{"href":"https:\/\/www.encontrasantana.com.br\/sobre\/wp-json\/wp\/v2\/media?parent=7833"}],"wp:term":[{"taxonomy":"category","embeddable":true,"href":"https:\/\/www.encontrasantana.com.br\/sobre\/wp-json\/wp\/v2\/categories?post=7833"},{"taxonomy":"post_tag","embeddable":true,"href":"https:\/\/www.encontrasantana.com.br\/sobre\/wp-json\/wp\/v2\/tags?post=7833"}],"curies":[{"name":"wp","href":"https:\/\/api.w.org\/{rel}","templated":true}]}}