{"id":8,"date":"2008-10-16T17:11:37","date_gmt":"2008-10-16T20:11:37","guid":{"rendered":"http:\/\/www.encontrasantana.com.br\/blog\/?p=8"},"modified":"2019-04-15T10:06:34","modified_gmt":"2019-04-15T13:06:34","slug":"pacientes-da-uti-do-hospital-sao-camilo-em-santana-sao-transferidos-apos-principio-de-incendio","status":"publish","type":"post","link":"https:\/\/www.encontrasantana.com.br\/sobre\/pacientes-da-uti-do-hospital-sao-camilo-em-santana-sao-transferidos-apos-principio-de-incendio\/","title":{"rendered":"Pacientes da UTI do hospital S\u00e3o Camilo, em Santana, s\u00e3o transferidos ap\u00f3s princ\u00edpio de inc\u00eandio"},"content":{"rendered":"<div class=\"1acf8468e559fd3cbeec5aee3a269a52\" data-index=\"1\" style=\"float: none; margin:0px;\">\n<!-- Anuncio display - global -->\r\n<ins class=\"adsbygoogle\"\r\n     style=\"display:block\"\r\n     data-ad-client=\"ca-pub-8585364105181520\"\r\n     data-ad-slot=\"8789329856\"\r\n     data-ad-format=\"auto\"\r\n     data-full-width-responsive=\"true\"><\/ins>\r\n<script>\r\n     (adsbygoogle = window.adsbygoogle || []).push({});\r\n<\/script>\n<\/div>\n<p>S\u00c3O PAULO &#8211; Pacientes que estavam na Unidade de Terapia Intensiva (UTI) do Hospital S\u00e3o Camilo, em Santana, na zona norte de S\u00e3o Paulo, foram transferidos na tarde desta quinta-feira para outra unidade que fica na Pomp\u00e9ia, na zona oeste.<\/p>\n<p>Um princ\u00edpio de inc\u00eandio foi registrado na manh\u00e3 desta quinta e os bombeiros foram chamados para atender a ocorr\u00eancia. A assessoria de imprensa do hospital, informou que o princ\u00edpio de inc\u00eandio iniciou num gerador da unidade, que foi colocado em opera\u00e7\u00e3o porque havia falta de energia na regi\u00e3o. Segundo o hospital, houve uma pane el\u00e9trica.<\/p>\n<p>O gerador que apresentou problemas foi desligado e t\u00e9cnicos analisam o aparelho para descobrir o que causou o princ\u00edpio de inc\u00eandio.<\/p>\n<p>O hospital ficou sem energia porque um guindaste se desprendeu de uma carreta e atingiu dois postes na Rua Alfredo Pujol, em Santana. O guindaste caiu sobre cabos da rede el\u00e9trica, que foram rompidos. Parte do muro de uma escola tamb\u00e9m foi derrubada.<\/p>\n<p>O acidente ocorreu \u00e0s 23h10m desta quarta e a via ficou bloqueada at\u00e9 3h25m. Segundo a Eletropaulo, a troca dos postes s\u00f3 pode ser iniciada a partir das 7h, depois da retirada da carga.<\/p>\n<p><strong>Fonte: O Globo<\/strong><\/p>\n\n<div style=\"font-size: 0px; height: 0px; line-height: 0px; margin: 0; padding: 0; clear: both;\"><\/div>","protected":false},"excerpt":{"rendered":"<p>S\u00c3O PAULO &#8211; Pacientes que estavam na Unidade de Terapia Intensiva (UTI) do Hospital S\u00e3o Camilo, em Santana, na zona norte de S\u00e3o Paulo, foram transferidos na tarde desta quinta-feira para outra unidade que fica na Pomp\u00e9ia, na zona oeste. Um princ\u00edpio de inc\u00eandio foi registrado na manh\u00e3 desta quinta e os bombeiros foram chamados para atender a ocorr\u00eancia. A assessoria de imprensa do hospital, informou que o princ\u00edpio de inc\u00eandio iniciou num gerador da unidade, que foi colocado em opera\u00e7\u00e3o porque havia falta de energia na regi\u00e3o. Segundo o hospital, houve uma pane el\u00e9trica. O gerador que apresentou problemas <\/p>\n","protected":false},"author":1,"featured_media":0,"comment_status":"open","ping_status":"closed","sticky":false,"template":"","format":"standard","meta":{"footnotes":""},"categories":[3],"tags":[],"class_list":["post-8","post","type-post","status-publish","format-standard","hentry","category-noticias-em-santana"],"aioseo_notices":[],"aioseo_head":"\n\t\t<!-- All in One SEO 5.0.0.1 - aioseo.com -->\n\t<meta name=\"description\" content=\"S\u00c3O PAULO - Pacientes que estavam na Unidade de Terapia Intensiva (UTI) do Hospital S\u00e3o Camilo, em Santana, na zona norte de S\u00e3o Paulo, foram transferidos na tarde desta quinta-feira para outra unidade que fica na Pomp\u00e9ia, na zona oeste. Um princ\u00edpio de inc\u00eandio foi registrado na manh\u00e3 desta quinta e os bombeiros foram chamados\" \/>\n\t<meta name=\"robots\" content=\"max-image-preview:large\" \/>\n\t<meta name=\"author\" content=\"Encontra Santana\"\/>\n\t<link rel=\"canonical\" href=\"https:\/\/www.encontrasantana.com.br\/sobre\/pacientes-da-uti-do-hospital-sao-camilo-em-santana-sao-transferidos-apos-principio-de-incendio\/\" \/>\n\t<meta name=\"generator\" content=\"All in One SEO (AIOSEO) 5.0.0.1\" \/>\n\t\t<meta property=\"og:locale\" content=\"pt_BR\" \/>\n\t\t<meta property=\"og:site_name\" content=\"Encontra Santana | Not\u00edcias, eventos, informa\u00e7\u00f5es e dicas no bairro de Santana e regi\u00e3o.\" \/>\n\t\t<meta property=\"og:type\" content=\"article\" \/>\n\t\t<meta property=\"og:title\" content=\"Pacientes da UTI do hospital S\u00e3o Camilo, em Santana, s\u00e3o transferidos ap\u00f3s princ\u00edpio de inc\u00eandio \u00bb Encontra Santana\" \/>\n\t\t<meta property=\"og:description\" content=\"S\u00c3O PAULO - Pacientes que estavam na Unidade de Terapia Intensiva (UTI) do Hospital S\u00e3o Camilo, em Santana, na zona norte de S\u00e3o Paulo, foram transferidos na tarde desta quinta-feira para outra unidade que fica na Pomp\u00e9ia, na zona oeste. Um princ\u00edpio de inc\u00eandio foi registrado na manh\u00e3 desta quinta e os bombeiros foram chamados\" \/>\n\t\t<meta property=\"og:url\" content=\"https:\/\/www.encontrasantana.com.br\/sobre\/pacientes-da-uti-do-hospital-sao-camilo-em-santana-sao-transferidos-apos-principio-de-incendio\/\" \/>\n\t\t<meta property=\"article:published_time\" content=\"2008-10-16T20:11:37+00:00\" \/>\n\t\t<meta property=\"article:modified_time\" content=\"2019-04-15T13:06:34+00:00\" \/>\n\t\t<meta name=\"twitter:card\" content=\"summary\" \/>\n\t\t<meta name=\"twitter:title\" content=\"Pacientes da UTI do hospital S\u00e3o Camilo, em Santana, s\u00e3o transferidos ap\u00f3s princ\u00edpio de inc\u00eandio \u00bb Encontra Santana\" \/>\n\t\t<meta name=\"twitter:description\" content=\"S\u00c3O PAULO - Pacientes que estavam na Unidade de Terapia Intensiva (UTI) do Hospital S\u00e3o Camilo, em Santana, na zona norte de S\u00e3o Paulo, foram transferidos na tarde desta quinta-feira para outra unidade que fica na Pomp\u00e9ia, na zona oeste. Um princ\u00edpio de inc\u00eandio foi registrado na manh\u00e3 desta quinta e os bombeiros foram chamados\" \/>\n\t\t<script type=\"application\/ld+json\" class=\"aioseo-schema\">\n\t\t\t{\"@context\":\"https:\\\/\\\/schema.org\",\"@graph\":[{\"@type\":\"Article\",\"@id\":\"https:\\\/\\\/www.encontrasantana.com.br\\\/sobre\\\/pacientes-da-uti-do-hospital-sao-camilo-em-santana-sao-transferidos-apos-principio-de-incendio\\\/#article\",\"name\":\"Pacientes da UTI do hospital S\\u00e3o Camilo, em Santana, s\\u00e3o transferidos ap\\u00f3s princ\\u00edpio de inc\\u00eandio \\u00bb Encontra Santana\",\"headline\":\"Pacientes da UTI do hospital S\\u00e3o Camilo, em Santana, s\\u00e3o transferidos ap\\u00f3s princ\\u00edpio de inc\\u00eandio\",\"author\":{\"@id\":\"https:\\\/\\\/www.encontrasantana.com.br\\\/sobre\\\/author\\\/esantana\\\/#author\"},\"publisher\":{\"@id\":\"https:\\\/\\\/www.encontrasantana.com.br\\\/sobre\\\/#organization\"},\"datePublished\":\"2008-10-16T17:11:37-03:00\",\"dateModified\":\"2019-04-15T10:06:34-03:00\",\"inLanguage\":\"pt-BR\",\"mainEntityOfPage\":{\"@id\":\"https:\\\/\\\/www.encontrasantana.com.br\\\/sobre\\\/pacientes-da-uti-do-hospital-sao-camilo-em-santana-sao-transferidos-apos-principio-de-incendio\\\/#webpage\"},\"isPartOf\":{\"@id\":\"https:\\\/\\\/www.encontrasantana.com.br\\\/sobre\\\/pacientes-da-uti-do-hospital-sao-camilo-em-santana-sao-transferidos-apos-principio-de-incendio\\\/#webpage\"},\"articleSection\":\"Not\\u00edcias Santana\"},{\"@type\":\"BreadcrumbList\",\"@id\":\"https:\\\/\\\/www.encontrasantana.com.br\\\/sobre\\\/pacientes-da-uti-do-hospital-sao-camilo-em-santana-sao-transferidos-apos-principio-de-incendio\\\/#breadcrumblist\",\"itemListElement\":[{\"@type\":\"ListItem\",\"@id\":\"https:\\\/\\\/www.encontrasantana.com.br\\\/sobre#listItem\",\"position\":1,\"name\":\"In\\u00edcio\",\"item\":\"https:\\\/\\\/www.encontrasantana.com.br\\\/sobre\",\"nextItem\":{\"@type\":\"ListItem\",\"@id\":\"https:\\\/\\\/www.encontrasantana.com.br\\\/sobre\\\/noticias-em-santana\\\/#listItem\",\"name\":\"Not\\u00edcias Santana\"}},{\"@type\":\"ListItem\",\"@id\":\"https:\\\/\\\/www.encontrasantana.com.br\\\/sobre\\\/noticias-em-santana\\\/#listItem\",\"position\":2,\"name\":\"Not\\u00edcias Santana\",\"item\":\"https:\\\/\\\/www.encontrasantana.com.br\\\/sobre\\\/noticias-em-santana\\\/\",\"nextItem\":{\"@type\":\"ListItem\",\"@id\":\"https:\\\/\\\/www.encontrasantana.com.br\\\/sobre\\\/pacientes-da-uti-do-hospital-sao-camilo-em-santana-sao-transferidos-apos-principio-de-incendio\\\/#listItem\",\"name\":\"Pacientes da UTI do hospital S\\u00e3o Camilo, em Santana, s\\u00e3o transferidos ap\\u00f3s princ\\u00edpio de inc\\u00eandio\"},\"previousItem\":{\"@type\":\"ListItem\",\"@id\":\"https:\\\/\\\/www.encontrasantana.com.br\\\/sobre#listItem\",\"name\":\"In\\u00edcio\"}},{\"@type\":\"ListItem\",\"@id\":\"https:\\\/\\\/www.encontrasantana.com.br\\\/sobre\\\/pacientes-da-uti-do-hospital-sao-camilo-em-santana-sao-transferidos-apos-principio-de-incendio\\\/#listItem\",\"position\":3,\"name\":\"Pacientes da UTI do hospital S\\u00e3o Camilo, em Santana, s\\u00e3o transferidos ap\\u00f3s princ\\u00edpio de inc\\u00eandio\",\"previousItem\":{\"@type\":\"ListItem\",\"@id\":\"https:\\\/\\\/www.encontrasantana.com.br\\\/sobre\\\/noticias-em-santana\\\/#listItem\",\"name\":\"Not\\u00edcias Santana\"}}]},{\"@type\":\"Organization\",\"@id\":\"https:\\\/\\\/www.encontrasantana.com.br\\\/sobre\\\/#organization\",\"name\":\"Encontra Santana\",\"description\":\"Not\\u00edcias, eventos, informa\\u00e7\\u00f5es e dicas no bairro de Santana e regi\\u00e3o.\",\"url\":\"https:\\\/\\\/www.encontrasantana.com.br\\\/sobre\\\/\"},{\"@type\":\"Person\",\"@id\":\"https:\\\/\\\/www.encontrasantana.com.br\\\/sobre\\\/author\\\/esantana\\\/#author\",\"url\":\"https:\\\/\\\/www.encontrasantana.com.br\\\/sobre\\\/author\\\/esantana\\\/\",\"name\":\"Encontra Santana\",\"image\":{\"@type\":\"ImageObject\",\"@id\":\"https:\\\/\\\/www.encontrasantana.com.br\\\/sobre\\\/pacientes-da-uti-do-hospital-sao-camilo-em-santana-sao-transferidos-apos-principio-de-incendio\\\/#authorImage\",\"url\":\"https:\\\/\\\/secure.gravatar.com\\\/avatar\\\/0fbed662e37531ae23e68f85f9517b2454e50c1dfebf80eb9b721449ac95e0b9?s=96&d=mm&r=g\",\"width\":96,\"height\":96,\"caption\":\"Encontra Santana\"}},{\"@type\":\"WebPage\",\"@id\":\"https:\\\/\\\/www.encontrasantana.com.br\\\/sobre\\\/pacientes-da-uti-do-hospital-sao-camilo-em-santana-sao-transferidos-apos-principio-de-incendio\\\/#webpage\",\"url\":\"https:\\\/\\\/www.encontrasantana.com.br\\\/sobre\\\/pacientes-da-uti-do-hospital-sao-camilo-em-santana-sao-transferidos-apos-principio-de-incendio\\\/\",\"name\":\"Pacientes da UTI do hospital S\\u00e3o Camilo, em Santana, s\\u00e3o transferidos ap\\u00f3s princ\\u00edpio de inc\\u00eandio \\u00bb Encontra Santana\",\"description\":\"S\\u00c3O PAULO - Pacientes que estavam na Unidade de Terapia Intensiva (UTI) do Hospital S\\u00e3o Camilo, em Santana, na zona norte de S\\u00e3o Paulo, foram transferidos na tarde desta quinta-feira para outra unidade que fica na Pomp\\u00e9ia, na zona oeste. Um princ\\u00edpio de inc\\u00eandio foi registrado na manh\\u00e3 desta quinta e os bombeiros foram chamados\",\"inLanguage\":\"pt-BR\",\"isPartOf\":{\"@id\":\"https:\\\/\\\/www.encontrasantana.com.br\\\/sobre\\\/#website\"},\"breadcrumb\":{\"@id\":\"https:\\\/\\\/www.encontrasantana.com.br\\\/sobre\\\/pacientes-da-uti-do-hospital-sao-camilo-em-santana-sao-transferidos-apos-principio-de-incendio\\\/#breadcrumblist\"},\"author\":{\"@id\":\"https:\\\/\\\/www.encontrasantana.com.br\\\/sobre\\\/author\\\/esantana\\\/#author\"},\"creator\":{\"@id\":\"https:\\\/\\\/www.encontrasantana.com.br\\\/sobre\\\/author\\\/esantana\\\/#author\"},\"datePublished\":\"2008-10-16T17:11:37-03:00\",\"dateModified\":\"2019-04-15T10:06:34-03:00\"},{\"@type\":\"WebSite\",\"@id\":\"https:\\\/\\\/www.encontrasantana.com.br\\\/sobre\\\/#website\",\"url\":\"https:\\\/\\\/www.encontrasantana.com.br\\\/sobre\\\/\",\"name\":\"Encontra Santana\",\"description\":\"Not\\u00edcias, eventos, informa\\u00e7\\u00f5es e dicas no bairro de Santana e regi\\u00e3o.\",\"inLanguage\":\"pt-BR\",\"publisher\":{\"@id\":\"https:\\\/\\\/www.encontrasantana.com.br\\\/sobre\\\/#organization\"}}]}\n\t\t<\/script>\n\t\t<!-- All in One SEO -->\n\n","aioseo_head_json":{"title":"Pacientes da UTI do hospital S\u00e3o Camilo, em Santana, s\u00e3o transferidos ap\u00f3s princ\u00edpio de inc\u00eandio \u00bb Encontra Santana","description":"S\u00c3O PAULO - Pacientes que estavam na Unidade de Terapia Intensiva (UTI) do Hospital S\u00e3o Camilo, em Santana, na zona norte de S\u00e3o Paulo, foram transferidos na tarde desta quinta-feira para outra unidade que fica na Pomp\u00e9ia, na zona oeste. Um princ\u00edpio de inc\u00eandio foi registrado na manh\u00e3 desta quinta e os bombeiros foram chamados","canonical_url":"https:\/\/www.encontrasantana.com.br\/sobre\/pacientes-da-uti-do-hospital-sao-camilo-em-santana-sao-transferidos-apos-principio-de-incendio\/","robots":"max-image-preview:large","keywords":"","webmasterTools":{"miscellaneous":""},"schema":{"@context":"https:\/\/schema.org","@graph":[{"@type":"Article","@id":"https:\/\/www.encontrasantana.com.br\/sobre\/pacientes-da-uti-do-hospital-sao-camilo-em-santana-sao-transferidos-apos-principio-de-incendio\/#article","name":"Pacientes da UTI do hospital S\u00e3o Camilo, em Santana, s\u00e3o transferidos ap\u00f3s princ\u00edpio de inc\u00eandio \u00bb Encontra Santana","headline":"Pacientes da UTI do hospital S\u00e3o Camilo, em Santana, s\u00e3o transferidos ap\u00f3s princ\u00edpio de inc\u00eandio","author":{"@id":"https:\/\/www.encontrasantana.com.br\/sobre\/author\/esantana\/#author"},"publisher":{"@id":"https:\/\/www.encontrasantana.com.br\/sobre\/#organization"},"datePublished":"2008-10-16T17:11:37-03:00","dateModified":"2019-04-15T10:06:34-03:00","inLanguage":"pt-BR","mainEntityOfPage":{"@id":"https:\/\/www.encontrasantana.com.br\/sobre\/pacientes-da-uti-do-hospital-sao-camilo-em-santana-sao-transferidos-apos-principio-de-incendio\/#webpage"},"isPartOf":{"@id":"https:\/\/www.encontrasantana.com.br\/sobre\/pacientes-da-uti-do-hospital-sao-camilo-em-santana-sao-transferidos-apos-principio-de-incendio\/#webpage"},"articleSection":"Not\u00edcias Santana"},{"@type":"BreadcrumbList","@id":"https:\/\/www.encontrasantana.com.br\/sobre\/pacientes-da-uti-do-hospital-sao-camilo-em-santana-sao-transferidos-apos-principio-de-incendio\/#breadcrumblist","itemListElement":[{"@type":"ListItem","@id":"https:\/\/www.encontrasantana.com.br\/sobre#listItem","position":1,"name":"In\u00edcio","item":"https:\/\/www.encontrasantana.com.br\/sobre","nextItem":{"@type":"ListItem","@id":"https:\/\/www.encontrasantana.com.br\/sobre\/noticias-em-santana\/#listItem","name":"Not\u00edcias Santana"}},{"@type":"ListItem","@id":"https:\/\/www.encontrasantana.com.br\/sobre\/noticias-em-santana\/#listItem","position":2,"name":"Not\u00edcias Santana","item":"https:\/\/www.encontrasantana.com.br\/sobre\/noticias-em-santana\/","nextItem":{"@type":"ListItem","@id":"https:\/\/www.encontrasantana.com.br\/sobre\/pacientes-da-uti-do-hospital-sao-camilo-em-santana-sao-transferidos-apos-principio-de-incendio\/#listItem","name":"Pacientes da UTI do hospital S\u00e3o Camilo, em Santana, s\u00e3o transferidos ap\u00f3s princ\u00edpio de inc\u00eandio"},"previousItem":{"@type":"ListItem","@id":"https:\/\/www.encontrasantana.com.br\/sobre#listItem","name":"In\u00edcio"}},{"@type":"ListItem","@id":"https:\/\/www.encontrasantana.com.br\/sobre\/pacientes-da-uti-do-hospital-sao-camilo-em-santana-sao-transferidos-apos-principio-de-incendio\/#listItem","position":3,"name":"Pacientes da UTI do hospital S\u00e3o Camilo, em Santana, s\u00e3o transferidos ap\u00f3s princ\u00edpio de inc\u00eandio","previousItem":{"@type":"ListItem","@id":"https:\/\/www.encontrasantana.com.br\/sobre\/noticias-em-santana\/#listItem","name":"Not\u00edcias Santana"}}]},{"@type":"Organization","@id":"https:\/\/www.encontrasantana.com.br\/sobre\/#organization","name":"Encontra Santana","description":"Not\u00edcias, eventos, informa\u00e7\u00f5es e dicas no bairro de Santana e regi\u00e3o.","url":"https:\/\/www.encontrasantana.com.br\/sobre\/"},{"@type":"Person","@id":"https:\/\/www.encontrasantana.com.br\/sobre\/author\/esantana\/#author","url":"https:\/\/www.encontrasantana.com.br\/sobre\/author\/esantana\/","name":"Encontra Santana","image":{"@type":"ImageObject","@id":"https:\/\/www.encontrasantana.com.br\/sobre\/pacientes-da-uti-do-hospital-sao-camilo-em-santana-sao-transferidos-apos-principio-de-incendio\/#authorImage","url":"https:\/\/secure.gravatar.com\/avatar\/0fbed662e37531ae23e68f85f9517b2454e50c1dfebf80eb9b721449ac95e0b9?s=96&d=mm&r=g","width":96,"height":96,"caption":"Encontra Santana"}},{"@type":"WebPage","@id":"https:\/\/www.encontrasantana.com.br\/sobre\/pacientes-da-uti-do-hospital-sao-camilo-em-santana-sao-transferidos-apos-principio-de-incendio\/#webpage","url":"https:\/\/www.encontrasantana.com.br\/sobre\/pacientes-da-uti-do-hospital-sao-camilo-em-santana-sao-transferidos-apos-principio-de-incendio\/","name":"Pacientes da UTI do hospital S\u00e3o Camilo, em Santana, s\u00e3o transferidos ap\u00f3s princ\u00edpio de inc\u00eandio \u00bb Encontra Santana","description":"S\u00c3O PAULO - Pacientes que estavam na Unidade de Terapia Intensiva (UTI) do Hospital S\u00e3o Camilo, em Santana, na zona norte de S\u00e3o Paulo, foram transferidos na tarde desta quinta-feira para outra unidade que fica na Pomp\u00e9ia, na zona oeste. Um princ\u00edpio de inc\u00eandio foi registrado na manh\u00e3 desta quinta e os bombeiros foram chamados","inLanguage":"pt-BR","isPartOf":{"@id":"https:\/\/www.encontrasantana.com.br\/sobre\/#website"},"breadcrumb":{"@id":"https:\/\/www.encontrasantana.com.br\/sobre\/pacientes-da-uti-do-hospital-sao-camilo-em-santana-sao-transferidos-apos-principio-de-incendio\/#breadcrumblist"},"author":{"@id":"https:\/\/www.encontrasantana.com.br\/sobre\/author\/esantana\/#author"},"creator":{"@id":"https:\/\/www.encontrasantana.com.br\/sobre\/author\/esantana\/#author"},"datePublished":"2008-10-16T17:11:37-03:00","dateModified":"2019-04-15T10:06:34-03:00"},{"@type":"WebSite","@id":"https:\/\/www.encontrasantana.com.br\/sobre\/#website","url":"https:\/\/www.encontrasantana.com.br\/sobre\/","name":"Encontra Santana","description":"Not\u00edcias, eventos, informa\u00e7\u00f5es e dicas no bairro de Santana e regi\u00e3o.","inLanguage":"pt-BR","publisher":{"@id":"https:\/\/www.encontrasantana.com.br\/sobre\/#organization"}}]},"og:locale":"pt_BR","og:site_name":"Encontra Santana | Not\u00edcias, eventos, informa\u00e7\u00f5es e dicas no bairro de Santana e regi\u00e3o.","og:type":"article","og:title":"Pacientes da UTI do hospital S\u00e3o Camilo, em Santana, s\u00e3o transferidos ap\u00f3s princ\u00edpio de inc\u00eandio \u00bb Encontra Santana","og:description":"S\u00c3O PAULO - Pacientes que estavam na Unidade de Terapia Intensiva (UTI) do Hospital S\u00e3o Camilo, em Santana, na zona norte de S\u00e3o Paulo, foram transferidos na tarde desta quinta-feira para outra unidade que fica na Pomp\u00e9ia, na zona oeste. Um princ\u00edpio de inc\u00eandio foi registrado na manh\u00e3 desta quinta e os bombeiros foram chamados","og:url":"https:\/\/www.encontrasantana.com.br\/sobre\/pacientes-da-uti-do-hospital-sao-camilo-em-santana-sao-transferidos-apos-principio-de-incendio\/","article:published_time":"2008-10-16T20:11:37+00:00","article:modified_time":"2019-04-15T13:06:34+00:00","twitter:card":"summary","twitter:title":"Pacientes da UTI do hospital S\u00e3o Camilo, em Santana, s\u00e3o transferidos ap\u00f3s princ\u00edpio de inc\u00eandio \u00bb Encontra Santana","twitter:description":"S\u00c3O PAULO - Pacientes que estavam na Unidade de Terapia Intensiva (UTI) do Hospital S\u00e3o Camilo, em Santana, na zona norte de S\u00e3o Paulo, foram transferidos na tarde desta quinta-feira para outra unidade que fica na Pomp\u00e9ia, na zona oeste. Um princ\u00edpio de inc\u00eandio foi registrado na manh\u00e3 desta quinta e os bombeiros foram chamados"},"aioseo_meta_data":{"post_id":"8","title":null,"description":null,"keywords":null,"keyphrases":null,"primary_term":null,"canonical_url":null,"og_title":null,"og_description":null,"og_object_type":"default","og_image_type":"default","og_image_url":null,"og_image_width":null,"og_image_height":null,"og_image_custom_url":null,"og_image_custom_fields":null,"og_video":null,"og_custom_url":null,"og_article_section":null,"og_article_tags":null,"twitter_use_og":false,"twitter_card":"default","twitter_image_type":"default","twitter_image_url":null,"twitter_image_custom_url":null,"twitter_image_custom_fields":null,"twitter_title":null,"twitter_description":null,"schema":{"blockGraphs":[],"customGraphs":[],"default":{"data":{"Article":[],"Course":[],"Dataset":[],"FAQPage":[],"Movie":[],"Person":[],"Product":[],"ProductReview":[],"Car":[],"Recipe":[],"Service":[],"SoftwareApplication":[],"WebPage":[]},"graphName":"Article","isEnabled":true},"graphs":[]},"schema_type":null,"schema_type_options":null,"pillar_content":false,"robots_default":true,"robots_noindex":false,"robots_noarchive":false,"robots_nosnippet":false,"robots_nofollow":false,"robots_noimageindex":false,"robots_noodp":false,"robots_notranslate":false,"robots_max_snippet":null,"robots_max_videopreview":null,"robots_max_imagepreview":"large","priority":null,"frequency":null,"local_seo":null,"limit_modified_date":false,"created":"2021-04-20 18:27:30","updated":"2026-08-06 02:35:43","focus_keyword":null,"additional_keywords":null,"truseo_locale":null,"ai":null,"breadcrumb_settings":null,"seo_analyzer_scan_date":null},"aioseo_breadcrumb":"<div class=\"aioseo-breadcrumbs\"><span class=\"aioseo-breadcrumb\">\n\t\t\t<a href=\"https:\/\/www.encontrasantana.com.br\/sobre\" title=\"In\u00edcio\">In\u00edcio<\/a>\n\t\t<\/span><span class=\"aioseo-breadcrumb-separator\">&raquo;<\/span><span class=\"aioseo-breadcrumb\">\n\t\t\t<a href=\"https:\/\/www.encontrasantana.com.br\/sobre\/noticias-em-santana\/\" title=\"Not\u00edcias Santana\">Not\u00edcias Santana<\/a>\n\t\t<\/span><span class=\"aioseo-breadcrumb-separator\">&raquo;<\/span><span class=\"aioseo-breadcrumb\">\n\t\t\tPacientes da UTI do hospital S\u00e3o Camilo, em Santana, s\u00e3o transferidos ap\u00f3s princ\u00edpio de inc\u00eandio\n\t\t<\/span><\/div>","aioseo_breadcrumb_json":[{"label":"In\u00edcio","link":"https:\/\/www.encontrasantana.com.br\/sobre"},{"label":"Not\u00edcias Santana","link":"https:\/\/www.encontrasantana.com.br\/sobre\/noticias-em-santana\/"},{"label":"Pacientes da UTI do hospital S\u00e3o Camilo, em Santana, s\u00e3o transferidos ap\u00f3s princ\u00edpio de inc\u00eandio","link":"https:\/\/www.encontrasantana.com.br\/sobre\/pacientes-da-uti-do-hospital-sao-camilo-em-santana-sao-transferidos-apos-principio-de-incendio\/"}],"_links":{"self":[{"href":"https:\/\/www.encontrasantana.com.br\/sobre\/wp-json\/wp\/v2\/posts\/8","targetHints":{"allow":["GET"]}}],"collection":[{"href":"https:\/\/www.encontrasantana.com.br\/sobre\/wp-json\/wp\/v2\/posts"}],"about":[{"href":"https:\/\/www.encontrasantana.com.br\/sobre\/wp-json\/wp\/v2\/types\/post"}],"author":[{"embeddable":true,"href":"https:\/\/www.encontrasantana.com.br\/sobre\/wp-json\/wp\/v2\/users\/1"}],"replies":[{"embeddable":true,"href":"https:\/\/www.encontrasantana.com.br\/sobre\/wp-json\/wp\/v2\/comments?post=8"}],"version-history":[{"count":0,"href":"https:\/\/www.encontrasantana.com.br\/sobre\/wp-json\/wp\/v2\/posts\/8\/revisions"}],"wp:attachment":[{"href":"https:\/\/www.encontrasantana.com.br\/sobre\/wp-json\/wp\/v2\/media?parent=8"}],"wp:term":[{"taxonomy":"category","embeddable":true,"href":"https:\/\/www.encontrasantana.com.br\/sobre\/wp-json\/wp\/v2\/categories?post=8"},{"taxonomy":"post_tag","embeddable":true,"href":"https:\/\/www.encontrasantana.com.br\/sobre\/wp-json\/wp\/v2\/tags?post=8"}],"curies":[{"name":"wp","href":"https:\/\/api.w.org\/{rel}","templated":true}]}}