{"id":80,"date":"2009-03-18T14:21:52","date_gmt":"2009-03-18T17:21:52","guid":{"rendered":"http:\/\/www.encontrasantana.com.br\/blog\/?p=80"},"modified":"2019-04-15T10:06:32","modified_gmt":"2019-04-15T13:06:32","slug":"prefeitura-inaugura-escola-estufa-lucy-montoro-a-segunda-da-cidade-em-santana","status":"publish","type":"post","link":"https:\/\/www.encontrasantana.com.br\/sobre\/prefeitura-inaugura-escola-estufa-lucy-montoro-a-segunda-da-cidade-em-santana\/","title":{"rendered":"Prefeitura inaugura Escola Estufa Lucy Montoro, a segunda da Cidade em Santana"},"content":{"rendered":"<div class=\"1acf8468e559fd3cbeec5aee3a269a52\" data-index=\"1\" style=\"float: none; margin:0px;\">\n<!-- Anuncio display - global -->\r\n<ins class=\"adsbygoogle\"\r\n     style=\"display:block\"\r\n     data-ad-client=\"ca-pub-8585364105181520\"\r\n     data-ad-slot=\"8789329856\"\r\n     data-ad-format=\"auto\"\r\n     data-full-width-responsive=\"true\"><\/ins>\r\n<script>\r\n     (adsbygoogle = window.adsbygoogle || []).push({});\r\n<\/script>\n<\/div>\n<p>Foi inaugurada na manh\u00e3 de sexta-feira, dia 13, a Escola Estufa Lucy Montoro, na Casa Verde em Santana, Zona Norte. Esta \u00e9 a segunda escola do projeto M\u00e3os \u00e0 Horta, desenvolvido pela Secretaria de Participa\u00e7\u00e3o e Parceria, iniciado em 2008 com a unidade de Parelheiros, Zona Sul. A meta da secretaria \u00e9 levar uma escola estufa a cada uma das 31 subprefeituras. O projeto ensina t\u00e9cnicas de cultivo de hortali\u00e7as e plantas arom\u00e1ticas, compostagem, receitas \u00fateis e reeduca\u00e7\u00e3o alimentar, com aulas pr\u00e1ticas e te\u00f3ricas. O programa tamb\u00e9m enfatiza a comercializa\u00e7\u00e3o dos produtos e possibilita a capacita\u00e7\u00e3o de agentes multiplicadores. &#8220;\u00c9 um projeto de fundamental import\u00e2ncia neste momento de crise, na medida em que forma m\u00e3o-de-obra. D\u00e1<br \/>\noportunidade \u00e0queles que n\u00e3o t\u00eam emprego de se especializarem no plantio de hortali\u00e7as. A id\u00e9ia \u00e9 expandir esse projeto com bastante velocidade e continuar nesse modelo de parceria&#8221;, afirmou o prefeito, que durante a inaugura\u00e7\u00e3o, plantou uma pequena muda na nova estufa.<\/p>\n<p>Na Casa Verde s\u00e3o oferecidas 120 vagas e j\u00e1 existem mais de 100 inscritos. O curso, te\u00f3rico e pr\u00e1tico, ser\u00e1 ministrado por oficineiros integrantes do projeto Of\u00edcio Social, contratados pela secretaria. S\u00e3o duas aulas por semana, com duas horas de dura\u00e7\u00e3o cada uma, durante dois meses. As inscri\u00e7\u00f5es podem ser feitas na sede da Subprefeitura Casa Verde, at\u00e9 o fim do m\u00eas. Mais informa\u00e7\u00f5es podem ser obtidas no telefone 3113-9733. A subprefeitura disponibiliza o espa\u00e7o f\u00edsico com infra-estrutura para o funcionamento da estufa, constru\u00edda pela secretaria, necess\u00e1ria ao desenvolvimento do projeto. O programa retoma a id\u00e9ia das Hortas Comunit\u00e1rias, levadas a termo pelo governador Franco Montoro. Os alunos passar\u00e3o a atuar como agentes multiplicadores, valorizando o esp\u00edrito comunit\u00e1rio e de solidariedade, ao incentivar a implanta\u00e7\u00e3o de outras hortas comunit\u00e1rias.<br \/>\n&#8220;\u00c9 um projeto que pode gerar renda e emprego, al\u00e9m de ser l\u00fadico. N\u00f3s vamos procurar convidar todas as escolas da regi\u00e3o para virem visitar e, se poss\u00edvel, transferir o que eles aprenderem aqui para as suas escolas. \u00c9 um projeto de parceria que, fundamentalmente, n\u00e3o tem custo or\u00e7ament\u00e1rio&#8221;, explica o secret\u00e1rio de Participa\u00e7\u00e3o e Parceria, que participou da cerim\u00f4nia de inaugura\u00e7\u00e3o. O secret\u00e1rio e o prefeito entregaram na ocasi\u00e3o os certificados de participa\u00e7\u00e3o do curso piloto, realizado na nova unidade, aos alunos Ot\u00e1vio Aparecido de Castilho e Ruth Lino Pinto de Aquino.<\/p>\n<p>O curso \u00e9 totalmente gratuito e os alunos recebem material did\u00e1tico. A primeira escola estufa foi inaugurada em Parelheiros no dia 5 de novembro do ano passado.<\/p>\n<p><em>Fonte: SECOM &#8211; Secretaria Executiva de Comunica\u00e7\u00e3o<\/em><!--  --><\/p>\n\n<div style=\"font-size: 0px; height: 0px; line-height: 0px; margin: 0; padding: 0; clear: both;\"><\/div>","protected":false},"excerpt":{"rendered":"<p>Foi inaugurada na manh\u00e3 de sexta-feira, dia 13, a Escola Estufa Lucy Montoro, na Casa Verde em Santana, Zona Norte. Esta \u00e9 a segunda escola do projeto M\u00e3os \u00e0 Horta, desenvolvido pela Secretaria de Participa\u00e7\u00e3o e Parceria, iniciado em 2008 com a unidade de Parelheiros, Zona Sul. A meta da secretaria \u00e9 levar uma escola estufa a cada uma das 31 subprefeituras. O projeto ensina t\u00e9cnicas de cultivo de hortali\u00e7as e plantas arom\u00e1ticas, compostagem, receitas \u00fateis e reeduca\u00e7\u00e3o alimentar, com aulas pr\u00e1ticas e te\u00f3ricas. O programa tamb\u00e9m enfatiza a comercializa\u00e7\u00e3o dos produtos e possibilita a capacita\u00e7\u00e3o de agentes multiplicadores. &#8220;\u00c9 <\/p>\n","protected":false},"author":1,"featured_media":0,"comment_status":"open","ping_status":"closed","sticky":false,"template":"","format":"standard","meta":{"footnotes":""},"categories":[3],"tags":[],"class_list":["post-80","post","type-post","status-publish","format-standard","hentry","category-noticias-em-santana"],"aioseo_notices":[],"aioseo_head":"\n\t\t<!-- All in One SEO 5.0.0.1 - aioseo.com -->\n\t<meta name=\"description\" content=\"Foi inaugurada na manh\u00e3 de sexta-feira, dia 13, a Escola Estufa Lucy Montoro, na Casa Verde em Santana, Zona Norte. Esta \u00e9 a segunda escola do projeto M\u00e3os \u00e0 Horta, desenvolvido pela Secretaria de Participa\u00e7\u00e3o e Parceria, iniciado em 2008 com a unidade de Parelheiros, Zona Sul. A meta da secretaria \u00e9 levar uma escola\" \/>\n\t<meta name=\"robots\" content=\"max-image-preview:large\" \/>\n\t<meta name=\"author\" content=\"Encontra Santana\"\/>\n\t<link rel=\"canonical\" href=\"https:\/\/www.encontrasantana.com.br\/sobre\/prefeitura-inaugura-escola-estufa-lucy-montoro-a-segunda-da-cidade-em-santana\/\" \/>\n\t<meta name=\"generator\" content=\"All in One SEO (AIOSEO) 5.0.0.1\" \/>\n\t\t<meta property=\"og:locale\" content=\"pt_BR\" \/>\n\t\t<meta property=\"og:site_name\" content=\"Encontra Santana | Not\u00edcias, eventos, informa\u00e7\u00f5es e dicas no bairro de Santana e regi\u00e3o.\" \/>\n\t\t<meta property=\"og:type\" content=\"article\" \/>\n\t\t<meta property=\"og:title\" content=\"Prefeitura inaugura Escola Estufa Lucy Montoro, a segunda da Cidade em Santana \u00bb Encontra Santana\" \/>\n\t\t<meta property=\"og:description\" content=\"Foi inaugurada na manh\u00e3 de sexta-feira, dia 13, a Escola Estufa Lucy Montoro, na Casa Verde em Santana, Zona Norte. Esta \u00e9 a segunda escola do projeto M\u00e3os \u00e0 Horta, desenvolvido pela Secretaria de Participa\u00e7\u00e3o e Parceria, iniciado em 2008 com a unidade de Parelheiros, Zona Sul. A meta da secretaria \u00e9 levar uma escola\" \/>\n\t\t<meta property=\"og:url\" content=\"https:\/\/www.encontrasantana.com.br\/sobre\/prefeitura-inaugura-escola-estufa-lucy-montoro-a-segunda-da-cidade-em-santana\/\" \/>\n\t\t<meta property=\"article:published_time\" content=\"2009-03-18T17:21:52+00:00\" \/>\n\t\t<meta property=\"article:modified_time\" content=\"2019-04-15T13:06:32+00:00\" \/>\n\t\t<meta name=\"twitter:card\" content=\"summary\" \/>\n\t\t<meta name=\"twitter:title\" content=\"Prefeitura inaugura Escola Estufa Lucy Montoro, a segunda da Cidade em Santana \u00bb Encontra Santana\" \/>\n\t\t<meta name=\"twitter:description\" content=\"Foi inaugurada na manh\u00e3 de sexta-feira, dia 13, a Escola Estufa Lucy Montoro, na Casa Verde em Santana, Zona Norte. Esta \u00e9 a segunda escola do projeto M\u00e3os \u00e0 Horta, desenvolvido pela Secretaria de Participa\u00e7\u00e3o e Parceria, iniciado em 2008 com a unidade de Parelheiros, Zona Sul. A meta da secretaria \u00e9 levar uma escola\" \/>\n\t\t<script type=\"application\/ld+json\" class=\"aioseo-schema\">\n\t\t\t{\"@context\":\"https:\\\/\\\/schema.org\",\"@graph\":[{\"@type\":\"Article\",\"@id\":\"https:\\\/\\\/www.encontrasantana.com.br\\\/sobre\\\/prefeitura-inaugura-escola-estufa-lucy-montoro-a-segunda-da-cidade-em-santana\\\/#article\",\"name\":\"Prefeitura inaugura Escola Estufa Lucy Montoro, a segunda da Cidade em Santana \\u00bb Encontra Santana\",\"headline\":\"Prefeitura inaugura Escola Estufa Lucy Montoro, a segunda da Cidade em Santana\",\"author\":{\"@id\":\"https:\\\/\\\/www.encontrasantana.com.br\\\/sobre\\\/author\\\/esantana\\\/#author\"},\"publisher\":{\"@id\":\"https:\\\/\\\/www.encontrasantana.com.br\\\/sobre\\\/#organization\"},\"datePublished\":\"2009-03-18T14:21:52-03:00\",\"dateModified\":\"2019-04-15T10:06:32-03:00\",\"inLanguage\":\"pt-BR\",\"mainEntityOfPage\":{\"@id\":\"https:\\\/\\\/www.encontrasantana.com.br\\\/sobre\\\/prefeitura-inaugura-escola-estufa-lucy-montoro-a-segunda-da-cidade-em-santana\\\/#webpage\"},\"isPartOf\":{\"@id\":\"https:\\\/\\\/www.encontrasantana.com.br\\\/sobre\\\/prefeitura-inaugura-escola-estufa-lucy-montoro-a-segunda-da-cidade-em-santana\\\/#webpage\"},\"articleSection\":\"Not\\u00edcias Santana\"},{\"@type\":\"BreadcrumbList\",\"@id\":\"https:\\\/\\\/www.encontrasantana.com.br\\\/sobre\\\/prefeitura-inaugura-escola-estufa-lucy-montoro-a-segunda-da-cidade-em-santana\\\/#breadcrumblist\",\"itemListElement\":[{\"@type\":\"ListItem\",\"@id\":\"https:\\\/\\\/www.encontrasantana.com.br\\\/sobre#listItem\",\"position\":1,\"name\":\"In\\u00edcio\",\"item\":\"https:\\\/\\\/www.encontrasantana.com.br\\\/sobre\",\"nextItem\":{\"@type\":\"ListItem\",\"@id\":\"https:\\\/\\\/www.encontrasantana.com.br\\\/sobre\\\/noticias-em-santana\\\/#listItem\",\"name\":\"Not\\u00edcias Santana\"}},{\"@type\":\"ListItem\",\"@id\":\"https:\\\/\\\/www.encontrasantana.com.br\\\/sobre\\\/noticias-em-santana\\\/#listItem\",\"position\":2,\"name\":\"Not\\u00edcias Santana\",\"item\":\"https:\\\/\\\/www.encontrasantana.com.br\\\/sobre\\\/noticias-em-santana\\\/\",\"nextItem\":{\"@type\":\"ListItem\",\"@id\":\"https:\\\/\\\/www.encontrasantana.com.br\\\/sobre\\\/prefeitura-inaugura-escola-estufa-lucy-montoro-a-segunda-da-cidade-em-santana\\\/#listItem\",\"name\":\"Prefeitura inaugura Escola Estufa Lucy Montoro, a segunda da Cidade em Santana\"},\"previousItem\":{\"@type\":\"ListItem\",\"@id\":\"https:\\\/\\\/www.encontrasantana.com.br\\\/sobre#listItem\",\"name\":\"In\\u00edcio\"}},{\"@type\":\"ListItem\",\"@id\":\"https:\\\/\\\/www.encontrasantana.com.br\\\/sobre\\\/prefeitura-inaugura-escola-estufa-lucy-montoro-a-segunda-da-cidade-em-santana\\\/#listItem\",\"position\":3,\"name\":\"Prefeitura inaugura Escola Estufa Lucy Montoro, a segunda da Cidade em Santana\",\"previousItem\":{\"@type\":\"ListItem\",\"@id\":\"https:\\\/\\\/www.encontrasantana.com.br\\\/sobre\\\/noticias-em-santana\\\/#listItem\",\"name\":\"Not\\u00edcias Santana\"}}]},{\"@type\":\"Organization\",\"@id\":\"https:\\\/\\\/www.encontrasantana.com.br\\\/sobre\\\/#organization\",\"name\":\"Encontra Santana\",\"description\":\"Not\\u00edcias, eventos, informa\\u00e7\\u00f5es e dicas no bairro de Santana e regi\\u00e3o.\",\"url\":\"https:\\\/\\\/www.encontrasantana.com.br\\\/sobre\\\/\"},{\"@type\":\"Person\",\"@id\":\"https:\\\/\\\/www.encontrasantana.com.br\\\/sobre\\\/author\\\/esantana\\\/#author\",\"url\":\"https:\\\/\\\/www.encontrasantana.com.br\\\/sobre\\\/author\\\/esantana\\\/\",\"name\":\"Encontra Santana\",\"image\":{\"@type\":\"ImageObject\",\"@id\":\"https:\\\/\\\/www.encontrasantana.com.br\\\/sobre\\\/prefeitura-inaugura-escola-estufa-lucy-montoro-a-segunda-da-cidade-em-santana\\\/#authorImage\",\"url\":\"https:\\\/\\\/secure.gravatar.com\\\/avatar\\\/0fbed662e37531ae23e68f85f9517b2454e50c1dfebf80eb9b721449ac95e0b9?s=96&d=mm&r=g\",\"width\":96,\"height\":96,\"caption\":\"Encontra Santana\"}},{\"@type\":\"WebPage\",\"@id\":\"https:\\\/\\\/www.encontrasantana.com.br\\\/sobre\\\/prefeitura-inaugura-escola-estufa-lucy-montoro-a-segunda-da-cidade-em-santana\\\/#webpage\",\"url\":\"https:\\\/\\\/www.encontrasantana.com.br\\\/sobre\\\/prefeitura-inaugura-escola-estufa-lucy-montoro-a-segunda-da-cidade-em-santana\\\/\",\"name\":\"Prefeitura inaugura Escola Estufa Lucy Montoro, a segunda da Cidade em Santana \\u00bb Encontra Santana\",\"description\":\"Foi inaugurada na manh\\u00e3 de sexta-feira, dia 13, a Escola Estufa Lucy Montoro, na Casa Verde em Santana, Zona Norte. Esta \\u00e9 a segunda escola do projeto M\\u00e3os \\u00e0 Horta, desenvolvido pela Secretaria de Participa\\u00e7\\u00e3o e Parceria, iniciado em 2008 com a unidade de Parelheiros, Zona Sul. A meta da secretaria \\u00e9 levar uma escola\",\"inLanguage\":\"pt-BR\",\"isPartOf\":{\"@id\":\"https:\\\/\\\/www.encontrasantana.com.br\\\/sobre\\\/#website\"},\"breadcrumb\":{\"@id\":\"https:\\\/\\\/www.encontrasantana.com.br\\\/sobre\\\/prefeitura-inaugura-escola-estufa-lucy-montoro-a-segunda-da-cidade-em-santana\\\/#breadcrumblist\"},\"author\":{\"@id\":\"https:\\\/\\\/www.encontrasantana.com.br\\\/sobre\\\/author\\\/esantana\\\/#author\"},\"creator\":{\"@id\":\"https:\\\/\\\/www.encontrasantana.com.br\\\/sobre\\\/author\\\/esantana\\\/#author\"},\"datePublished\":\"2009-03-18T14:21:52-03:00\",\"dateModified\":\"2019-04-15T10:06:32-03:00\"},{\"@type\":\"WebSite\",\"@id\":\"https:\\\/\\\/www.encontrasantana.com.br\\\/sobre\\\/#website\",\"url\":\"https:\\\/\\\/www.encontrasantana.com.br\\\/sobre\\\/\",\"name\":\"Encontra Santana\",\"description\":\"Not\\u00edcias, eventos, informa\\u00e7\\u00f5es e dicas no bairro de Santana e regi\\u00e3o.\",\"inLanguage\":\"pt-BR\",\"publisher\":{\"@id\":\"https:\\\/\\\/www.encontrasantana.com.br\\\/sobre\\\/#organization\"}}]}\n\t\t<\/script>\n\t\t<!-- All in One SEO -->\n\n","aioseo_head_json":{"title":"Prefeitura inaugura Escola Estufa Lucy Montoro, a segunda da Cidade em Santana \u00bb Encontra Santana","description":"Foi inaugurada na manh\u00e3 de sexta-feira, dia 13, a Escola Estufa Lucy Montoro, na Casa Verde em Santana, Zona Norte. Esta \u00e9 a segunda escola do projeto M\u00e3os \u00e0 Horta, desenvolvido pela Secretaria de Participa\u00e7\u00e3o e Parceria, iniciado em 2008 com a unidade de Parelheiros, Zona Sul. A meta da secretaria \u00e9 levar uma escola","canonical_url":"https:\/\/www.encontrasantana.com.br\/sobre\/prefeitura-inaugura-escola-estufa-lucy-montoro-a-segunda-da-cidade-em-santana\/","robots":"max-image-preview:large","keywords":"","webmasterTools":{"miscellaneous":""},"schema":{"@context":"https:\/\/schema.org","@graph":[{"@type":"Article","@id":"https:\/\/www.encontrasantana.com.br\/sobre\/prefeitura-inaugura-escola-estufa-lucy-montoro-a-segunda-da-cidade-em-santana\/#article","name":"Prefeitura inaugura Escola Estufa Lucy Montoro, a segunda da Cidade em Santana \u00bb Encontra Santana","headline":"Prefeitura inaugura Escola Estufa Lucy Montoro, a segunda da Cidade em Santana","author":{"@id":"https:\/\/www.encontrasantana.com.br\/sobre\/author\/esantana\/#author"},"publisher":{"@id":"https:\/\/www.encontrasantana.com.br\/sobre\/#organization"},"datePublished":"2009-03-18T14:21:52-03:00","dateModified":"2019-04-15T10:06:32-03:00","inLanguage":"pt-BR","mainEntityOfPage":{"@id":"https:\/\/www.encontrasantana.com.br\/sobre\/prefeitura-inaugura-escola-estufa-lucy-montoro-a-segunda-da-cidade-em-santana\/#webpage"},"isPartOf":{"@id":"https:\/\/www.encontrasantana.com.br\/sobre\/prefeitura-inaugura-escola-estufa-lucy-montoro-a-segunda-da-cidade-em-santana\/#webpage"},"articleSection":"Not\u00edcias Santana"},{"@type":"BreadcrumbList","@id":"https:\/\/www.encontrasantana.com.br\/sobre\/prefeitura-inaugura-escola-estufa-lucy-montoro-a-segunda-da-cidade-em-santana\/#breadcrumblist","itemListElement":[{"@type":"ListItem","@id":"https:\/\/www.encontrasantana.com.br\/sobre#listItem","position":1,"name":"In\u00edcio","item":"https:\/\/www.encontrasantana.com.br\/sobre","nextItem":{"@type":"ListItem","@id":"https:\/\/www.encontrasantana.com.br\/sobre\/noticias-em-santana\/#listItem","name":"Not\u00edcias Santana"}},{"@type":"ListItem","@id":"https:\/\/www.encontrasantana.com.br\/sobre\/noticias-em-santana\/#listItem","position":2,"name":"Not\u00edcias Santana","item":"https:\/\/www.encontrasantana.com.br\/sobre\/noticias-em-santana\/","nextItem":{"@type":"ListItem","@id":"https:\/\/www.encontrasantana.com.br\/sobre\/prefeitura-inaugura-escola-estufa-lucy-montoro-a-segunda-da-cidade-em-santana\/#listItem","name":"Prefeitura inaugura Escola Estufa Lucy Montoro, a segunda da Cidade em Santana"},"previousItem":{"@type":"ListItem","@id":"https:\/\/www.encontrasantana.com.br\/sobre#listItem","name":"In\u00edcio"}},{"@type":"ListItem","@id":"https:\/\/www.encontrasantana.com.br\/sobre\/prefeitura-inaugura-escola-estufa-lucy-montoro-a-segunda-da-cidade-em-santana\/#listItem","position":3,"name":"Prefeitura inaugura Escola Estufa Lucy Montoro, a segunda da Cidade em Santana","previousItem":{"@type":"ListItem","@id":"https:\/\/www.encontrasantana.com.br\/sobre\/noticias-em-santana\/#listItem","name":"Not\u00edcias Santana"}}]},{"@type":"Organization","@id":"https:\/\/www.encontrasantana.com.br\/sobre\/#organization","name":"Encontra Santana","description":"Not\u00edcias, eventos, informa\u00e7\u00f5es e dicas no bairro de Santana e regi\u00e3o.","url":"https:\/\/www.encontrasantana.com.br\/sobre\/"},{"@type":"Person","@id":"https:\/\/www.encontrasantana.com.br\/sobre\/author\/esantana\/#author","url":"https:\/\/www.encontrasantana.com.br\/sobre\/author\/esantana\/","name":"Encontra Santana","image":{"@type":"ImageObject","@id":"https:\/\/www.encontrasantana.com.br\/sobre\/prefeitura-inaugura-escola-estufa-lucy-montoro-a-segunda-da-cidade-em-santana\/#authorImage","url":"https:\/\/secure.gravatar.com\/avatar\/0fbed662e37531ae23e68f85f9517b2454e50c1dfebf80eb9b721449ac95e0b9?s=96&d=mm&r=g","width":96,"height":96,"caption":"Encontra Santana"}},{"@type":"WebPage","@id":"https:\/\/www.encontrasantana.com.br\/sobre\/prefeitura-inaugura-escola-estufa-lucy-montoro-a-segunda-da-cidade-em-santana\/#webpage","url":"https:\/\/www.encontrasantana.com.br\/sobre\/prefeitura-inaugura-escola-estufa-lucy-montoro-a-segunda-da-cidade-em-santana\/","name":"Prefeitura inaugura Escola Estufa Lucy Montoro, a segunda da Cidade em Santana \u00bb Encontra Santana","description":"Foi inaugurada na manh\u00e3 de sexta-feira, dia 13, a Escola Estufa Lucy Montoro, na Casa Verde em Santana, Zona Norte. Esta \u00e9 a segunda escola do projeto M\u00e3os \u00e0 Horta, desenvolvido pela Secretaria de Participa\u00e7\u00e3o e Parceria, iniciado em 2008 com a unidade de Parelheiros, Zona Sul. A meta da secretaria \u00e9 levar uma escola","inLanguage":"pt-BR","isPartOf":{"@id":"https:\/\/www.encontrasantana.com.br\/sobre\/#website"},"breadcrumb":{"@id":"https:\/\/www.encontrasantana.com.br\/sobre\/prefeitura-inaugura-escola-estufa-lucy-montoro-a-segunda-da-cidade-em-santana\/#breadcrumblist"},"author":{"@id":"https:\/\/www.encontrasantana.com.br\/sobre\/author\/esantana\/#author"},"creator":{"@id":"https:\/\/www.encontrasantana.com.br\/sobre\/author\/esantana\/#author"},"datePublished":"2009-03-18T14:21:52-03:00","dateModified":"2019-04-15T10:06:32-03:00"},{"@type":"WebSite","@id":"https:\/\/www.encontrasantana.com.br\/sobre\/#website","url":"https:\/\/www.encontrasantana.com.br\/sobre\/","name":"Encontra Santana","description":"Not\u00edcias, eventos, informa\u00e7\u00f5es e dicas no bairro de Santana e regi\u00e3o.","inLanguage":"pt-BR","publisher":{"@id":"https:\/\/www.encontrasantana.com.br\/sobre\/#organization"}}]},"og:locale":"pt_BR","og:site_name":"Encontra Santana | Not\u00edcias, eventos, informa\u00e7\u00f5es e dicas no bairro de Santana e regi\u00e3o.","og:type":"article","og:title":"Prefeitura inaugura Escola Estufa Lucy Montoro, a segunda da Cidade em Santana \u00bb Encontra Santana","og:description":"Foi inaugurada na manh\u00e3 de sexta-feira, dia 13, a Escola Estufa Lucy Montoro, na Casa Verde em Santana, Zona Norte. Esta \u00e9 a segunda escola do projeto M\u00e3os \u00e0 Horta, desenvolvido pela Secretaria de Participa\u00e7\u00e3o e Parceria, iniciado em 2008 com a unidade de Parelheiros, Zona Sul. A meta da secretaria \u00e9 levar uma escola","og:url":"https:\/\/www.encontrasantana.com.br\/sobre\/prefeitura-inaugura-escola-estufa-lucy-montoro-a-segunda-da-cidade-em-santana\/","article:published_time":"2009-03-18T17:21:52+00:00","article:modified_time":"2019-04-15T13:06:32+00:00","twitter:card":"summary","twitter:title":"Prefeitura inaugura Escola Estufa Lucy Montoro, a segunda da Cidade em Santana \u00bb Encontra Santana","twitter:description":"Foi inaugurada na manh\u00e3 de sexta-feira, dia 13, a Escola Estufa Lucy Montoro, na Casa Verde em Santana, Zona Norte. Esta \u00e9 a segunda escola do projeto M\u00e3os \u00e0 Horta, desenvolvido pela Secretaria de Participa\u00e7\u00e3o e Parceria, iniciado em 2008 com a unidade de Parelheiros, Zona Sul. A meta da secretaria \u00e9 levar uma escola"},"aioseo_meta_data":{"post_id":"80","title":null,"description":null,"keywords":null,"keyphrases":null,"primary_term":null,"canonical_url":null,"og_title":null,"og_description":null,"og_object_type":"default","og_image_type":"default","og_image_url":null,"og_image_width":null,"og_image_height":null,"og_image_custom_url":null,"og_image_custom_fields":null,"og_video":null,"og_custom_url":null,"og_article_section":null,"og_article_tags":null,"twitter_use_og":false,"twitter_card":"default","twitter_image_type":"default","twitter_image_url":null,"twitter_image_custom_url":null,"twitter_image_custom_fields":null,"twitter_title":null,"twitter_description":null,"schema":{"blockGraphs":[],"customGraphs":[],"default":{"data":{"Article":[],"Course":[],"Dataset":[],"FAQPage":[],"Movie":[],"Person":[],"Product":[],"ProductReview":[],"Car":[],"Recipe":[],"Service":[],"SoftwareApplication":[],"WebPage":[]},"graphName":"Article","isEnabled":true},"graphs":[]},"schema_type":null,"schema_type_options":null,"pillar_content":false,"robots_default":true,"robots_noindex":false,"robots_noarchive":false,"robots_nosnippet":false,"robots_nofollow":false,"robots_noimageindex":false,"robots_noodp":false,"robots_notranslate":false,"robots_max_snippet":null,"robots_max_videopreview":null,"robots_max_imagepreview":"large","priority":null,"frequency":null,"local_seo":null,"limit_modified_date":false,"created":"2021-04-20 18:36:01","updated":"2026-08-06 02:58:30","focus_keyword":null,"additional_keywords":null,"truseo_locale":null,"ai":null,"breadcrumb_settings":null,"seo_analyzer_scan_date":null},"aioseo_breadcrumb":"<div class=\"aioseo-breadcrumbs\"><span class=\"aioseo-breadcrumb\">\n\t\t\t<a href=\"https:\/\/www.encontrasantana.com.br\/sobre\" title=\"In\u00edcio\">In\u00edcio<\/a>\n\t\t<\/span><span class=\"aioseo-breadcrumb-separator\">&raquo;<\/span><span class=\"aioseo-breadcrumb\">\n\t\t\t<a href=\"https:\/\/www.encontrasantana.com.br\/sobre\/noticias-em-santana\/\" title=\"Not\u00edcias Santana\">Not\u00edcias Santana<\/a>\n\t\t<\/span><span class=\"aioseo-breadcrumb-separator\">&raquo;<\/span><span class=\"aioseo-breadcrumb\">\n\t\t\tPrefeitura inaugura Escola Estufa Lucy Montoro, a segunda da Cidade em Santana\n\t\t<\/span><\/div>","aioseo_breadcrumb_json":[{"label":"In\u00edcio","link":"https:\/\/www.encontrasantana.com.br\/sobre"},{"label":"Not\u00edcias Santana","link":"https:\/\/www.encontrasantana.com.br\/sobre\/noticias-em-santana\/"},{"label":"Prefeitura inaugura Escola Estufa Lucy Montoro, a segunda da Cidade em Santana","link":"https:\/\/www.encontrasantana.com.br\/sobre\/prefeitura-inaugura-escola-estufa-lucy-montoro-a-segunda-da-cidade-em-santana\/"}],"_links":{"self":[{"href":"https:\/\/www.encontrasantana.com.br\/sobre\/wp-json\/wp\/v2\/posts\/80","targetHints":{"allow":["GET"]}}],"collection":[{"href":"https:\/\/www.encontrasantana.com.br\/sobre\/wp-json\/wp\/v2\/posts"}],"about":[{"href":"https:\/\/www.encontrasantana.com.br\/sobre\/wp-json\/wp\/v2\/types\/post"}],"author":[{"embeddable":true,"href":"https:\/\/www.encontrasantana.com.br\/sobre\/wp-json\/wp\/v2\/users\/1"}],"replies":[{"embeddable":true,"href":"https:\/\/www.encontrasantana.com.br\/sobre\/wp-json\/wp\/v2\/comments?post=80"}],"version-history":[{"count":0,"href":"https:\/\/www.encontrasantana.com.br\/sobre\/wp-json\/wp\/v2\/posts\/80\/revisions"}],"wp:attachment":[{"href":"https:\/\/www.encontrasantana.com.br\/sobre\/wp-json\/wp\/v2\/media?parent=80"}],"wp:term":[{"taxonomy":"category","embeddable":true,"href":"https:\/\/www.encontrasantana.com.br\/sobre\/wp-json\/wp\/v2\/categories?post=80"},{"taxonomy":"post_tag","embeddable":true,"href":"https:\/\/www.encontrasantana.com.br\/sobre\/wp-json\/wp\/v2\/tags?post=80"}],"curies":[{"name":"wp","href":"https:\/\/api.w.org\/{rel}","templated":true}]}}