{"id":802,"date":"2011-02-23T18:19:50","date_gmt":"2011-02-23T21:19:50","guid":{"rendered":"http:\/\/www.encontrasantana.com.br\/blog\/?p=802"},"modified":"2019-04-15T10:04:52","modified_gmt":"2019-04-15T13:04:52","slug":"joao-donato-ganha-homenagem-musical-no-sesc-santana","status":"publish","type":"post","link":"https:\/\/www.encontrasantana.com.br\/sobre\/joao-donato-ganha-homenagem-musical-no-sesc-santana\/","title":{"rendered":"Jo\u00e3o Donato ganha homenagem musical no Sesc Santana"},"content":{"rendered":"<div class=\"1acf8468e559fd3cbeec5aee3a269a52\" data-index=\"1\" style=\"float: none; margin:0px;\">\n<!-- Anuncio display - global -->\r\n<ins class=\"adsbygoogle\"\r\n     style=\"display:block\"\r\n     data-ad-client=\"ca-pub-8585364105181520\"\r\n     data-ad-slot=\"8789329856\"\r\n     data-ad-format=\"auto\"\r\n     data-full-width-responsive=\"true\"><\/ins>\r\n<script>\r\n     (adsbygoogle = window.adsbygoogle || []).push({});\r\n<\/script>\n<\/div>\n<p>Um dos precursores da Bossa Nova, Jo\u00e3o Donato ter\u00e1 sua obra interpretada por um trio de vozes femininas neste quarta (23) e quinta-feira (24), no <a href=\"http:\/\/www.encontrasantana.com.br\/santana\/sesc-santana.shtml\" target=\"_blank\">Sesc Santana<\/a>, em S\u00e3o Paulo. Ala\u00edde Costa, Leny Andrade e Claudette Soares sobem ao palco \u00e0s 21h, com participa\u00e7l\u00e3o especial do homenageado.<\/p>\n<p>Entre as can\u00e7\u00f5es escolhidas, est\u00e3o\u00a0<em>Lugar Comum<\/em>,\u00a0<em>Cad\u00ea Voc\u00ea<\/em>,<em>Emori\u00f4 <\/em>e\u00a0<em>Nua Ideia<\/em>, entre outras parcerias com artistas como Chico Buarque, Caetano Veloso e Gilberto Gil.<\/p>\n<p>A obra do m\u00fasico, que ganhou o Grammy de Melhor \u00c1lbum de Jazz Latino com\u00a0<em>Sambolero<\/em> em 2010, ser\u00e1 acompanhada por Jo\u00e3o Carlos Coutinho (piano), Zeca Assump\u00e7\u00e3o (baixo) e Celso de Almeida (bateria).<\/p>\n<p>A apresenta\u00e7\u00e3o acontece no teatro da unidade e tem ingressos entre R$ 5 e R$ 20.<\/p>\n<p><strong>Ala\u00edde Costa, Leny Andrade e Claudette Soare interpretam obra de J\u00e3o Donato<\/strong><\/p>\n<p><strong>Quando<\/strong>: quarta (23) e quinta (24), \u00e0s 21h<br \/>\n<strong>Onde<\/strong>: Sesc Santana &#8211; av. Luiz Dumont Villares, 579, Santana. S\u00e3o Paulo (SP)<br \/>\n<strong>Quanto<\/strong>: R$ 5 a R$ 20<br \/>\n<strong>Informa\u00e7\u00f5es<\/strong>: (0xx11) 2971-8700 ou\u00a0sescsp.org.br\/santana<\/p>\n<p><em>Fonte: R7<\/em><\/p>\n\n<div style=\"font-size: 0px; height: 0px; line-height: 0px; margin: 0; padding: 0; clear: both;\"><\/div>","protected":false},"excerpt":{"rendered":"<p>Um dos precursores da Bossa Nova, Jo\u00e3o Donato ter\u00e1 sua obra interpretada por um trio de vozes femininas neste quarta (23) e quinta-feira (24), no Sesc Santana, em S\u00e3o Paulo. Ala\u00edde Costa, Leny Andrade e Claudette Soares sobem ao palco \u00e0s 21h, com participa\u00e7l\u00e3o especial do homenageado. Entre as can\u00e7\u00f5es escolhidas, est\u00e3o\u00a0Lugar Comum,\u00a0Cad\u00ea Voc\u00ea,Emori\u00f4 e\u00a0Nua Ideia, entre outras parcerias com artistas como Chico Buarque, Caetano Veloso e Gilberto Gil. A obra do m\u00fasico, que ganhou o Grammy de Melhor \u00c1lbum de Jazz Latino com\u00a0Sambolero em 2010, ser\u00e1 acompanhada por Jo\u00e3o Carlos Coutinho (piano), Zeca Assump\u00e7\u00e3o (baixo) e Celso de Almeida <\/p>\n","protected":false},"author":1,"featured_media":0,"comment_status":"open","ping_status":"closed","sticky":false,"template":"","format":"standard","meta":{"footnotes":""},"categories":[8],"tags":[10],"class_list":["post-802","post","type-post","status-publish","format-standard","hentry","category-shows-em-santana","tag-santana"],"aioseo_notices":[],"aioseo_head":"\n\t\t<!-- All in One SEO 5.0.0.1 - aioseo.com -->\n\t<meta name=\"description\" content=\"Um dos precursores da Bossa Nova, Jo\u00e3o Donato ter\u00e1 sua obra interpretada por um trio de vozes femininas neste quarta (23) e quinta-feira (24), no Sesc Santana, em S\u00e3o Paulo. Ala\u00edde Costa, Leny Andrade e Claudette Soares sobem ao palco \u00e0s 21h, com participa\u00e7l\u00e3o especial do homenageado. Entre as can\u00e7\u00f5es escolhidas, est\u00e3o Lugar Comum, Cad\u00ea Voc\u00ea,Emori\u00f4 e Nua\" \/>\n\t<meta name=\"robots\" content=\"max-image-preview:large\" \/>\n\t<meta name=\"author\" content=\"Encontra Santana\"\/>\n\t<link rel=\"canonical\" href=\"https:\/\/www.encontrasantana.com.br\/sobre\/joao-donato-ganha-homenagem-musical-no-sesc-santana\/\" \/>\n\t<meta name=\"generator\" content=\"All in One SEO (AIOSEO) 5.0.0.1\" \/>\n\t\t<meta property=\"og:locale\" content=\"pt_BR\" \/>\n\t\t<meta property=\"og:site_name\" content=\"Encontra Santana | Not\u00edcias, eventos, informa\u00e7\u00f5es e dicas no bairro de Santana e regi\u00e3o.\" \/>\n\t\t<meta property=\"og:type\" content=\"article\" \/>\n\t\t<meta property=\"og:title\" content=\"Jo\u00e3o Donato ganha homenagem musical no Sesc Santana \u00bb Encontra Santana\" \/>\n\t\t<meta property=\"og:description\" content=\"Um dos precursores da Bossa Nova, Jo\u00e3o Donato ter\u00e1 sua obra interpretada por um trio de vozes femininas neste quarta (23) e quinta-feira (24), no Sesc Santana, em S\u00e3o Paulo. Ala\u00edde Costa, Leny Andrade e Claudette Soares sobem ao palco \u00e0s 21h, com participa\u00e7l\u00e3o especial do homenageado. Entre as can\u00e7\u00f5es escolhidas, est\u00e3o Lugar Comum, Cad\u00ea Voc\u00ea,Emori\u00f4 e Nua\" \/>\n\t\t<meta property=\"og:url\" content=\"https:\/\/www.encontrasantana.com.br\/sobre\/joao-donato-ganha-homenagem-musical-no-sesc-santana\/\" \/>\n\t\t<meta property=\"article:published_time\" content=\"2011-02-23T21:19:50+00:00\" \/>\n\t\t<meta property=\"article:modified_time\" content=\"2019-04-15T13:04:52+00:00\" \/>\n\t\t<meta name=\"twitter:card\" content=\"summary\" \/>\n\t\t<meta name=\"twitter:title\" content=\"Jo\u00e3o Donato ganha homenagem musical no Sesc Santana \u00bb Encontra Santana\" \/>\n\t\t<meta name=\"twitter:description\" content=\"Um dos precursores da Bossa Nova, Jo\u00e3o Donato ter\u00e1 sua obra interpretada por um trio de vozes femininas neste quarta (23) e quinta-feira (24), no Sesc Santana, em S\u00e3o Paulo. Ala\u00edde Costa, Leny Andrade e Claudette Soares sobem ao palco \u00e0s 21h, com participa\u00e7l\u00e3o especial do homenageado. Entre as can\u00e7\u00f5es escolhidas, est\u00e3o Lugar Comum, Cad\u00ea Voc\u00ea,Emori\u00f4 e Nua\" \/>\n\t\t<script type=\"application\/ld+json\" class=\"aioseo-schema\">\n\t\t\t{\"@context\":\"https:\\\/\\\/schema.org\",\"@graph\":[{\"@type\":\"Article\",\"@id\":\"https:\\\/\\\/www.encontrasantana.com.br\\\/sobre\\\/joao-donato-ganha-homenagem-musical-no-sesc-santana\\\/#article\",\"name\":\"Jo\\u00e3o Donato ganha homenagem musical no Sesc Santana \\u00bb Encontra Santana\",\"headline\":\"Jo\\u00e3o Donato ganha homenagem musical no Sesc Santana\",\"author\":{\"@id\":\"https:\\\/\\\/www.encontrasantana.com.br\\\/sobre\\\/author\\\/esantana\\\/#author\"},\"publisher\":{\"@id\":\"https:\\\/\\\/www.encontrasantana.com.br\\\/sobre\\\/#organization\"},\"datePublished\":\"2011-02-23T18:19:50-03:00\",\"dateModified\":\"2019-04-15T10:04:52-03:00\",\"inLanguage\":\"pt-BR\",\"mainEntityOfPage\":{\"@id\":\"https:\\\/\\\/www.encontrasantana.com.br\\\/sobre\\\/joao-donato-ganha-homenagem-musical-no-sesc-santana\\\/#webpage\"},\"isPartOf\":{\"@id\":\"https:\\\/\\\/www.encontrasantana.com.br\\\/sobre\\\/joao-donato-ganha-homenagem-musical-no-sesc-santana\\\/#webpage\"},\"articleSection\":\"Show Santana, Santana\"},{\"@type\":\"BreadcrumbList\",\"@id\":\"https:\\\/\\\/www.encontrasantana.com.br\\\/sobre\\\/joao-donato-ganha-homenagem-musical-no-sesc-santana\\\/#breadcrumblist\",\"itemListElement\":[{\"@type\":\"ListItem\",\"@id\":\"https:\\\/\\\/www.encontrasantana.com.br\\\/sobre#listItem\",\"position\":1,\"name\":\"In\\u00edcio\",\"item\":\"https:\\\/\\\/www.encontrasantana.com.br\\\/sobre\",\"nextItem\":{\"@type\":\"ListItem\",\"@id\":\"https:\\\/\\\/www.encontrasantana.com.br\\\/sobre\\\/shows-em-santana\\\/#listItem\",\"name\":\"Show Santana\"}},{\"@type\":\"ListItem\",\"@id\":\"https:\\\/\\\/www.encontrasantana.com.br\\\/sobre\\\/shows-em-santana\\\/#listItem\",\"position\":2,\"name\":\"Show Santana\",\"item\":\"https:\\\/\\\/www.encontrasantana.com.br\\\/sobre\\\/shows-em-santana\\\/\",\"nextItem\":{\"@type\":\"ListItem\",\"@id\":\"https:\\\/\\\/www.encontrasantana.com.br\\\/sobre\\\/joao-donato-ganha-homenagem-musical-no-sesc-santana\\\/#listItem\",\"name\":\"Jo\\u00e3o Donato ganha homenagem musical no Sesc Santana\"},\"previousItem\":{\"@type\":\"ListItem\",\"@id\":\"https:\\\/\\\/www.encontrasantana.com.br\\\/sobre#listItem\",\"name\":\"In\\u00edcio\"}},{\"@type\":\"ListItem\",\"@id\":\"https:\\\/\\\/www.encontrasantana.com.br\\\/sobre\\\/joao-donato-ganha-homenagem-musical-no-sesc-santana\\\/#listItem\",\"position\":3,\"name\":\"Jo\\u00e3o Donato ganha homenagem musical no Sesc Santana\",\"previousItem\":{\"@type\":\"ListItem\",\"@id\":\"https:\\\/\\\/www.encontrasantana.com.br\\\/sobre\\\/shows-em-santana\\\/#listItem\",\"name\":\"Show Santana\"}}]},{\"@type\":\"Organization\",\"@id\":\"https:\\\/\\\/www.encontrasantana.com.br\\\/sobre\\\/#organization\",\"name\":\"Encontra Santana\",\"description\":\"Not\\u00edcias, eventos, informa\\u00e7\\u00f5es e dicas no bairro de Santana e regi\\u00e3o.\",\"url\":\"https:\\\/\\\/www.encontrasantana.com.br\\\/sobre\\\/\"},{\"@type\":\"Person\",\"@id\":\"https:\\\/\\\/www.encontrasantana.com.br\\\/sobre\\\/author\\\/esantana\\\/#author\",\"url\":\"https:\\\/\\\/www.encontrasantana.com.br\\\/sobre\\\/author\\\/esantana\\\/\",\"name\":\"Encontra Santana\",\"image\":{\"@type\":\"ImageObject\",\"@id\":\"https:\\\/\\\/www.encontrasantana.com.br\\\/sobre\\\/joao-donato-ganha-homenagem-musical-no-sesc-santana\\\/#authorImage\",\"url\":\"https:\\\/\\\/secure.gravatar.com\\\/avatar\\\/0fbed662e37531ae23e68f85f9517b2454e50c1dfebf80eb9b721449ac95e0b9?s=96&d=mm&r=g\",\"width\":96,\"height\":96,\"caption\":\"Encontra Santana\"}},{\"@type\":\"WebPage\",\"@id\":\"https:\\\/\\\/www.encontrasantana.com.br\\\/sobre\\\/joao-donato-ganha-homenagem-musical-no-sesc-santana\\\/#webpage\",\"url\":\"https:\\\/\\\/www.encontrasantana.com.br\\\/sobre\\\/joao-donato-ganha-homenagem-musical-no-sesc-santana\\\/\",\"name\":\"Jo\\u00e3o Donato ganha homenagem musical no Sesc Santana \\u00bb Encontra Santana\",\"description\":\"Um dos precursores da Bossa Nova, Jo\\u00e3o Donato ter\\u00e1 sua obra interpretada por um trio de vozes femininas neste quarta (23) e quinta-feira (24), no Sesc Santana, em S\\u00e3o Paulo. Ala\\u00edde Costa, Leny Andrade e Claudette Soares sobem ao palco \\u00e0s 21h, com participa\\u00e7l\\u00e3o especial do homenageado. Entre as can\\u00e7\\u00f5es escolhidas, est\\u00e3o Lugar Comum, Cad\\u00ea Voc\\u00ea,Emori\\u00f4 e Nua\",\"inLanguage\":\"pt-BR\",\"isPartOf\":{\"@id\":\"https:\\\/\\\/www.encontrasantana.com.br\\\/sobre\\\/#website\"},\"breadcrumb\":{\"@id\":\"https:\\\/\\\/www.encontrasantana.com.br\\\/sobre\\\/joao-donato-ganha-homenagem-musical-no-sesc-santana\\\/#breadcrumblist\"},\"author\":{\"@id\":\"https:\\\/\\\/www.encontrasantana.com.br\\\/sobre\\\/author\\\/esantana\\\/#author\"},\"creator\":{\"@id\":\"https:\\\/\\\/www.encontrasantana.com.br\\\/sobre\\\/author\\\/esantana\\\/#author\"},\"datePublished\":\"2011-02-23T18:19:50-03:00\",\"dateModified\":\"2019-04-15T10:04:52-03:00\"},{\"@type\":\"WebSite\",\"@id\":\"https:\\\/\\\/www.encontrasantana.com.br\\\/sobre\\\/#website\",\"url\":\"https:\\\/\\\/www.encontrasantana.com.br\\\/sobre\\\/\",\"name\":\"Encontra Santana\",\"description\":\"Not\\u00edcias, eventos, informa\\u00e7\\u00f5es e dicas no bairro de Santana e regi\\u00e3o.\",\"inLanguage\":\"pt-BR\",\"publisher\":{\"@id\":\"https:\\\/\\\/www.encontrasantana.com.br\\\/sobre\\\/#organization\"}}]}\n\t\t<\/script>\n\t\t<!-- All in One SEO -->\n\n","aioseo_head_json":{"title":"Jo\u00e3o Donato ganha homenagem musical no Sesc Santana \u00bb Encontra Santana","description":"Um dos precursores da Bossa Nova, Jo\u00e3o Donato ter\u00e1 sua obra interpretada por um trio de vozes femininas neste quarta (23) e quinta-feira (24), no Sesc Santana, em S\u00e3o Paulo. Ala\u00edde Costa, Leny Andrade e Claudette Soares sobem ao palco \u00e0s 21h, com participa\u00e7l\u00e3o especial do homenageado. Entre as can\u00e7\u00f5es escolhidas, est\u00e3o Lugar Comum, Cad\u00ea Voc\u00ea,Emori\u00f4 e Nua","canonical_url":"https:\/\/www.encontrasantana.com.br\/sobre\/joao-donato-ganha-homenagem-musical-no-sesc-santana\/","robots":"max-image-preview:large","keywords":"","webmasterTools":{"miscellaneous":""},"schema":{"@context":"https:\/\/schema.org","@graph":[{"@type":"Article","@id":"https:\/\/www.encontrasantana.com.br\/sobre\/joao-donato-ganha-homenagem-musical-no-sesc-santana\/#article","name":"Jo\u00e3o Donato ganha homenagem musical no Sesc Santana \u00bb Encontra Santana","headline":"Jo\u00e3o Donato ganha homenagem musical no Sesc Santana","author":{"@id":"https:\/\/www.encontrasantana.com.br\/sobre\/author\/esantana\/#author"},"publisher":{"@id":"https:\/\/www.encontrasantana.com.br\/sobre\/#organization"},"datePublished":"2011-02-23T18:19:50-03:00","dateModified":"2019-04-15T10:04:52-03:00","inLanguage":"pt-BR","mainEntityOfPage":{"@id":"https:\/\/www.encontrasantana.com.br\/sobre\/joao-donato-ganha-homenagem-musical-no-sesc-santana\/#webpage"},"isPartOf":{"@id":"https:\/\/www.encontrasantana.com.br\/sobre\/joao-donato-ganha-homenagem-musical-no-sesc-santana\/#webpage"},"articleSection":"Show Santana, Santana"},{"@type":"BreadcrumbList","@id":"https:\/\/www.encontrasantana.com.br\/sobre\/joao-donato-ganha-homenagem-musical-no-sesc-santana\/#breadcrumblist","itemListElement":[{"@type":"ListItem","@id":"https:\/\/www.encontrasantana.com.br\/sobre#listItem","position":1,"name":"In\u00edcio","item":"https:\/\/www.encontrasantana.com.br\/sobre","nextItem":{"@type":"ListItem","@id":"https:\/\/www.encontrasantana.com.br\/sobre\/shows-em-santana\/#listItem","name":"Show Santana"}},{"@type":"ListItem","@id":"https:\/\/www.encontrasantana.com.br\/sobre\/shows-em-santana\/#listItem","position":2,"name":"Show Santana","item":"https:\/\/www.encontrasantana.com.br\/sobre\/shows-em-santana\/","nextItem":{"@type":"ListItem","@id":"https:\/\/www.encontrasantana.com.br\/sobre\/joao-donato-ganha-homenagem-musical-no-sesc-santana\/#listItem","name":"Jo\u00e3o Donato ganha homenagem musical no Sesc Santana"},"previousItem":{"@type":"ListItem","@id":"https:\/\/www.encontrasantana.com.br\/sobre#listItem","name":"In\u00edcio"}},{"@type":"ListItem","@id":"https:\/\/www.encontrasantana.com.br\/sobre\/joao-donato-ganha-homenagem-musical-no-sesc-santana\/#listItem","position":3,"name":"Jo\u00e3o Donato ganha homenagem musical no Sesc Santana","previousItem":{"@type":"ListItem","@id":"https:\/\/www.encontrasantana.com.br\/sobre\/shows-em-santana\/#listItem","name":"Show Santana"}}]},{"@type":"Organization","@id":"https:\/\/www.encontrasantana.com.br\/sobre\/#organization","name":"Encontra Santana","description":"Not\u00edcias, eventos, informa\u00e7\u00f5es e dicas no bairro de Santana e regi\u00e3o.","url":"https:\/\/www.encontrasantana.com.br\/sobre\/"},{"@type":"Person","@id":"https:\/\/www.encontrasantana.com.br\/sobre\/author\/esantana\/#author","url":"https:\/\/www.encontrasantana.com.br\/sobre\/author\/esantana\/","name":"Encontra Santana","image":{"@type":"ImageObject","@id":"https:\/\/www.encontrasantana.com.br\/sobre\/joao-donato-ganha-homenagem-musical-no-sesc-santana\/#authorImage","url":"https:\/\/secure.gravatar.com\/avatar\/0fbed662e37531ae23e68f85f9517b2454e50c1dfebf80eb9b721449ac95e0b9?s=96&d=mm&r=g","width":96,"height":96,"caption":"Encontra Santana"}},{"@type":"WebPage","@id":"https:\/\/www.encontrasantana.com.br\/sobre\/joao-donato-ganha-homenagem-musical-no-sesc-santana\/#webpage","url":"https:\/\/www.encontrasantana.com.br\/sobre\/joao-donato-ganha-homenagem-musical-no-sesc-santana\/","name":"Jo\u00e3o Donato ganha homenagem musical no Sesc Santana \u00bb Encontra Santana","description":"Um dos precursores da Bossa Nova, Jo\u00e3o Donato ter\u00e1 sua obra interpretada por um trio de vozes femininas neste quarta (23) e quinta-feira (24), no Sesc Santana, em S\u00e3o Paulo. Ala\u00edde Costa, Leny Andrade e Claudette Soares sobem ao palco \u00e0s 21h, com participa\u00e7l\u00e3o especial do homenageado. Entre as can\u00e7\u00f5es escolhidas, est\u00e3o Lugar Comum, Cad\u00ea Voc\u00ea,Emori\u00f4 e Nua","inLanguage":"pt-BR","isPartOf":{"@id":"https:\/\/www.encontrasantana.com.br\/sobre\/#website"},"breadcrumb":{"@id":"https:\/\/www.encontrasantana.com.br\/sobre\/joao-donato-ganha-homenagem-musical-no-sesc-santana\/#breadcrumblist"},"author":{"@id":"https:\/\/www.encontrasantana.com.br\/sobre\/author\/esantana\/#author"},"creator":{"@id":"https:\/\/www.encontrasantana.com.br\/sobre\/author\/esantana\/#author"},"datePublished":"2011-02-23T18:19:50-03:00","dateModified":"2019-04-15T10:04:52-03:00"},{"@type":"WebSite","@id":"https:\/\/www.encontrasantana.com.br\/sobre\/#website","url":"https:\/\/www.encontrasantana.com.br\/sobre\/","name":"Encontra Santana","description":"Not\u00edcias, eventos, informa\u00e7\u00f5es e dicas no bairro de Santana e regi\u00e3o.","inLanguage":"pt-BR","publisher":{"@id":"https:\/\/www.encontrasantana.com.br\/sobre\/#organization"}}]},"og:locale":"pt_BR","og:site_name":"Encontra Santana | Not\u00edcias, eventos, informa\u00e7\u00f5es e dicas no bairro de Santana e regi\u00e3o.","og:type":"article","og:title":"Jo\u00e3o Donato ganha homenagem musical no Sesc Santana \u00bb Encontra Santana","og:description":"Um dos precursores da Bossa Nova, Jo\u00e3o Donato ter\u00e1 sua obra interpretada por um trio de vozes femininas neste quarta (23) e quinta-feira (24), no Sesc Santana, em S\u00e3o Paulo. Ala\u00edde Costa, Leny Andrade e Claudette Soares sobem ao palco \u00e0s 21h, com participa\u00e7l\u00e3o especial do homenageado. Entre as can\u00e7\u00f5es escolhidas, est\u00e3o Lugar Comum, Cad\u00ea Voc\u00ea,Emori\u00f4 e Nua","og:url":"https:\/\/www.encontrasantana.com.br\/sobre\/joao-donato-ganha-homenagem-musical-no-sesc-santana\/","article:published_time":"2011-02-23T21:19:50+00:00","article:modified_time":"2019-04-15T13:04:52+00:00","twitter:card":"summary","twitter:title":"Jo\u00e3o Donato ganha homenagem musical no Sesc Santana \u00bb Encontra Santana","twitter:description":"Um dos precursores da Bossa Nova, Jo\u00e3o Donato ter\u00e1 sua obra interpretada por um trio de vozes femininas neste quarta (23) e quinta-feira (24), no Sesc Santana, em S\u00e3o Paulo. Ala\u00edde Costa, Leny Andrade e Claudette Soares sobem ao palco \u00e0s 21h, com participa\u00e7l\u00e3o especial do homenageado. Entre as can\u00e7\u00f5es escolhidas, est\u00e3o Lugar Comum, Cad\u00ea Voc\u00ea,Emori\u00f4 e Nua"},"aioseo_meta_data":{"post_id":"802","title":null,"description":null,"keywords":null,"keyphrases":null,"primary_term":null,"canonical_url":null,"og_title":null,"og_description":null,"og_object_type":"default","og_image_type":"default","og_image_url":null,"og_image_width":null,"og_image_height":null,"og_image_custom_url":null,"og_image_custom_fields":null,"og_video":null,"og_custom_url":null,"og_article_section":null,"og_article_tags":null,"twitter_use_og":false,"twitter_card":"default","twitter_image_type":"default","twitter_image_url":null,"twitter_image_custom_url":null,"twitter_image_custom_fields":null,"twitter_title":null,"twitter_description":null,"schema":{"blockGraphs":[],"customGraphs":[],"default":{"data":{"Article":[],"Course":[],"Dataset":[],"FAQPage":[],"Movie":[],"Person":[],"Product":[],"ProductReview":[],"Car":[],"Recipe":[],"Service":[],"SoftwareApplication":[],"WebPage":[]},"graphName":"Article","isEnabled":true},"graphs":[]},"schema_type":null,"schema_type_options":null,"pillar_content":false,"robots_default":true,"robots_noindex":false,"robots_noarchive":false,"robots_nosnippet":false,"robots_nofollow":false,"robots_noimageindex":false,"robots_noodp":false,"robots_notranslate":false,"robots_max_snippet":null,"robots_max_videopreview":null,"robots_max_imagepreview":"large","priority":null,"frequency":null,"local_seo":null,"limit_modified_date":false,"created":"2021-04-20 20:56:23","updated":"2026-08-06 04:57:44","focus_keyword":null,"additional_keywords":null,"truseo_locale":null,"ai":null,"breadcrumb_settings":null,"seo_analyzer_scan_date":null},"aioseo_breadcrumb":"<div class=\"aioseo-breadcrumbs\"><span class=\"aioseo-breadcrumb\">\n\t\t\t<a href=\"https:\/\/www.encontrasantana.com.br\/sobre\" title=\"In\u00edcio\">In\u00edcio<\/a>\n\t\t<\/span><span class=\"aioseo-breadcrumb-separator\">&raquo;<\/span><span class=\"aioseo-breadcrumb\">\n\t\t\t<a href=\"https:\/\/www.encontrasantana.com.br\/sobre\/shows-em-santana\/\" title=\"Show Santana\">Show Santana<\/a>\n\t\t<\/span><span class=\"aioseo-breadcrumb-separator\">&raquo;<\/span><span class=\"aioseo-breadcrumb\">\n\t\t\tJo\u00e3o Donato ganha homenagem musical no Sesc Santana\n\t\t<\/span><\/div>","aioseo_breadcrumb_json":[{"label":"In\u00edcio","link":"https:\/\/www.encontrasantana.com.br\/sobre"},{"label":"Show Santana","link":"https:\/\/www.encontrasantana.com.br\/sobre\/shows-em-santana\/"},{"label":"Jo\u00e3o Donato ganha homenagem musical no Sesc Santana","link":"https:\/\/www.encontrasantana.com.br\/sobre\/joao-donato-ganha-homenagem-musical-no-sesc-santana\/"}],"_links":{"self":[{"href":"https:\/\/www.encontrasantana.com.br\/sobre\/wp-json\/wp\/v2\/posts\/802","targetHints":{"allow":["GET"]}}],"collection":[{"href":"https:\/\/www.encontrasantana.com.br\/sobre\/wp-json\/wp\/v2\/posts"}],"about":[{"href":"https:\/\/www.encontrasantana.com.br\/sobre\/wp-json\/wp\/v2\/types\/post"}],"author":[{"embeddable":true,"href":"https:\/\/www.encontrasantana.com.br\/sobre\/wp-json\/wp\/v2\/users\/1"}],"replies":[{"embeddable":true,"href":"https:\/\/www.encontrasantana.com.br\/sobre\/wp-json\/wp\/v2\/comments?post=802"}],"version-history":[{"count":0,"href":"https:\/\/www.encontrasantana.com.br\/sobre\/wp-json\/wp\/v2\/posts\/802\/revisions"}],"wp:attachment":[{"href":"https:\/\/www.encontrasantana.com.br\/sobre\/wp-json\/wp\/v2\/media?parent=802"}],"wp:term":[{"taxonomy":"category","embeddable":true,"href":"https:\/\/www.encontrasantana.com.br\/sobre\/wp-json\/wp\/v2\/categories?post=802"},{"taxonomy":"post_tag","embeddable":true,"href":"https:\/\/www.encontrasantana.com.br\/sobre\/wp-json\/wp\/v2\/tags?post=802"}],"curies":[{"name":"wp","href":"https:\/\/api.w.org\/{rel}","templated":true}]}}