{"id":806,"date":"2011-02-25T16:03:26","date_gmt":"2011-02-25T19:03:26","guid":{"rendered":"http:\/\/www.encontrasantana.com.br\/blog\/?p=806"},"modified":"2019-04-15T10:04:51","modified_gmt":"2019-04-15T13:04:51","slug":"mais-de-75-dos-ingressos-para-o-desfile-de-carnaval-em-santana-ja-foram-vendidos","status":"publish","type":"post","link":"https:\/\/www.encontrasantana.com.br\/sobre\/mais-de-75-dos-ingressos-para-o-desfile-de-carnaval-em-santana-ja-foram-vendidos\/","title":{"rendered":"Mais de 75% dos ingressos para o desfile de carnaval em Santana j\u00e1 foram vendidos"},"content":{"rendered":"<div class=\"1acf8468e559fd3cbeec5aee3a269a52\" data-index=\"1\" style=\"float: none; margin:0px;\">\n<!-- Anuncio display - global -->\r\n<ins class=\"adsbygoogle\"\r\n     style=\"display:block\"\r\n     data-ad-client=\"ca-pub-8585364105181520\"\r\n     data-ad-slot=\"8789329856\"\r\n     data-ad-format=\"auto\"\r\n     data-full-width-responsive=\"true\"><\/ins>\r\n<script>\r\n     (adsbygoogle = window.adsbygoogle || []).push({});\r\n<\/script>\n<\/div>\n<p>Quem quiser ir ao <a href=\"http:\/\/www.encontrasantana.com.br\/santana\/anhembi-em-santana.shtml\" target=\"_blank\">Anhembi<\/a> para os desfiles das escolas de samba do Grupo Especial de S\u00e3o Paulo deve se apressar. Restam menos de 25% dos ingressos . Para o primeiro dia de apresenta\u00e7\u00e3o, a sexta-feira, est\u00e3o dispon\u00edveis 10 mil bilhetes para cadeira de pista, setores A, B, D e G; mesa de pista, setores B e G, e arquibancada, setores B, D e H. Para o s\u00e1bado, restam somente tr\u00eas mil ingressos para arquibancada, setores B e G; cadeira de pista, setor D, e mesa de pista, setores B e D.<\/p>\n<p>A expectativa \u00e9 que as vendas para esses dois dias terminem at\u00e9 meados da pr\u00f3xima semana, antes do in\u00edcio do Carnaval.<\/p>\n<p>No caso dos camarotes, ainda existem lugares em todos os setores. Os interessados podem adquirir o camarote simples, para at\u00e9 10 pessoas, ou o especial, para at\u00e9 25 pessoas. Todos os camarotes t\u00eam acesso restrito, e as pessoas de um camarote n\u00e3o podem transitar em outros.<\/p>\n<p>Para comprar ingressos para arquibancadas, cadeiras de pista e mesas de pista, os interessados podem comparecer a um dos sete pontos de venda na Regi\u00e3o Metropolitana de S\u00e3o Paulo &#8211; Anhembi, Est\u00e1dio do Canind\u00e9, Pacaembu, Gin\u00e1sio do Ibirapuera, Est\u00e1dio Anacleto Campanella, em S\u00e3o Caetano, Est\u00e1dio Jos\u00e9 Bruno Daniel, em Santo Andr\u00e9, e Gin\u00e1sio de Esportes Jos\u00e9 Corr\u00eaa, em Barueri. Uma alternativa \u00e9 a compra pelo telefone da Ingresso F\u00e1cil (11) 40032245 ou pela internet: ingressofacil.com.br.<\/p>\n<p>Em todos os sete pontos de venda, as bilheterias est\u00e3o em funcionamento de segunda-feira a s\u00e1bado, das 11h \u00e0s 17h. A compra de ingressos de meia-entrada \u00e9 realizada exclusivamente na bilheteria do Anhembi, em Santana.<\/p>\n<p><strong>Fique de olho no bilhete<\/strong><\/p>\n<p>Os ingressos t\u00eam itens de seguran\u00e7a que devem ser observados pelo foli\u00e3o no momento da compra. O primeiro elemento \u00e9 o nome do comprador e outras informa\u00e7\u00f5es cadastrais impressas no bilhete. O segundo \u00e9 a utiliza\u00e7\u00e3o da tinta termocr\u00f4mica no logo da Ingresso F\u00e1cil, uma tecnologia que permite o desaparecimento da logomarca, por alguns segundos, ao ser friccionada. J\u00e1 o terceiro item \u00e9 a tarja magn\u00e9tica, no verso do ingresso, que ser\u00e1 lida pelas catracas eletr\u00f4nicas. Constitu\u00edda por uma s\u00e9rie de c\u00f3digos, a tarja impede a libera\u00e7\u00e3o da entrada em situa\u00e7\u00f5es em que n\u00e3o sejam identificados esses c\u00f3digos.<\/p>\n<p>\u00c9 recomend\u00e1vel a compra de ingressos apenas nos pontos de venda oficiais, no site ou telefone da Ingresso F\u00e1cil. Cada ingresso \u00e9 v\u00e1lido para apenas um dia do desfile.<\/p>\n<p>Crian\u00e7as com at\u00e9 5 anos n\u00e3o podem ser levadas ao samb\u00f3dromo. Crian\u00e7as com at\u00e9 14 anos s\u00f3 poder\u00e3o entrar no samb\u00f3dromo acompanhadas pelos pais ou representantes legais. \u00c9 poss\u00edvel levar m\u00e1quinas fotogr\u00e1ficas, mas \u00e9 proibida a entrada com guarda-chuvas ou demais objetos que possam representar amea\u00e7a \u00e0 seguran\u00e7a. Tampouco \u00e9 permitida a entrada com comidas e bebidas.<\/p>\n<p>No Carnaval, os port\u00f5es do Samb\u00f3dromo ir\u00e3o abrir \u00e0s 17h.<\/p>\n<p><em>Fonte: O Globo<\/em><\/p>\n\n<div style=\"font-size: 0px; height: 0px; line-height: 0px; margin: 0; padding: 0; clear: both;\"><\/div>","protected":false},"excerpt":{"rendered":"<p>Quem quiser ir ao Anhembi para os desfiles das escolas de samba do Grupo Especial de S\u00e3o Paulo deve se apressar. Restam menos de 25% dos ingressos . Para o primeiro dia de apresenta\u00e7\u00e3o, a sexta-feira, est\u00e3o dispon\u00edveis 10 mil bilhetes para cadeira de pista, setores A, B, D e G; mesa de pista, setores B e G, e arquibancada, setores B, D e H. Para o s\u00e1bado, restam somente tr\u00eas mil ingressos para arquibancada, setores B e G; cadeira de pista, setor D, e mesa de pista, setores B e D. A expectativa \u00e9 que as vendas para esses <\/p>\n","protected":false},"author":1,"featured_media":0,"comment_status":"open","ping_status":"closed","sticky":false,"template":"","format":"standard","meta":{"footnotes":""},"categories":[3],"tags":[10],"class_list":["post-806","post","type-post","status-publish","format-standard","hentry","category-noticias-em-santana","tag-santana"],"aioseo_notices":[],"_links":{"self":[{"href":"https:\/\/www.encontrasantana.com.br\/sobre\/wp-json\/wp\/v2\/posts\/806"}],"collection":[{"href":"https:\/\/www.encontrasantana.com.br\/sobre\/wp-json\/wp\/v2\/posts"}],"about":[{"href":"https:\/\/www.encontrasantana.com.br\/sobre\/wp-json\/wp\/v2\/types\/post"}],"author":[{"embeddable":true,"href":"https:\/\/www.encontrasantana.com.br\/sobre\/wp-json\/wp\/v2\/users\/1"}],"replies":[{"embeddable":true,"href":"https:\/\/www.encontrasantana.com.br\/sobre\/wp-json\/wp\/v2\/comments?post=806"}],"version-history":[{"count":0,"href":"https:\/\/www.encontrasantana.com.br\/sobre\/wp-json\/wp\/v2\/posts\/806\/revisions"}],"wp:attachment":[{"href":"https:\/\/www.encontrasantana.com.br\/sobre\/wp-json\/wp\/v2\/media?parent=806"}],"wp:term":[{"taxonomy":"category","embeddable":true,"href":"https:\/\/www.encontrasantana.com.br\/sobre\/wp-json\/wp\/v2\/categories?post=806"},{"taxonomy":"post_tag","embeddable":true,"href":"https:\/\/www.encontrasantana.com.br\/sobre\/wp-json\/wp\/v2\/tags?post=806"}],"curies":[{"name":"wp","href":"https:\/\/api.w.org\/{rel}","templated":true}]}}