{"id":8218,"date":"2012-02-03T17:47:07","date_gmt":"2012-02-03T20:47:07","guid":{"rendered":"http:\/\/www.encontrasantana.com.br\/blog\/?p=8218"},"modified":"2019-04-15T10:00:37","modified_gmt":"2019-04-15T13:00:37","slug":"campus-party-2012-tera-tour-gastronomico-por-sao-paulo","status":"publish","type":"post","link":"https:\/\/www.encontrasantana.com.br\/sobre\/campus-party-2012-tera-tour-gastronomico-por-sao-paulo\/","title":{"rendered":"Campus Party 2012 ter\u00e1 tour gastron\u00f4mico por S\u00e3o Paulo"},"content":{"rendered":"<div class=\"1acf8468e559fd3cbeec5aee3a269a52\" data-index=\"1\" style=\"float: none; margin:0px;\">\n<!-- Anuncio display - global -->\r\n<ins class=\"adsbygoogle\"\r\n     style=\"display:block\"\r\n     data-ad-client=\"ca-pub-8585364105181520\"\r\n     data-ad-slot=\"8789329856\"\r\n     data-ad-format=\"auto\"\r\n     data-full-width-responsive=\"true\"><\/ins>\r\n<script>\r\n     (adsbygoogle = window.adsbygoogle || []).push({});\r\n<\/script>\n<\/div>\n<p>A quinta edi\u00e7\u00e3o da Campus Party Brasil acontece no <a href=\"http:\/\/www.encontrasantana.com.br\/santana\/anhembi-em-santana.shtml\" target=\"_blank\">Pavilh\u00e3o de Exposi\u00e7\u00f5es do Anhembi<\/a>, entre os dias 6 e 12 de fevereiro. \u00c9 um evento no qual os amantes de tecnologia e internet de todas as partes do Brasil, e muitos estrangeiros, se reunem para discutir temas importantes do segmento. Mas os \u201ccampuseiros\u201d tamb\u00e9m aproveitam o periodo aqui em S\u00e3o Paulo para realizarem um Tour Gastron\u00f4mico, descobrindo cada iguaria que a cidade tem a oferecer.<\/p>\n<p>Esta \u00e9 a terceira edi\u00e7\u00e3o do Tour. Ano passado, abrangeu diversos pontos da cidade, como o Mercado Municipal, feiras livres e at\u00e9 mesmo uma pausa para provarem o famoso \u201cchurrasco grego\u201d na Pra\u00e7a da S\u00e9.<\/p>\n<p>Diante do sucesso da edi\u00e7\u00e3o passada, os campuseiros este ano est\u00e3o prontos para mais um tour, que dessa vez ir\u00e1 explorar toda a regi\u00e3o em torno da Avenida Paulista com um menu variado, que contemplar\u00e1 todos os bolsos e gostos, com direito a um cafezinho no final.<\/p>\n<p>A ideia agora \u00e9 organizar a cada ano um tour tem\u00e1tico, explorando partes da culin\u00e1ria ou regi\u00f5es da cidade, com a finalidade n\u00e3o apenas de facilitar o acesso a todos que desejam acompanhar a empreitada, como tamb\u00e9m aproveitar melhor cada canto da cidade. Os pr\u00f3ximos roteiros cotados s\u00e3o: Mercado Municipal, Bixiga e Liberdade. Tamb\u00e9m existe a possibilidade de um tour pelos botecos tradicionais e ainda contemplando somente a comida de rua da cidade.<\/p>\n<p>Quem quiser se juntar a esta turma, basta comparecer \u00e0 esta\u00e7\u00e3o do metr\u00f4 Brigadeiro no pr\u00f3ximo dia 11\/02, \u00e0s 10h. A primeira parada ser\u00e1 na Rua Chris Tronbjerg, para saborear um delicioso pastel de feira.<\/p>\n<p>Mais informa\u00e7\u00f5es no site: papodegordo.mtv.uol.com.br.<\/p>\n<p><em>Fonte: SP Turis<\/em><\/p>\n<p>&nbsp;<\/p>\n\n<div style=\"font-size: 0px; height: 0px; line-height: 0px; margin: 0; padding: 0; clear: both;\"><\/div>","protected":false},"excerpt":{"rendered":"<p>A quinta edi\u00e7\u00e3o da Campus Party Brasil acontece no Pavilh\u00e3o de Exposi\u00e7\u00f5es do Anhembi, entre os dias 6 e 12 de fevereiro. \u00c9 um evento no qual os amantes de tecnologia e internet de todas as partes do Brasil, e muitos estrangeiros, se reunem para discutir temas importantes do segmento. Mas os \u201ccampuseiros\u201d tamb\u00e9m aproveitam o periodo aqui em S\u00e3o Paulo para realizarem um Tour Gastron\u00f4mico, descobrindo cada iguaria que a cidade tem a oferecer. Esta \u00e9 a terceira edi\u00e7\u00e3o do Tour. Ano passado, abrangeu diversos pontos da cidade, como o Mercado Municipal, feiras livres e at\u00e9 mesmo uma pausa <\/p>\n","protected":false},"author":1,"featured_media":0,"comment_status":"open","ping_status":"closed","sticky":false,"template":"","format":"standard","meta":{"footnotes":""},"categories":[3],"tags":[10],"class_list":["post-8218","post","type-post","status-publish","format-standard","hentry","category-noticias-em-santana","tag-santana"],"aioseo_notices":[],"_links":{"self":[{"href":"https:\/\/www.encontrasantana.com.br\/sobre\/wp-json\/wp\/v2\/posts\/8218"}],"collection":[{"href":"https:\/\/www.encontrasantana.com.br\/sobre\/wp-json\/wp\/v2\/posts"}],"about":[{"href":"https:\/\/www.encontrasantana.com.br\/sobre\/wp-json\/wp\/v2\/types\/post"}],"author":[{"embeddable":true,"href":"https:\/\/www.encontrasantana.com.br\/sobre\/wp-json\/wp\/v2\/users\/1"}],"replies":[{"embeddable":true,"href":"https:\/\/www.encontrasantana.com.br\/sobre\/wp-json\/wp\/v2\/comments?post=8218"}],"version-history":[{"count":0,"href":"https:\/\/www.encontrasantana.com.br\/sobre\/wp-json\/wp\/v2\/posts\/8218\/revisions"}],"wp:attachment":[{"href":"https:\/\/www.encontrasantana.com.br\/sobre\/wp-json\/wp\/v2\/media?parent=8218"}],"wp:term":[{"taxonomy":"category","embeddable":true,"href":"https:\/\/www.encontrasantana.com.br\/sobre\/wp-json\/wp\/v2\/categories?post=8218"},{"taxonomy":"post_tag","embeddable":true,"href":"https:\/\/www.encontrasantana.com.br\/sobre\/wp-json\/wp\/v2\/tags?post=8218"}],"curies":[{"name":"wp","href":"https:\/\/api.w.org\/{rel}","templated":true}]}}