{"id":823,"date":"2011-03-02T18:07:14","date_gmt":"2011-03-02T21:07:14","guid":{"rendered":"http:\/\/www.encontrasantana.com.br\/blog\/?p=823"},"modified":"2019-04-15T10:04:11","modified_gmt":"2019-04-15T13:04:11","slug":"santana-ingressos-para-os-desfiles-do-sabado-do-carnaval-de-sp-estao-esgotados","status":"publish","type":"post","link":"https:\/\/www.encontrasantana.com.br\/sobre\/santana-ingressos-para-os-desfiles-do-sabado-do-carnaval-de-sp-estao-esgotados\/","title":{"rendered":"Santana: ingressos para os desfiles do s\u00e1bado do Carnaval de SP est\u00e3o esgotados"},"content":{"rendered":"<div class=\"1acf8468e559fd3cbeec5aee3a269a52\" data-index=\"1\" style=\"float: none; margin:0px;\">\n<!-- Anuncio display - global -->\r\n<ins class=\"adsbygoogle\"\r\n     style=\"display:block\"\r\n     data-ad-client=\"ca-pub-8585364105181520\"\r\n     data-ad-slot=\"8789329856\"\r\n     data-ad-format=\"auto\"\r\n     data-full-width-responsive=\"true\"><\/ins>\r\n<script>\r\n     (adsbygoogle = window.adsbygoogle || []).push({});\r\n<\/script>\n<\/div>\n<p>Os ingressos para os desfiles do s\u00e1bado (5) do grupo especial do Carnaval de S\u00e3o Paulo no <a href=\"http:\/\/www.encontrasantana.com.br\/santana\/anhembi-em-santana.shtml\" target=\"_blank\">Samb\u00f3dromo do Anhembi<\/a>, \u00a0no bairro de Santana,\u00a0est\u00e3o esgotados para todos os setores.<\/p>\n<p>Segundo a BWA, empresa administradora da Ingresso F\u00e1cil, restam apenas 6 mil ingressos para os desfiles da sexta-feira (4) do Grupo de Acesso. Os setores dispon\u00edveis s\u00e3o: Arquibancadas B,D e G, cadeiras de pista A, D e G e mesas de pista B e D.<\/p>\n<p><strong>Pontos de venda<br \/>\n<\/strong>Para comprar ingressos para arquibancadas, cadeiras de pista e mesas de pista, os interessados podem comparecer a um dos sete pontos de venda na Regi\u00e3o Metropolitana de S\u00e3o Paulo, comprar pelo telefone da Ingresso F\u00e1cil (11) 40032245 ou pela internet: ingressofacil.com.br.<\/p>\n<p><strong>Valores:<br \/>\n<\/strong>O ingresso mais barato \u00e9 para a arquibancada no desfile do grupo de acesso (R$ 25). O mais caro \u00e9 para a mesa de pista para quatro lugares, no setor G, durante o desfile do grupo especial realizado no s\u00e1bado (R$ 1.800). Tabela com valores detalhados no site da Ingresso F\u00e1cil<\/p>\n<p><strong>Bilheterias:<br \/>\n<\/strong>Funcionamento: Segunda a s\u00e1bado, das 11h \u00e0s 17h<br \/>\nCamarotes, cadeira de pista e mesa de pista e arquibancadas<\/p>\n<p>Bilheteria do Anhembi: Avenida Olavo Fontoura, 1209 &#8211; Santana<\/p>\n<p>Est\u00e1dio do Canind\u00e9 (Portuguesa): Rua Comendador Nestor Pereira, 33 &#8211; Canind\u00e9<\/p>\n<p>Gin\u00e1sio do Ibirapuera: Rua Manuel da N\u00f3brega, 1361 \u2013 Ibirapuera<\/p>\n<p>Est\u00e1dio do Pacaembu: Pra\u00e7a Charles Miller s\/n<\/p>\n<p>Est\u00e1dio Anacleto Campanella: R: Walter Tom\u00e9, n\u00ba 64 &#8211; Bairro &#8211; Ol\u00edmpico &#8211; S\u00e3o Caetano<\/p>\n<p>Est\u00e1dio Jos\u00e9 Bruno Daniel: Rua 24 de Maio, S\/N\u00ba &#8211; Santo Andr\u00e9<\/p>\n<p>Gin\u00e1sio de Esportes Jos\u00e9 Corr\u00eaa (Bilheteria A): Avenida Guilherme P. Guglielmo, 100 \u2013 Barueri<\/p>\n<p><em>Fonte: R7<\/em><\/p>\n\n<div style=\"font-size: 0px; height: 0px; line-height: 0px; margin: 0; padding: 0; clear: both;\"><\/div>","protected":false},"excerpt":{"rendered":"<p>Os ingressos para os desfiles do s\u00e1bado (5) do grupo especial do Carnaval de S\u00e3o Paulo no Samb\u00f3dromo do Anhembi, \u00a0no bairro de Santana,\u00a0est\u00e3o esgotados para todos os setores. Segundo a BWA, empresa administradora da Ingresso F\u00e1cil, restam apenas 6 mil ingressos para os desfiles da sexta-feira (4) do Grupo de Acesso. Os setores dispon\u00edveis s\u00e3o: Arquibancadas B,D e G, cadeiras de pista A, D e G e mesas de pista B e D. Pontos de venda Para comprar ingressos para arquibancadas, cadeiras de pista e mesas de pista, os interessados podem comparecer a um dos sete pontos de venda <\/p>\n","protected":false},"author":1,"featured_media":0,"comment_status":"open","ping_status":"closed","sticky":false,"template":"","format":"standard","meta":{"footnotes":""},"categories":[3],"tags":[10],"class_list":["post-823","post","type-post","status-publish","format-standard","hentry","category-noticias-em-santana","tag-santana"],"aioseo_notices":[],"aioseo_head":"\n\t\t<!-- All in One SEO 5.0.0.1 - aioseo.com -->\n\t<meta name=\"description\" content=\"Os ingressos para os desfiles do s\u00e1bado (5) do grupo especial do Carnaval de S\u00e3o Paulo no Samb\u00f3dromo do Anhembi, no bairro de Santana, est\u00e3o esgotados para todos os setores. Segundo a BWA, empresa administradora da Ingresso F\u00e1cil, restam apenas 6 mil ingressos para os desfiles da sexta-feira (4) do Grupo de Acesso. Os setores dispon\u00edveis\" \/>\n\t<meta name=\"robots\" content=\"max-image-preview:large\" \/>\n\t<meta name=\"author\" content=\"Encontra Santana\"\/>\n\t<link rel=\"canonical\" href=\"https:\/\/www.encontrasantana.com.br\/sobre\/santana-ingressos-para-os-desfiles-do-sabado-do-carnaval-de-sp-estao-esgotados\/\" \/>\n\t<meta name=\"generator\" content=\"All in One SEO (AIOSEO) 5.0.0.1\" \/>\n\t\t<meta property=\"og:locale\" content=\"pt_BR\" \/>\n\t\t<meta property=\"og:site_name\" content=\"Encontra Santana | Not\u00edcias, eventos, informa\u00e7\u00f5es e dicas no bairro de Santana e regi\u00e3o.\" \/>\n\t\t<meta property=\"og:type\" content=\"article\" \/>\n\t\t<meta property=\"og:title\" content=\"Santana: ingressos para os desfiles do s\u00e1bado do Carnaval de SP est\u00e3o esgotados \u00bb Encontra Santana\" \/>\n\t\t<meta property=\"og:description\" content=\"Os ingressos para os desfiles do s\u00e1bado (5) do grupo especial do Carnaval de S\u00e3o Paulo no Samb\u00f3dromo do Anhembi, no bairro de Santana, est\u00e3o esgotados para todos os setores. Segundo a BWA, empresa administradora da Ingresso F\u00e1cil, restam apenas 6 mil ingressos para os desfiles da sexta-feira (4) do Grupo de Acesso. Os setores dispon\u00edveis\" \/>\n\t\t<meta property=\"og:url\" content=\"https:\/\/www.encontrasantana.com.br\/sobre\/santana-ingressos-para-os-desfiles-do-sabado-do-carnaval-de-sp-estao-esgotados\/\" \/>\n\t\t<meta property=\"article:published_time\" content=\"2011-03-02T21:07:14+00:00\" \/>\n\t\t<meta property=\"article:modified_time\" content=\"2019-04-15T13:04:11+00:00\" \/>\n\t\t<meta name=\"twitter:card\" content=\"summary\" \/>\n\t\t<meta name=\"twitter:title\" content=\"Santana: ingressos para os desfiles do s\u00e1bado do Carnaval de SP est\u00e3o esgotados \u00bb Encontra Santana\" \/>\n\t\t<meta name=\"twitter:description\" content=\"Os ingressos para os desfiles do s\u00e1bado (5) do grupo especial do Carnaval de S\u00e3o Paulo no Samb\u00f3dromo do Anhembi, no bairro de Santana, est\u00e3o esgotados para todos os setores. Segundo a BWA, empresa administradora da Ingresso F\u00e1cil, restam apenas 6 mil ingressos para os desfiles da sexta-feira (4) do Grupo de Acesso. Os setores dispon\u00edveis\" \/>\n\t\t<script type=\"application\/ld+json\" class=\"aioseo-schema\">\n\t\t\t{\"@context\":\"https:\\\/\\\/schema.org\",\"@graph\":[{\"@type\":\"Article\",\"@id\":\"https:\\\/\\\/www.encontrasantana.com.br\\\/sobre\\\/santana-ingressos-para-os-desfiles-do-sabado-do-carnaval-de-sp-estao-esgotados\\\/#article\",\"name\":\"Santana: ingressos para os desfiles do s\\u00e1bado do Carnaval de SP est\\u00e3o esgotados \\u00bb Encontra Santana\",\"headline\":\"Santana: ingressos para os desfiles do s\\u00e1bado do Carnaval de SP est\\u00e3o esgotados\",\"author\":{\"@id\":\"https:\\\/\\\/www.encontrasantana.com.br\\\/sobre\\\/author\\\/esantana\\\/#author\"},\"publisher\":{\"@id\":\"https:\\\/\\\/www.encontrasantana.com.br\\\/sobre\\\/#organization\"},\"datePublished\":\"2011-03-02T18:07:14-03:00\",\"dateModified\":\"2019-04-15T10:04:11-03:00\",\"inLanguage\":\"pt-BR\",\"mainEntityOfPage\":{\"@id\":\"https:\\\/\\\/www.encontrasantana.com.br\\\/sobre\\\/santana-ingressos-para-os-desfiles-do-sabado-do-carnaval-de-sp-estao-esgotados\\\/#webpage\"},\"isPartOf\":{\"@id\":\"https:\\\/\\\/www.encontrasantana.com.br\\\/sobre\\\/santana-ingressos-para-os-desfiles-do-sabado-do-carnaval-de-sp-estao-esgotados\\\/#webpage\"},\"articleSection\":\"Not\\u00edcias Santana, Santana\"},{\"@type\":\"BreadcrumbList\",\"@id\":\"https:\\\/\\\/www.encontrasantana.com.br\\\/sobre\\\/santana-ingressos-para-os-desfiles-do-sabado-do-carnaval-de-sp-estao-esgotados\\\/#breadcrumblist\",\"itemListElement\":[{\"@type\":\"ListItem\",\"@id\":\"https:\\\/\\\/www.encontrasantana.com.br\\\/sobre#listItem\",\"position\":1,\"name\":\"In\\u00edcio\",\"item\":\"https:\\\/\\\/www.encontrasantana.com.br\\\/sobre\",\"nextItem\":{\"@type\":\"ListItem\",\"@id\":\"https:\\\/\\\/www.encontrasantana.com.br\\\/sobre\\\/noticias-em-santana\\\/#listItem\",\"name\":\"Not\\u00edcias Santana\"}},{\"@type\":\"ListItem\",\"@id\":\"https:\\\/\\\/www.encontrasantana.com.br\\\/sobre\\\/noticias-em-santana\\\/#listItem\",\"position\":2,\"name\":\"Not\\u00edcias Santana\",\"item\":\"https:\\\/\\\/www.encontrasantana.com.br\\\/sobre\\\/noticias-em-santana\\\/\",\"nextItem\":{\"@type\":\"ListItem\",\"@id\":\"https:\\\/\\\/www.encontrasantana.com.br\\\/sobre\\\/santana-ingressos-para-os-desfiles-do-sabado-do-carnaval-de-sp-estao-esgotados\\\/#listItem\",\"name\":\"Santana: ingressos para os desfiles do s\\u00e1bado do Carnaval de SP est\\u00e3o esgotados\"},\"previousItem\":{\"@type\":\"ListItem\",\"@id\":\"https:\\\/\\\/www.encontrasantana.com.br\\\/sobre#listItem\",\"name\":\"In\\u00edcio\"}},{\"@type\":\"ListItem\",\"@id\":\"https:\\\/\\\/www.encontrasantana.com.br\\\/sobre\\\/santana-ingressos-para-os-desfiles-do-sabado-do-carnaval-de-sp-estao-esgotados\\\/#listItem\",\"position\":3,\"name\":\"Santana: ingressos para os desfiles do s\\u00e1bado do Carnaval de SP est\\u00e3o esgotados\",\"previousItem\":{\"@type\":\"ListItem\",\"@id\":\"https:\\\/\\\/www.encontrasantana.com.br\\\/sobre\\\/noticias-em-santana\\\/#listItem\",\"name\":\"Not\\u00edcias Santana\"}}]},{\"@type\":\"Organization\",\"@id\":\"https:\\\/\\\/www.encontrasantana.com.br\\\/sobre\\\/#organization\",\"name\":\"Encontra Santana\",\"description\":\"Not\\u00edcias, eventos, informa\\u00e7\\u00f5es e dicas no bairro de Santana e regi\\u00e3o.\",\"url\":\"https:\\\/\\\/www.encontrasantana.com.br\\\/sobre\\\/\"},{\"@type\":\"Person\",\"@id\":\"https:\\\/\\\/www.encontrasantana.com.br\\\/sobre\\\/author\\\/esantana\\\/#author\",\"url\":\"https:\\\/\\\/www.encontrasantana.com.br\\\/sobre\\\/author\\\/esantana\\\/\",\"name\":\"Encontra Santana\",\"image\":{\"@type\":\"ImageObject\",\"@id\":\"https:\\\/\\\/www.encontrasantana.com.br\\\/sobre\\\/santana-ingressos-para-os-desfiles-do-sabado-do-carnaval-de-sp-estao-esgotados\\\/#authorImage\",\"url\":\"https:\\\/\\\/secure.gravatar.com\\\/avatar\\\/0fbed662e37531ae23e68f85f9517b2454e50c1dfebf80eb9b721449ac95e0b9?s=96&d=mm&r=g\",\"width\":96,\"height\":96,\"caption\":\"Encontra Santana\"}},{\"@type\":\"WebPage\",\"@id\":\"https:\\\/\\\/www.encontrasantana.com.br\\\/sobre\\\/santana-ingressos-para-os-desfiles-do-sabado-do-carnaval-de-sp-estao-esgotados\\\/#webpage\",\"url\":\"https:\\\/\\\/www.encontrasantana.com.br\\\/sobre\\\/santana-ingressos-para-os-desfiles-do-sabado-do-carnaval-de-sp-estao-esgotados\\\/\",\"name\":\"Santana: ingressos para os desfiles do s\\u00e1bado do Carnaval de SP est\\u00e3o esgotados \\u00bb Encontra Santana\",\"description\":\"Os ingressos para os desfiles do s\\u00e1bado (5) do grupo especial do Carnaval de S\\u00e3o Paulo no Samb\\u00f3dromo do Anhembi, no bairro de Santana, est\\u00e3o esgotados para todos os setores. Segundo a BWA, empresa administradora da Ingresso F\\u00e1cil, restam apenas 6 mil ingressos para os desfiles da sexta-feira (4) do Grupo de Acesso. Os setores dispon\\u00edveis\",\"inLanguage\":\"pt-BR\",\"isPartOf\":{\"@id\":\"https:\\\/\\\/www.encontrasantana.com.br\\\/sobre\\\/#website\"},\"breadcrumb\":{\"@id\":\"https:\\\/\\\/www.encontrasantana.com.br\\\/sobre\\\/santana-ingressos-para-os-desfiles-do-sabado-do-carnaval-de-sp-estao-esgotados\\\/#breadcrumblist\"},\"author\":{\"@id\":\"https:\\\/\\\/www.encontrasantana.com.br\\\/sobre\\\/author\\\/esantana\\\/#author\"},\"creator\":{\"@id\":\"https:\\\/\\\/www.encontrasantana.com.br\\\/sobre\\\/author\\\/esantana\\\/#author\"},\"datePublished\":\"2011-03-02T18:07:14-03:00\",\"dateModified\":\"2019-04-15T10:04:11-03:00\"},{\"@type\":\"WebSite\",\"@id\":\"https:\\\/\\\/www.encontrasantana.com.br\\\/sobre\\\/#website\",\"url\":\"https:\\\/\\\/www.encontrasantana.com.br\\\/sobre\\\/\",\"name\":\"Encontra Santana\",\"description\":\"Not\\u00edcias, eventos, informa\\u00e7\\u00f5es e dicas no bairro de Santana e regi\\u00e3o.\",\"inLanguage\":\"pt-BR\",\"publisher\":{\"@id\":\"https:\\\/\\\/www.encontrasantana.com.br\\\/sobre\\\/#organization\"}}]}\n\t\t<\/script>\n\t\t<!-- All in One SEO -->\n\n","aioseo_head_json":{"title":"Santana: ingressos para os desfiles do s\u00e1bado do Carnaval de SP est\u00e3o esgotados \u00bb Encontra Santana","description":"Os ingressos para os desfiles do s\u00e1bado (5) do grupo especial do Carnaval de S\u00e3o Paulo no Samb\u00f3dromo do Anhembi, no bairro de Santana, est\u00e3o esgotados para todos os setores. Segundo a BWA, empresa administradora da Ingresso F\u00e1cil, restam apenas 6 mil ingressos para os desfiles da sexta-feira (4) do Grupo de Acesso. Os setores dispon\u00edveis","canonical_url":"https:\/\/www.encontrasantana.com.br\/sobre\/santana-ingressos-para-os-desfiles-do-sabado-do-carnaval-de-sp-estao-esgotados\/","robots":"max-image-preview:large","keywords":"","webmasterTools":{"miscellaneous":""},"schema":{"@context":"https:\/\/schema.org","@graph":[{"@type":"Article","@id":"https:\/\/www.encontrasantana.com.br\/sobre\/santana-ingressos-para-os-desfiles-do-sabado-do-carnaval-de-sp-estao-esgotados\/#article","name":"Santana: ingressos para os desfiles do s\u00e1bado do Carnaval de SP est\u00e3o esgotados \u00bb Encontra Santana","headline":"Santana: ingressos para os desfiles do s\u00e1bado do Carnaval de SP est\u00e3o esgotados","author":{"@id":"https:\/\/www.encontrasantana.com.br\/sobre\/author\/esantana\/#author"},"publisher":{"@id":"https:\/\/www.encontrasantana.com.br\/sobre\/#organization"},"datePublished":"2011-03-02T18:07:14-03:00","dateModified":"2019-04-15T10:04:11-03:00","inLanguage":"pt-BR","mainEntityOfPage":{"@id":"https:\/\/www.encontrasantana.com.br\/sobre\/santana-ingressos-para-os-desfiles-do-sabado-do-carnaval-de-sp-estao-esgotados\/#webpage"},"isPartOf":{"@id":"https:\/\/www.encontrasantana.com.br\/sobre\/santana-ingressos-para-os-desfiles-do-sabado-do-carnaval-de-sp-estao-esgotados\/#webpage"},"articleSection":"Not\u00edcias Santana, Santana"},{"@type":"BreadcrumbList","@id":"https:\/\/www.encontrasantana.com.br\/sobre\/santana-ingressos-para-os-desfiles-do-sabado-do-carnaval-de-sp-estao-esgotados\/#breadcrumblist","itemListElement":[{"@type":"ListItem","@id":"https:\/\/www.encontrasantana.com.br\/sobre#listItem","position":1,"name":"In\u00edcio","item":"https:\/\/www.encontrasantana.com.br\/sobre","nextItem":{"@type":"ListItem","@id":"https:\/\/www.encontrasantana.com.br\/sobre\/noticias-em-santana\/#listItem","name":"Not\u00edcias Santana"}},{"@type":"ListItem","@id":"https:\/\/www.encontrasantana.com.br\/sobre\/noticias-em-santana\/#listItem","position":2,"name":"Not\u00edcias Santana","item":"https:\/\/www.encontrasantana.com.br\/sobre\/noticias-em-santana\/","nextItem":{"@type":"ListItem","@id":"https:\/\/www.encontrasantana.com.br\/sobre\/santana-ingressos-para-os-desfiles-do-sabado-do-carnaval-de-sp-estao-esgotados\/#listItem","name":"Santana: ingressos para os desfiles do s\u00e1bado do Carnaval de SP est\u00e3o esgotados"},"previousItem":{"@type":"ListItem","@id":"https:\/\/www.encontrasantana.com.br\/sobre#listItem","name":"In\u00edcio"}},{"@type":"ListItem","@id":"https:\/\/www.encontrasantana.com.br\/sobre\/santana-ingressos-para-os-desfiles-do-sabado-do-carnaval-de-sp-estao-esgotados\/#listItem","position":3,"name":"Santana: ingressos para os desfiles do s\u00e1bado do Carnaval de SP est\u00e3o esgotados","previousItem":{"@type":"ListItem","@id":"https:\/\/www.encontrasantana.com.br\/sobre\/noticias-em-santana\/#listItem","name":"Not\u00edcias Santana"}}]},{"@type":"Organization","@id":"https:\/\/www.encontrasantana.com.br\/sobre\/#organization","name":"Encontra Santana","description":"Not\u00edcias, eventos, informa\u00e7\u00f5es e dicas no bairro de Santana e regi\u00e3o.","url":"https:\/\/www.encontrasantana.com.br\/sobre\/"},{"@type":"Person","@id":"https:\/\/www.encontrasantana.com.br\/sobre\/author\/esantana\/#author","url":"https:\/\/www.encontrasantana.com.br\/sobre\/author\/esantana\/","name":"Encontra Santana","image":{"@type":"ImageObject","@id":"https:\/\/www.encontrasantana.com.br\/sobre\/santana-ingressos-para-os-desfiles-do-sabado-do-carnaval-de-sp-estao-esgotados\/#authorImage","url":"https:\/\/secure.gravatar.com\/avatar\/0fbed662e37531ae23e68f85f9517b2454e50c1dfebf80eb9b721449ac95e0b9?s=96&d=mm&r=g","width":96,"height":96,"caption":"Encontra Santana"}},{"@type":"WebPage","@id":"https:\/\/www.encontrasantana.com.br\/sobre\/santana-ingressos-para-os-desfiles-do-sabado-do-carnaval-de-sp-estao-esgotados\/#webpage","url":"https:\/\/www.encontrasantana.com.br\/sobre\/santana-ingressos-para-os-desfiles-do-sabado-do-carnaval-de-sp-estao-esgotados\/","name":"Santana: ingressos para os desfiles do s\u00e1bado do Carnaval de SP est\u00e3o esgotados \u00bb Encontra Santana","description":"Os ingressos para os desfiles do s\u00e1bado (5) do grupo especial do Carnaval de S\u00e3o Paulo no Samb\u00f3dromo do Anhembi, no bairro de Santana, est\u00e3o esgotados para todos os setores. Segundo a BWA, empresa administradora da Ingresso F\u00e1cil, restam apenas 6 mil ingressos para os desfiles da sexta-feira (4) do Grupo de Acesso. Os setores dispon\u00edveis","inLanguage":"pt-BR","isPartOf":{"@id":"https:\/\/www.encontrasantana.com.br\/sobre\/#website"},"breadcrumb":{"@id":"https:\/\/www.encontrasantana.com.br\/sobre\/santana-ingressos-para-os-desfiles-do-sabado-do-carnaval-de-sp-estao-esgotados\/#breadcrumblist"},"author":{"@id":"https:\/\/www.encontrasantana.com.br\/sobre\/author\/esantana\/#author"},"creator":{"@id":"https:\/\/www.encontrasantana.com.br\/sobre\/author\/esantana\/#author"},"datePublished":"2011-03-02T18:07:14-03:00","dateModified":"2019-04-15T10:04:11-03:00"},{"@type":"WebSite","@id":"https:\/\/www.encontrasantana.com.br\/sobre\/#website","url":"https:\/\/www.encontrasantana.com.br\/sobre\/","name":"Encontra Santana","description":"Not\u00edcias, eventos, informa\u00e7\u00f5es e dicas no bairro de Santana e regi\u00e3o.","inLanguage":"pt-BR","publisher":{"@id":"https:\/\/www.encontrasantana.com.br\/sobre\/#organization"}}]},"og:locale":"pt_BR","og:site_name":"Encontra Santana | Not\u00edcias, eventos, informa\u00e7\u00f5es e dicas no bairro de Santana e regi\u00e3o.","og:type":"article","og:title":"Santana: ingressos para os desfiles do s\u00e1bado do Carnaval de SP est\u00e3o esgotados \u00bb Encontra Santana","og:description":"Os ingressos para os desfiles do s\u00e1bado (5) do grupo especial do Carnaval de S\u00e3o Paulo no Samb\u00f3dromo do Anhembi, no bairro de Santana, est\u00e3o esgotados para todos os setores. Segundo a BWA, empresa administradora da Ingresso F\u00e1cil, restam apenas 6 mil ingressos para os desfiles da sexta-feira (4) do Grupo de Acesso. Os setores dispon\u00edveis","og:url":"https:\/\/www.encontrasantana.com.br\/sobre\/santana-ingressos-para-os-desfiles-do-sabado-do-carnaval-de-sp-estao-esgotados\/","article:published_time":"2011-03-02T21:07:14+00:00","article:modified_time":"2019-04-15T13:04:11+00:00","twitter:card":"summary","twitter:title":"Santana: ingressos para os desfiles do s\u00e1bado do Carnaval de SP est\u00e3o esgotados \u00bb Encontra Santana","twitter:description":"Os ingressos para os desfiles do s\u00e1bado (5) do grupo especial do Carnaval de S\u00e3o Paulo no Samb\u00f3dromo do Anhembi, no bairro de Santana, est\u00e3o esgotados para todos os setores. Segundo a BWA, empresa administradora da Ingresso F\u00e1cil, restam apenas 6 mil ingressos para os desfiles da sexta-feira (4) do Grupo de Acesso. Os setores dispon\u00edveis"},"aioseo_meta_data":{"post_id":"823","title":null,"description":null,"keywords":null,"keyphrases":null,"primary_term":null,"canonical_url":null,"og_title":null,"og_description":null,"og_object_type":"default","og_image_type":"default","og_image_url":null,"og_image_width":null,"og_image_height":null,"og_image_custom_url":null,"og_image_custom_fields":null,"og_video":null,"og_custom_url":null,"og_article_section":null,"og_article_tags":null,"twitter_use_og":false,"twitter_card":"default","twitter_image_type":"default","twitter_image_url":null,"twitter_image_custom_url":null,"twitter_image_custom_fields":null,"twitter_title":null,"twitter_description":null,"schema":{"blockGraphs":[],"customGraphs":[],"default":{"data":{"Article":[],"Course":[],"Dataset":[],"FAQPage":[],"Movie":[],"Person":[],"Product":[],"ProductReview":[],"Car":[],"Recipe":[],"Service":[],"SoftwareApplication":[],"WebPage":[]},"graphName":"Article","isEnabled":true},"graphs":[]},"schema_type":null,"schema_type_options":null,"pillar_content":false,"robots_default":true,"robots_noindex":false,"robots_noarchive":false,"robots_nosnippet":false,"robots_nofollow":false,"robots_noimageindex":false,"robots_noodp":false,"robots_notranslate":false,"robots_max_snippet":null,"robots_max_videopreview":null,"robots_max_imagepreview":"large","priority":null,"frequency":null,"local_seo":null,"limit_modified_date":false,"created":"2021-04-20 21:05:29","updated":"2026-08-06 04:57:44","focus_keyword":null,"additional_keywords":null,"truseo_locale":null,"ai":null,"breadcrumb_settings":null,"seo_analyzer_scan_date":null},"aioseo_breadcrumb":"<div class=\"aioseo-breadcrumbs\"><span class=\"aioseo-breadcrumb\">\n\t\t\t<a href=\"https:\/\/www.encontrasantana.com.br\/sobre\" title=\"In\u00edcio\">In\u00edcio<\/a>\n\t\t<\/span><span class=\"aioseo-breadcrumb-separator\">&raquo;<\/span><span class=\"aioseo-breadcrumb\">\n\t\t\t<a href=\"https:\/\/www.encontrasantana.com.br\/sobre\/noticias-em-santana\/\" title=\"Not\u00edcias Santana\">Not\u00edcias Santana<\/a>\n\t\t<\/span><span class=\"aioseo-breadcrumb-separator\">&raquo;<\/span><span class=\"aioseo-breadcrumb\">\n\t\t\tSantana: ingressos para os desfiles do s\u00e1bado do Carnaval de SP est\u00e3o esgotados\n\t\t<\/span><\/div>","aioseo_breadcrumb_json":[{"label":"In\u00edcio","link":"https:\/\/www.encontrasantana.com.br\/sobre"},{"label":"Not\u00edcias Santana","link":"https:\/\/www.encontrasantana.com.br\/sobre\/noticias-em-santana\/"},{"label":"Santana: ingressos para os desfiles do s\u00e1bado do Carnaval de SP est\u00e3o esgotados","link":"https:\/\/www.encontrasantana.com.br\/sobre\/santana-ingressos-para-os-desfiles-do-sabado-do-carnaval-de-sp-estao-esgotados\/"}],"_links":{"self":[{"href":"https:\/\/www.encontrasantana.com.br\/sobre\/wp-json\/wp\/v2\/posts\/823","targetHints":{"allow":["GET"]}}],"collection":[{"href":"https:\/\/www.encontrasantana.com.br\/sobre\/wp-json\/wp\/v2\/posts"}],"about":[{"href":"https:\/\/www.encontrasantana.com.br\/sobre\/wp-json\/wp\/v2\/types\/post"}],"author":[{"embeddable":true,"href":"https:\/\/www.encontrasantana.com.br\/sobre\/wp-json\/wp\/v2\/users\/1"}],"replies":[{"embeddable":true,"href":"https:\/\/www.encontrasantana.com.br\/sobre\/wp-json\/wp\/v2\/comments?post=823"}],"version-history":[{"count":0,"href":"https:\/\/www.encontrasantana.com.br\/sobre\/wp-json\/wp\/v2\/posts\/823\/revisions"}],"wp:attachment":[{"href":"https:\/\/www.encontrasantana.com.br\/sobre\/wp-json\/wp\/v2\/media?parent=823"}],"wp:term":[{"taxonomy":"category","embeddable":true,"href":"https:\/\/www.encontrasantana.com.br\/sobre\/wp-json\/wp\/v2\/categories?post=823"},{"taxonomy":"post_tag","embeddable":true,"href":"https:\/\/www.encontrasantana.com.br\/sobre\/wp-json\/wp\/v2\/tags?post=823"}],"curies":[{"name":"wp","href":"https:\/\/api.w.org\/{rel}","templated":true}]}}