{"id":842,"date":"2011-03-04T17:03:16","date_gmt":"2011-03-04T20:03:16","guid":{"rendered":"http:\/\/www.encontrasantana.com.br\/blog\/?p=842"},"modified":"2019-04-15T10:04:10","modified_gmt":"2019-04-15T13:04:10","slug":"prefeitura-revitaliza-iluminacao-de-avenida-e-rua-na-regiao-de-santana","status":"publish","type":"post","link":"https:\/\/www.encontrasantana.com.br\/sobre\/prefeitura-revitaliza-iluminacao-de-avenida-e-rua-na-regiao-de-santana\/","title":{"rendered":"Prefeitura revitaliza ilumina\u00e7\u00e3o de avenida e rua na regi\u00e3o de Santana"},"content":{"rendered":"<div class=\"1acf8468e559fd3cbeec5aee3a269a52\" data-index=\"1\" style=\"float: none; margin:0px;\">\n<!-- Anuncio display - global -->\r\n<ins class=\"adsbygoogle\"\r\n     style=\"display:block\"\r\n     data-ad-client=\"ca-pub-8585364105181520\"\r\n     data-ad-slot=\"8789329856\"\r\n     data-ad-format=\"auto\"\r\n     data-full-width-responsive=\"true\"><\/ins>\r\n<script>\r\n     (adsbygoogle = window.adsbygoogle || []).push({});\r\n<\/script>\n<\/div>\n<p>A Secretaria de Servi\u00e7os, por meio do Departamento de Ilumina\u00e7\u00e3o P\u00fablica (Ilume), continua expandindo o projeto de valoriza\u00e7\u00e3o dos espa\u00e7os p\u00fablicos atrav\u00e9s da ilumina\u00e7\u00e3o. No fim do m\u00eas passado, todas as l\u00e2mpadas de vapor de s\u00f3dio (amarelas) da avenida Olavo Fontoura e da rua Professor Milton Rodrigues foram substitu\u00eddas por l\u00e2mpadas de vapor met\u00e1lico (brancas).<\/p>\n<p>A avenida Olavo Fontoura e a rua Professor Milton Rodrigues s\u00e3o vias importantes que possibilitam a liga\u00e7\u00e3o entre os bairros de Santana e Casa Verde, na Zona Norte de SP, al\u00e9m de ser um dos principais acessos ao Campo de Marte, ao Samb\u00f3dromo e ao <a href=\"http:\/\/www.encontrasantana.com.br\/santana\/anhembi-em-santana.shtml\" target=\"_blank\">Centro de Conven\u00e7\u00f5es do Anhembi<\/a>. Ao longo dos 2,3 quil\u00f4metros de extens\u00e3o da avenida, foram trocadas no total 106 l\u00e2mpadas de vapor de s\u00f3dio com pot\u00eancia 250w por unidades de vapor met\u00e1lico tamb\u00e9m com 250w. J\u00e1 na rua, foram substitu\u00eddas 24 l\u00e2mpadas met\u00e1licas.<\/p>\n<p>A vantagem da l\u00e2mpada de vapor met\u00e1lico \u00e9 que ela possui elevado \u00edndice de reprodu\u00e7\u00e3o de cores, dando destaque para a arquitetura dos pr\u00e9dios e estrutura dos viadutos, al\u00e9m de valorizar os espa\u00e7os p\u00fablicos.<\/p>\n<p>No ano passado, o Ilume remodelou a ilumina\u00e7\u00e3o em vias de destaque da Capital, como as avenidas Ipiranga e S\u00e3o Luiz, a pra\u00e7a Ramos de Azevedo e o entorno do Theatro Municipal. Recentemente, a avenida Paulista, um dos principais cart\u00f5es-postais da Cidade, tamb\u00e9m foi contemplada com uma ilumina\u00e7\u00e3o mais moderna. Em todos esses locais foram usadas l\u00e2mpadas de vapor met\u00e1lico.<\/p>\n<p><em>Fonte: Prefeitura de S\u00e3o Paulo<\/em><\/p>\n\n<div style=\"font-size: 0px; height: 0px; line-height: 0px; margin: 0; padding: 0; clear: both;\"><\/div>","protected":false},"excerpt":{"rendered":"<p>A Secretaria de Servi\u00e7os, por meio do Departamento de Ilumina\u00e7\u00e3o P\u00fablica (Ilume), continua expandindo o projeto de valoriza\u00e7\u00e3o dos espa\u00e7os p\u00fablicos atrav\u00e9s da ilumina\u00e7\u00e3o. No fim do m\u00eas passado, todas as l\u00e2mpadas de vapor de s\u00f3dio (amarelas) da avenida Olavo Fontoura e da rua Professor Milton Rodrigues foram substitu\u00eddas por l\u00e2mpadas de vapor met\u00e1lico (brancas). A avenida Olavo Fontoura e a rua Professor Milton Rodrigues s\u00e3o vias importantes que possibilitam a liga\u00e7\u00e3o entre os bairros de Santana e Casa Verde, na Zona Norte de SP, al\u00e9m de ser um dos principais acessos ao Campo de Marte, ao Samb\u00f3dromo e ao <\/p>\n","protected":false},"author":1,"featured_media":0,"comment_status":"open","ping_status":"closed","sticky":false,"template":"","format":"standard","meta":{"footnotes":""},"categories":[3],"tags":[10],"class_list":["post-842","post","type-post","status-publish","format-standard","hentry","category-noticias-em-santana","tag-santana"],"aioseo_notices":[],"aioseo_head":"\n\t\t<!-- All in One SEO 5.0.0.1 - aioseo.com -->\n\t<meta name=\"description\" content=\"A Secretaria de Servi\u00e7os, por meio do Departamento de Ilumina\u00e7\u00e3o P\u00fablica (Ilume), continua expandindo o projeto de valoriza\u00e7\u00e3o dos espa\u00e7os p\u00fablicos atrav\u00e9s da ilumina\u00e7\u00e3o. No fim do m\u00eas passado, todas as l\u00e2mpadas de vapor de s\u00f3dio (amarelas) da avenida Olavo Fontoura e da rua Professor Milton Rodrigues foram substitu\u00eddas por l\u00e2mpadas de vapor met\u00e1lico (brancas).\" \/>\n\t<meta name=\"robots\" content=\"max-image-preview:large\" \/>\n\t<meta name=\"author\" content=\"Encontra Santana\"\/>\n\t<link rel=\"canonical\" href=\"https:\/\/www.encontrasantana.com.br\/sobre\/prefeitura-revitaliza-iluminacao-de-avenida-e-rua-na-regiao-de-santana\/\" \/>\n\t<meta name=\"generator\" content=\"All in One SEO (AIOSEO) 5.0.0.1\" \/>\n\t\t<meta property=\"og:locale\" content=\"pt_BR\" \/>\n\t\t<meta property=\"og:site_name\" content=\"Encontra Santana | Not\u00edcias, eventos, informa\u00e7\u00f5es e dicas no bairro de Santana e regi\u00e3o.\" \/>\n\t\t<meta property=\"og:type\" content=\"article\" \/>\n\t\t<meta property=\"og:title\" content=\"Prefeitura revitaliza ilumina\u00e7\u00e3o de avenida e rua na regi\u00e3o de Santana \u00bb Encontra Santana\" \/>\n\t\t<meta property=\"og:description\" content=\"A Secretaria de Servi\u00e7os, por meio do Departamento de Ilumina\u00e7\u00e3o P\u00fablica (Ilume), continua expandindo o projeto de valoriza\u00e7\u00e3o dos espa\u00e7os p\u00fablicos atrav\u00e9s da ilumina\u00e7\u00e3o. No fim do m\u00eas passado, todas as l\u00e2mpadas de vapor de s\u00f3dio (amarelas) da avenida Olavo Fontoura e da rua Professor Milton Rodrigues foram substitu\u00eddas por l\u00e2mpadas de vapor met\u00e1lico (brancas).\" \/>\n\t\t<meta property=\"og:url\" content=\"https:\/\/www.encontrasantana.com.br\/sobre\/prefeitura-revitaliza-iluminacao-de-avenida-e-rua-na-regiao-de-santana\/\" \/>\n\t\t<meta property=\"article:published_time\" content=\"2011-03-04T20:03:16+00:00\" \/>\n\t\t<meta property=\"article:modified_time\" content=\"2019-04-15T13:04:10+00:00\" \/>\n\t\t<meta name=\"twitter:card\" content=\"summary\" \/>\n\t\t<meta name=\"twitter:title\" content=\"Prefeitura revitaliza ilumina\u00e7\u00e3o de avenida e rua na regi\u00e3o de Santana \u00bb Encontra Santana\" \/>\n\t\t<meta name=\"twitter:description\" content=\"A Secretaria de Servi\u00e7os, por meio do Departamento de Ilumina\u00e7\u00e3o P\u00fablica (Ilume), continua expandindo o projeto de valoriza\u00e7\u00e3o dos espa\u00e7os p\u00fablicos atrav\u00e9s da ilumina\u00e7\u00e3o. No fim do m\u00eas passado, todas as l\u00e2mpadas de vapor de s\u00f3dio (amarelas) da avenida Olavo Fontoura e da rua Professor Milton Rodrigues foram substitu\u00eddas por l\u00e2mpadas de vapor met\u00e1lico (brancas).\" \/>\n\t\t<script type=\"application\/ld+json\" class=\"aioseo-schema\">\n\t\t\t{\"@context\":\"https:\\\/\\\/schema.org\",\"@graph\":[{\"@type\":\"Article\",\"@id\":\"https:\\\/\\\/www.encontrasantana.com.br\\\/sobre\\\/prefeitura-revitaliza-iluminacao-de-avenida-e-rua-na-regiao-de-santana\\\/#article\",\"name\":\"Prefeitura revitaliza ilumina\\u00e7\\u00e3o de avenida e rua na regi\\u00e3o de Santana \\u00bb Encontra Santana\",\"headline\":\"Prefeitura revitaliza ilumina\\u00e7\\u00e3o de avenida e rua na regi\\u00e3o de Santana\",\"author\":{\"@id\":\"https:\\\/\\\/www.encontrasantana.com.br\\\/sobre\\\/author\\\/esantana\\\/#author\"},\"publisher\":{\"@id\":\"https:\\\/\\\/www.encontrasantana.com.br\\\/sobre\\\/#organization\"},\"datePublished\":\"2011-03-04T17:03:16-03:00\",\"dateModified\":\"2019-04-15T10:04:10-03:00\",\"inLanguage\":\"pt-BR\",\"mainEntityOfPage\":{\"@id\":\"https:\\\/\\\/www.encontrasantana.com.br\\\/sobre\\\/prefeitura-revitaliza-iluminacao-de-avenida-e-rua-na-regiao-de-santana\\\/#webpage\"},\"isPartOf\":{\"@id\":\"https:\\\/\\\/www.encontrasantana.com.br\\\/sobre\\\/prefeitura-revitaliza-iluminacao-de-avenida-e-rua-na-regiao-de-santana\\\/#webpage\"},\"articleSection\":\"Not\\u00edcias Santana, Santana\"},{\"@type\":\"BreadcrumbList\",\"@id\":\"https:\\\/\\\/www.encontrasantana.com.br\\\/sobre\\\/prefeitura-revitaliza-iluminacao-de-avenida-e-rua-na-regiao-de-santana\\\/#breadcrumblist\",\"itemListElement\":[{\"@type\":\"ListItem\",\"@id\":\"https:\\\/\\\/www.encontrasantana.com.br\\\/sobre#listItem\",\"position\":1,\"name\":\"In\\u00edcio\",\"item\":\"https:\\\/\\\/www.encontrasantana.com.br\\\/sobre\",\"nextItem\":{\"@type\":\"ListItem\",\"@id\":\"https:\\\/\\\/www.encontrasantana.com.br\\\/sobre\\\/noticias-em-santana\\\/#listItem\",\"name\":\"Not\\u00edcias Santana\"}},{\"@type\":\"ListItem\",\"@id\":\"https:\\\/\\\/www.encontrasantana.com.br\\\/sobre\\\/noticias-em-santana\\\/#listItem\",\"position\":2,\"name\":\"Not\\u00edcias Santana\",\"item\":\"https:\\\/\\\/www.encontrasantana.com.br\\\/sobre\\\/noticias-em-santana\\\/\",\"nextItem\":{\"@type\":\"ListItem\",\"@id\":\"https:\\\/\\\/www.encontrasantana.com.br\\\/sobre\\\/prefeitura-revitaliza-iluminacao-de-avenida-e-rua-na-regiao-de-santana\\\/#listItem\",\"name\":\"Prefeitura revitaliza ilumina\\u00e7\\u00e3o de avenida e rua na regi\\u00e3o de Santana\"},\"previousItem\":{\"@type\":\"ListItem\",\"@id\":\"https:\\\/\\\/www.encontrasantana.com.br\\\/sobre#listItem\",\"name\":\"In\\u00edcio\"}},{\"@type\":\"ListItem\",\"@id\":\"https:\\\/\\\/www.encontrasantana.com.br\\\/sobre\\\/prefeitura-revitaliza-iluminacao-de-avenida-e-rua-na-regiao-de-santana\\\/#listItem\",\"position\":3,\"name\":\"Prefeitura revitaliza ilumina\\u00e7\\u00e3o de avenida e rua na regi\\u00e3o de Santana\",\"previousItem\":{\"@type\":\"ListItem\",\"@id\":\"https:\\\/\\\/www.encontrasantana.com.br\\\/sobre\\\/noticias-em-santana\\\/#listItem\",\"name\":\"Not\\u00edcias Santana\"}}]},{\"@type\":\"Organization\",\"@id\":\"https:\\\/\\\/www.encontrasantana.com.br\\\/sobre\\\/#organization\",\"name\":\"Encontra Santana\",\"description\":\"Not\\u00edcias, eventos, informa\\u00e7\\u00f5es e dicas no bairro de Santana e regi\\u00e3o.\",\"url\":\"https:\\\/\\\/www.encontrasantana.com.br\\\/sobre\\\/\"},{\"@type\":\"Person\",\"@id\":\"https:\\\/\\\/www.encontrasantana.com.br\\\/sobre\\\/author\\\/esantana\\\/#author\",\"url\":\"https:\\\/\\\/www.encontrasantana.com.br\\\/sobre\\\/author\\\/esantana\\\/\",\"name\":\"Encontra Santana\",\"image\":{\"@type\":\"ImageObject\",\"@id\":\"https:\\\/\\\/www.encontrasantana.com.br\\\/sobre\\\/prefeitura-revitaliza-iluminacao-de-avenida-e-rua-na-regiao-de-santana\\\/#authorImage\",\"url\":\"https:\\\/\\\/secure.gravatar.com\\\/avatar\\\/0fbed662e37531ae23e68f85f9517b2454e50c1dfebf80eb9b721449ac95e0b9?s=96&d=mm&r=g\",\"width\":96,\"height\":96,\"caption\":\"Encontra Santana\"}},{\"@type\":\"WebPage\",\"@id\":\"https:\\\/\\\/www.encontrasantana.com.br\\\/sobre\\\/prefeitura-revitaliza-iluminacao-de-avenida-e-rua-na-regiao-de-santana\\\/#webpage\",\"url\":\"https:\\\/\\\/www.encontrasantana.com.br\\\/sobre\\\/prefeitura-revitaliza-iluminacao-de-avenida-e-rua-na-regiao-de-santana\\\/\",\"name\":\"Prefeitura revitaliza ilumina\\u00e7\\u00e3o de avenida e rua na regi\\u00e3o de Santana \\u00bb Encontra Santana\",\"description\":\"A Secretaria de Servi\\u00e7os, por meio do Departamento de Ilumina\\u00e7\\u00e3o P\\u00fablica (Ilume), continua expandindo o projeto de valoriza\\u00e7\\u00e3o dos espa\\u00e7os p\\u00fablicos atrav\\u00e9s da ilumina\\u00e7\\u00e3o. No fim do m\\u00eas passado, todas as l\\u00e2mpadas de vapor de s\\u00f3dio (amarelas) da avenida Olavo Fontoura e da rua Professor Milton Rodrigues foram substitu\\u00eddas por l\\u00e2mpadas de vapor met\\u00e1lico (brancas).\",\"inLanguage\":\"pt-BR\",\"isPartOf\":{\"@id\":\"https:\\\/\\\/www.encontrasantana.com.br\\\/sobre\\\/#website\"},\"breadcrumb\":{\"@id\":\"https:\\\/\\\/www.encontrasantana.com.br\\\/sobre\\\/prefeitura-revitaliza-iluminacao-de-avenida-e-rua-na-regiao-de-santana\\\/#breadcrumblist\"},\"author\":{\"@id\":\"https:\\\/\\\/www.encontrasantana.com.br\\\/sobre\\\/author\\\/esantana\\\/#author\"},\"creator\":{\"@id\":\"https:\\\/\\\/www.encontrasantana.com.br\\\/sobre\\\/author\\\/esantana\\\/#author\"},\"datePublished\":\"2011-03-04T17:03:16-03:00\",\"dateModified\":\"2019-04-15T10:04:10-03:00\"},{\"@type\":\"WebSite\",\"@id\":\"https:\\\/\\\/www.encontrasantana.com.br\\\/sobre\\\/#website\",\"url\":\"https:\\\/\\\/www.encontrasantana.com.br\\\/sobre\\\/\",\"name\":\"Encontra Santana\",\"description\":\"Not\\u00edcias, eventos, informa\\u00e7\\u00f5es e dicas no bairro de Santana e regi\\u00e3o.\",\"inLanguage\":\"pt-BR\",\"publisher\":{\"@id\":\"https:\\\/\\\/www.encontrasantana.com.br\\\/sobre\\\/#organization\"}}]}\n\t\t<\/script>\n\t\t<!-- All in One SEO -->\n\n","aioseo_head_json":{"title":"Prefeitura revitaliza ilumina\u00e7\u00e3o de avenida e rua na regi\u00e3o de Santana \u00bb Encontra Santana","description":"A Secretaria de Servi\u00e7os, por meio do Departamento de Ilumina\u00e7\u00e3o P\u00fablica (Ilume), continua expandindo o projeto de valoriza\u00e7\u00e3o dos espa\u00e7os p\u00fablicos atrav\u00e9s da ilumina\u00e7\u00e3o. No fim do m\u00eas passado, todas as l\u00e2mpadas de vapor de s\u00f3dio (amarelas) da avenida Olavo Fontoura e da rua Professor Milton Rodrigues foram substitu\u00eddas por l\u00e2mpadas de vapor met\u00e1lico (brancas).","canonical_url":"https:\/\/www.encontrasantana.com.br\/sobre\/prefeitura-revitaliza-iluminacao-de-avenida-e-rua-na-regiao-de-santana\/","robots":"max-image-preview:large","keywords":"","webmasterTools":{"miscellaneous":""},"schema":{"@context":"https:\/\/schema.org","@graph":[{"@type":"Article","@id":"https:\/\/www.encontrasantana.com.br\/sobre\/prefeitura-revitaliza-iluminacao-de-avenida-e-rua-na-regiao-de-santana\/#article","name":"Prefeitura revitaliza ilumina\u00e7\u00e3o de avenida e rua na regi\u00e3o de Santana \u00bb Encontra Santana","headline":"Prefeitura revitaliza ilumina\u00e7\u00e3o de avenida e rua na regi\u00e3o de Santana","author":{"@id":"https:\/\/www.encontrasantana.com.br\/sobre\/author\/esantana\/#author"},"publisher":{"@id":"https:\/\/www.encontrasantana.com.br\/sobre\/#organization"},"datePublished":"2011-03-04T17:03:16-03:00","dateModified":"2019-04-15T10:04:10-03:00","inLanguage":"pt-BR","mainEntityOfPage":{"@id":"https:\/\/www.encontrasantana.com.br\/sobre\/prefeitura-revitaliza-iluminacao-de-avenida-e-rua-na-regiao-de-santana\/#webpage"},"isPartOf":{"@id":"https:\/\/www.encontrasantana.com.br\/sobre\/prefeitura-revitaliza-iluminacao-de-avenida-e-rua-na-regiao-de-santana\/#webpage"},"articleSection":"Not\u00edcias Santana, Santana"},{"@type":"BreadcrumbList","@id":"https:\/\/www.encontrasantana.com.br\/sobre\/prefeitura-revitaliza-iluminacao-de-avenida-e-rua-na-regiao-de-santana\/#breadcrumblist","itemListElement":[{"@type":"ListItem","@id":"https:\/\/www.encontrasantana.com.br\/sobre#listItem","position":1,"name":"In\u00edcio","item":"https:\/\/www.encontrasantana.com.br\/sobre","nextItem":{"@type":"ListItem","@id":"https:\/\/www.encontrasantana.com.br\/sobre\/noticias-em-santana\/#listItem","name":"Not\u00edcias Santana"}},{"@type":"ListItem","@id":"https:\/\/www.encontrasantana.com.br\/sobre\/noticias-em-santana\/#listItem","position":2,"name":"Not\u00edcias Santana","item":"https:\/\/www.encontrasantana.com.br\/sobre\/noticias-em-santana\/","nextItem":{"@type":"ListItem","@id":"https:\/\/www.encontrasantana.com.br\/sobre\/prefeitura-revitaliza-iluminacao-de-avenida-e-rua-na-regiao-de-santana\/#listItem","name":"Prefeitura revitaliza ilumina\u00e7\u00e3o de avenida e rua na regi\u00e3o de Santana"},"previousItem":{"@type":"ListItem","@id":"https:\/\/www.encontrasantana.com.br\/sobre#listItem","name":"In\u00edcio"}},{"@type":"ListItem","@id":"https:\/\/www.encontrasantana.com.br\/sobre\/prefeitura-revitaliza-iluminacao-de-avenida-e-rua-na-regiao-de-santana\/#listItem","position":3,"name":"Prefeitura revitaliza ilumina\u00e7\u00e3o de avenida e rua na regi\u00e3o de Santana","previousItem":{"@type":"ListItem","@id":"https:\/\/www.encontrasantana.com.br\/sobre\/noticias-em-santana\/#listItem","name":"Not\u00edcias Santana"}}]},{"@type":"Organization","@id":"https:\/\/www.encontrasantana.com.br\/sobre\/#organization","name":"Encontra Santana","description":"Not\u00edcias, eventos, informa\u00e7\u00f5es e dicas no bairro de Santana e regi\u00e3o.","url":"https:\/\/www.encontrasantana.com.br\/sobre\/"},{"@type":"Person","@id":"https:\/\/www.encontrasantana.com.br\/sobre\/author\/esantana\/#author","url":"https:\/\/www.encontrasantana.com.br\/sobre\/author\/esantana\/","name":"Encontra Santana","image":{"@type":"ImageObject","@id":"https:\/\/www.encontrasantana.com.br\/sobre\/prefeitura-revitaliza-iluminacao-de-avenida-e-rua-na-regiao-de-santana\/#authorImage","url":"https:\/\/secure.gravatar.com\/avatar\/0fbed662e37531ae23e68f85f9517b2454e50c1dfebf80eb9b721449ac95e0b9?s=96&d=mm&r=g","width":96,"height":96,"caption":"Encontra Santana"}},{"@type":"WebPage","@id":"https:\/\/www.encontrasantana.com.br\/sobre\/prefeitura-revitaliza-iluminacao-de-avenida-e-rua-na-regiao-de-santana\/#webpage","url":"https:\/\/www.encontrasantana.com.br\/sobre\/prefeitura-revitaliza-iluminacao-de-avenida-e-rua-na-regiao-de-santana\/","name":"Prefeitura revitaliza ilumina\u00e7\u00e3o de avenida e rua na regi\u00e3o de Santana \u00bb Encontra Santana","description":"A Secretaria de Servi\u00e7os, por meio do Departamento de Ilumina\u00e7\u00e3o P\u00fablica (Ilume), continua expandindo o projeto de valoriza\u00e7\u00e3o dos espa\u00e7os p\u00fablicos atrav\u00e9s da ilumina\u00e7\u00e3o. No fim do m\u00eas passado, todas as l\u00e2mpadas de vapor de s\u00f3dio (amarelas) da avenida Olavo Fontoura e da rua Professor Milton Rodrigues foram substitu\u00eddas por l\u00e2mpadas de vapor met\u00e1lico (brancas).","inLanguage":"pt-BR","isPartOf":{"@id":"https:\/\/www.encontrasantana.com.br\/sobre\/#website"},"breadcrumb":{"@id":"https:\/\/www.encontrasantana.com.br\/sobre\/prefeitura-revitaliza-iluminacao-de-avenida-e-rua-na-regiao-de-santana\/#breadcrumblist"},"author":{"@id":"https:\/\/www.encontrasantana.com.br\/sobre\/author\/esantana\/#author"},"creator":{"@id":"https:\/\/www.encontrasantana.com.br\/sobre\/author\/esantana\/#author"},"datePublished":"2011-03-04T17:03:16-03:00","dateModified":"2019-04-15T10:04:10-03:00"},{"@type":"WebSite","@id":"https:\/\/www.encontrasantana.com.br\/sobre\/#website","url":"https:\/\/www.encontrasantana.com.br\/sobre\/","name":"Encontra Santana","description":"Not\u00edcias, eventos, informa\u00e7\u00f5es e dicas no bairro de Santana e regi\u00e3o.","inLanguage":"pt-BR","publisher":{"@id":"https:\/\/www.encontrasantana.com.br\/sobre\/#organization"}}]},"og:locale":"pt_BR","og:site_name":"Encontra Santana | Not\u00edcias, eventos, informa\u00e7\u00f5es e dicas no bairro de Santana e regi\u00e3o.","og:type":"article","og:title":"Prefeitura revitaliza ilumina\u00e7\u00e3o de avenida e rua na regi\u00e3o de Santana \u00bb Encontra Santana","og:description":"A Secretaria de Servi\u00e7os, por meio do Departamento de Ilumina\u00e7\u00e3o P\u00fablica (Ilume), continua expandindo o projeto de valoriza\u00e7\u00e3o dos espa\u00e7os p\u00fablicos atrav\u00e9s da ilumina\u00e7\u00e3o. No fim do m\u00eas passado, todas as l\u00e2mpadas de vapor de s\u00f3dio (amarelas) da avenida Olavo Fontoura e da rua Professor Milton Rodrigues foram substitu\u00eddas por l\u00e2mpadas de vapor met\u00e1lico (brancas).","og:url":"https:\/\/www.encontrasantana.com.br\/sobre\/prefeitura-revitaliza-iluminacao-de-avenida-e-rua-na-regiao-de-santana\/","article:published_time":"2011-03-04T20:03:16+00:00","article:modified_time":"2019-04-15T13:04:10+00:00","twitter:card":"summary","twitter:title":"Prefeitura revitaliza ilumina\u00e7\u00e3o de avenida e rua na regi\u00e3o de Santana \u00bb Encontra Santana","twitter:description":"A Secretaria de Servi\u00e7os, por meio do Departamento de Ilumina\u00e7\u00e3o P\u00fablica (Ilume), continua expandindo o projeto de valoriza\u00e7\u00e3o dos espa\u00e7os p\u00fablicos atrav\u00e9s da ilumina\u00e7\u00e3o. No fim do m\u00eas passado, todas as l\u00e2mpadas de vapor de s\u00f3dio (amarelas) da avenida Olavo Fontoura e da rua Professor Milton Rodrigues foram substitu\u00eddas por l\u00e2mpadas de vapor met\u00e1lico (brancas)."},"aioseo_meta_data":{"post_id":"842","title":null,"description":null,"keywords":null,"keyphrases":null,"primary_term":null,"canonical_url":null,"og_title":null,"og_description":null,"og_object_type":"default","og_image_type":"default","og_image_url":null,"og_image_width":null,"og_image_height":null,"og_image_custom_url":null,"og_image_custom_fields":null,"og_video":null,"og_custom_url":null,"og_article_section":null,"og_article_tags":null,"twitter_use_og":false,"twitter_card":"default","twitter_image_type":"default","twitter_image_url":null,"twitter_image_custom_url":null,"twitter_image_custom_fields":null,"twitter_title":null,"twitter_description":null,"schema":{"blockGraphs":[],"customGraphs":[],"default":{"data":{"Article":[],"Course":[],"Dataset":[],"FAQPage":[],"Movie":[],"Person":[],"Product":[],"ProductReview":[],"Car":[],"Recipe":[],"Service":[],"SoftwareApplication":[],"WebPage":[]},"graphName":"Article","isEnabled":true},"graphs":[]},"schema_type":null,"schema_type_options":null,"pillar_content":false,"robots_default":true,"robots_noindex":false,"robots_noarchive":false,"robots_nosnippet":false,"robots_nofollow":false,"robots_noimageindex":false,"robots_noodp":false,"robots_notranslate":false,"robots_max_snippet":null,"robots_max_videopreview":null,"robots_max_imagepreview":"large","priority":null,"frequency":null,"local_seo":null,"limit_modified_date":false,"created":"2021-04-20 21:07:08","updated":"2026-08-06 05:21:38","focus_keyword":null,"additional_keywords":null,"truseo_locale":null,"ai":null,"breadcrumb_settings":null,"seo_analyzer_scan_date":null},"aioseo_breadcrumb":"<div class=\"aioseo-breadcrumbs\"><span class=\"aioseo-breadcrumb\">\n\t\t\t<a href=\"https:\/\/www.encontrasantana.com.br\/sobre\" title=\"In\u00edcio\">In\u00edcio<\/a>\n\t\t<\/span><span class=\"aioseo-breadcrumb-separator\">&raquo;<\/span><span class=\"aioseo-breadcrumb\">\n\t\t\t<a href=\"https:\/\/www.encontrasantana.com.br\/sobre\/noticias-em-santana\/\" title=\"Not\u00edcias Santana\">Not\u00edcias Santana<\/a>\n\t\t<\/span><span class=\"aioseo-breadcrumb-separator\">&raquo;<\/span><span class=\"aioseo-breadcrumb\">\n\t\t\tPrefeitura revitaliza ilumina\u00e7\u00e3o de avenida e rua na regi\u00e3o de Santana\n\t\t<\/span><\/div>","aioseo_breadcrumb_json":[{"label":"In\u00edcio","link":"https:\/\/www.encontrasantana.com.br\/sobre"},{"label":"Not\u00edcias Santana","link":"https:\/\/www.encontrasantana.com.br\/sobre\/noticias-em-santana\/"},{"label":"Prefeitura revitaliza ilumina\u00e7\u00e3o de avenida e rua na regi\u00e3o de Santana","link":"https:\/\/www.encontrasantana.com.br\/sobre\/prefeitura-revitaliza-iluminacao-de-avenida-e-rua-na-regiao-de-santana\/"}],"_links":{"self":[{"href":"https:\/\/www.encontrasantana.com.br\/sobre\/wp-json\/wp\/v2\/posts\/842","targetHints":{"allow":["GET"]}}],"collection":[{"href":"https:\/\/www.encontrasantana.com.br\/sobre\/wp-json\/wp\/v2\/posts"}],"about":[{"href":"https:\/\/www.encontrasantana.com.br\/sobre\/wp-json\/wp\/v2\/types\/post"}],"author":[{"embeddable":true,"href":"https:\/\/www.encontrasantana.com.br\/sobre\/wp-json\/wp\/v2\/users\/1"}],"replies":[{"embeddable":true,"href":"https:\/\/www.encontrasantana.com.br\/sobre\/wp-json\/wp\/v2\/comments?post=842"}],"version-history":[{"count":0,"href":"https:\/\/www.encontrasantana.com.br\/sobre\/wp-json\/wp\/v2\/posts\/842\/revisions"}],"wp:attachment":[{"href":"https:\/\/www.encontrasantana.com.br\/sobre\/wp-json\/wp\/v2\/media?parent=842"}],"wp:term":[{"taxonomy":"category","embeddable":true,"href":"https:\/\/www.encontrasantana.com.br\/sobre\/wp-json\/wp\/v2\/categories?post=842"},{"taxonomy":"post_tag","embeddable":true,"href":"https:\/\/www.encontrasantana.com.br\/sobre\/wp-json\/wp\/v2\/tags?post=842"}],"curies":[{"name":"wp","href":"https:\/\/api.w.org\/{rel}","templated":true}]}}