{"id":846,"date":"2011-03-04T17:05:35","date_gmt":"2011-03-04T20:05:35","guid":{"rendered":"http:\/\/www.encontrasantana.com.br\/blog\/?p=846"},"modified":"2019-04-15T10:04:09","modified_gmt":"2019-04-15T13:04:09","slug":"desfiles-das-escolas-de-samba-de-sp-levam-32-mil-a-santana-nesta-sexta","status":"publish","type":"post","link":"https:\/\/www.encontrasantana.com.br\/sobre\/desfiles-das-escolas-de-samba-de-sp-levam-32-mil-a-santana-nesta-sexta\/","title":{"rendered":"Desfiles das escolas de samba de SP levam 32 mil a Santana nesta sexta"},"content":{"rendered":"<div class=\"1acf8468e559fd3cbeec5aee3a269a52\" data-index=\"1\" style=\"float: none; margin:0px;\">\n<!-- Anuncio display - global -->\r\n<ins class=\"adsbygoogle\"\r\n     style=\"display:block\"\r\n     data-ad-client=\"ca-pub-8585364105181520\"\r\n     data-ad-slot=\"8789329856\"\r\n     data-ad-format=\"auto\"\r\n     data-full-width-responsive=\"true\"><\/ins>\r\n<script>\r\n     (adsbygoogle = window.adsbygoogle || []).push({});\r\n<\/script>\n<\/div>\n<p>Pelo menos 32 mil pessoas estar\u00e3o nesta sexta-feira no <a href=\"http:\/\/www.encontrasantana.com.br\/santana\/anhembi-em-santana.shtml\" target=\"_blank\">samb\u00f3dromo do Anhembi<\/a>, em guia do bairro Santana, para acompanhar os desfiles da primeira noite do carnaval paulistano. Quatorze escolas desfilam pelo grupo Especial a partir de 23h. De volta ao Grupo Especial, a Unidos do Peruche abre o carnaval da cidade com o centen\u00e1rio do Teatro Municipal de S\u00e3o Paulo. Em meio \u00e0 dan\u00e7a e teatraliza\u00e7\u00e3o, a Peruche traz uma ala com 60 drag-queens, que v\u00e3o representar a pe\u00e7a &#8220;Vestido de Noiva&#8221;, de Nelson Rodrigues. O abre-alas ter\u00e1 uma plateia para retratar tudo o que passou pelo Municipal em 100 anos, como \u00f3peras e dan\u00e7as.<\/p>\n<p>Em seguida entra no samb\u00f3dromo a Tom Maior, que vai cantar S\u00e3o Bernardo do Campo, cidade do ABC paulista que abrigou as manifesta\u00e7\u00f5es dos metal\u00fargicos e tornou conhecido em todo pa\u00eds o ex-presidente Lula.\u00a0A presen\u00e7a de Lula no desfile da escola, por\u00e9m, ainda \u00e9 uma inc\u00f3gnita. O enredo mistura a hist\u00f3ria do santo S\u00e3o Bernardo com a origem da cidade. O desfile foi dividido em p\u00f3los: cultural, represa Billings, moveleiro e automobil\u00edstico. A Vera Cruz, companhia cinematogr\u00e1fica fundada em S\u00e3o Bernardo no final dos anos 40, ser\u00e1 um dos pontos altos do desfile.<\/p>\n<p>A presen\u00e7a e a alegria do povo nordestino em S\u00e3o Paulo s\u00e3o a aposta da Acad\u00eamicos do Tucuruvi. No final do ano passado, a escola chegou a receber e-mails de ofensas e amea\u00e7as por conta do enredo, mas segui em frente. Um dos carros, o &#8220;Danado de Bom&#8221;, ter\u00e1 uma escultura de Luiz Gonzaga com cerca de 7 metros de altura. Simbolizando a f\u00e9 nordestina, um Padre C\u00edcero, com 8 metros de altura, tamb\u00e9m ser\u00e1 visto no desfile da escola da Zona Norte. Edif\u00edcios como Copan e do Masp ganharam cores e estilos culturais nordestinos.<\/p>\n<p>Quarta escola a se apresentar, a campe\u00e3 Rosas de Ouro quer desejar sorte ao foli\u00e3o neste carnaval. O enredo \u00e9 abstrato, mas o p\u00fablico \u00e9 bem familiarizado com os elementos que comp\u00f5em o enredo: trevo de quatro folhas, loterias, o n\u00famero 13, figas e ferraduras. E para quem aprecia o biscoito chin\u00eas da sorte, a sua hist\u00f3ria ser\u00e1 revelada na avenida.<\/p>\n<p>A Mancha Verde contar\u00e1 a hist\u00f3ria de grandes criadores da humanidade como Albert Einstein e Leonardo da Vinci, e seus feitos. O Abre-alas simboliza o instante em que Deus cria o mundo. A alegoria simbolizar\u00e1 o barro, que se transformar\u00e1 na avenida. Dali surgir\u00e3o mais de 60 esp\u00e9cies de bichos. As cria\u00e7\u00f5es de Da Vinci, como os quadros, v\u00eam no segundo carro da Mancha Verde.<\/p>\n<p>Na mistura do popular com o erudito, a Vai-Vai faz uma homenagem ao maestro e pianista Jo\u00e3o Carlos Martins. A escola faz surpresa do local onde o maestro desfilar\u00e1. Com 70 anos de idade, o pianista se tornou maestro ap\u00f3s alguns problemas nas m\u00e3os o impossibilitarem de tocar piano. Uma das grandes sensa\u00e7\u00f5es da Vai-Vai promete ser apresenta\u00e7\u00e3o da Orquestra Bachiana junto com a bateria do Mestre Tadeu.<\/p>\n<p>Setenta judeus v\u00e3o abrir o desfile da P\u00e9rola Negra, que encerrar\u00e1 a primeira noite do carnaval 2011. A agremia\u00e7\u00e3o da Vila Madalena escolheu contar a lenda de Abra\u00e3o, o patriarca do juda\u00edsmo. Um dos carros da P\u00e9rola ter\u00e1 chafarizes que v\u00e3o lan\u00e7ar leite e mel.<\/p>\n<p><em>Fonte: O Globo<\/em><\/p>\n\n<div style=\"font-size: 0px; height: 0px; line-height: 0px; margin: 0; padding: 0; clear: both;\"><\/div>","protected":false},"excerpt":{"rendered":"<p>Pelo menos 32 mil pessoas estar\u00e3o nesta sexta-feira no samb\u00f3dromo do Anhembi, em guia do bairro Santana, para acompanhar os desfiles da primeira noite do carnaval paulistano. Quatorze escolas desfilam pelo grupo Especial a partir de 23h. De volta ao Grupo Especial, a Unidos do Peruche abre o carnaval da cidade com o centen\u00e1rio do Teatro Municipal de S\u00e3o Paulo. Em meio \u00e0 dan\u00e7a e teatraliza\u00e7\u00e3o, a Peruche traz uma ala com 60 drag-queens, que v\u00e3o representar a pe\u00e7a &#8220;Vestido de Noiva&#8221;, de Nelson Rodrigues. O abre-alas ter\u00e1 uma plateia para retratar tudo o que passou pelo Municipal em 100 <\/p>\n","protected":false},"author":1,"featured_media":0,"comment_status":"open","ping_status":"closed","sticky":false,"template":"","format":"standard","meta":{"footnotes":""},"categories":[3],"tags":[10],"class_list":["post-846","post","type-post","status-publish","format-standard","hentry","category-noticias-em-santana","tag-santana"],"aioseo_notices":[],"aioseo_head":"\n\t\t<!-- All in One SEO 5.0.0.1 - aioseo.com -->\n\t<meta name=\"description\" content=\"Pelo menos 32 mil pessoas estar\u00e3o nesta sexta-feira no samb\u00f3dromo do Anhembi, em guia do bairro Santana, para acompanhar os desfiles da primeira noite do carnaval paulistano. Quatorze escolas desfilam pelo grupo Especial a partir de 23h. De volta ao Grupo Especial, a Unidos do Peruche abre o carnaval da cidade com o centen\u00e1rio do\" \/>\n\t<meta name=\"robots\" content=\"max-image-preview:large\" \/>\n\t<meta name=\"author\" content=\"Encontra Santana\"\/>\n\t<link rel=\"canonical\" href=\"https:\/\/www.encontrasantana.com.br\/sobre\/desfiles-das-escolas-de-samba-de-sp-levam-32-mil-a-santana-nesta-sexta\/\" \/>\n\t<meta name=\"generator\" content=\"All in One SEO (AIOSEO) 5.0.0.1\" \/>\n\t\t<meta property=\"og:locale\" content=\"pt_BR\" \/>\n\t\t<meta property=\"og:site_name\" content=\"Encontra Santana | Not\u00edcias, eventos, informa\u00e7\u00f5es e dicas no bairro de Santana e regi\u00e3o.\" \/>\n\t\t<meta property=\"og:type\" content=\"article\" \/>\n\t\t<meta property=\"og:title\" content=\"Desfiles das escolas de samba de SP levam 32 mil a Santana nesta sexta \u00bb Encontra Santana\" \/>\n\t\t<meta property=\"og:description\" content=\"Pelo menos 32 mil pessoas estar\u00e3o nesta sexta-feira no samb\u00f3dromo do Anhembi, em guia do bairro Santana, para acompanhar os desfiles da primeira noite do carnaval paulistano. Quatorze escolas desfilam pelo grupo Especial a partir de 23h. De volta ao Grupo Especial, a Unidos do Peruche abre o carnaval da cidade com o centen\u00e1rio do\" \/>\n\t\t<meta property=\"og:url\" content=\"https:\/\/www.encontrasantana.com.br\/sobre\/desfiles-das-escolas-de-samba-de-sp-levam-32-mil-a-santana-nesta-sexta\/\" \/>\n\t\t<meta property=\"article:published_time\" content=\"2011-03-04T20:05:35+00:00\" \/>\n\t\t<meta property=\"article:modified_time\" content=\"2019-04-15T13:04:09+00:00\" \/>\n\t\t<meta name=\"twitter:card\" content=\"summary\" \/>\n\t\t<meta name=\"twitter:title\" content=\"Desfiles das escolas de samba de SP levam 32 mil a Santana nesta sexta \u00bb Encontra Santana\" \/>\n\t\t<meta name=\"twitter:description\" content=\"Pelo menos 32 mil pessoas estar\u00e3o nesta sexta-feira no samb\u00f3dromo do Anhembi, em guia do bairro Santana, para acompanhar os desfiles da primeira noite do carnaval paulistano. Quatorze escolas desfilam pelo grupo Especial a partir de 23h. De volta ao Grupo Especial, a Unidos do Peruche abre o carnaval da cidade com o centen\u00e1rio do\" \/>\n\t\t<script type=\"application\/ld+json\" class=\"aioseo-schema\">\n\t\t\t{\"@context\":\"https:\\\/\\\/schema.org\",\"@graph\":[{\"@type\":\"Article\",\"@id\":\"https:\\\/\\\/www.encontrasantana.com.br\\\/sobre\\\/desfiles-das-escolas-de-samba-de-sp-levam-32-mil-a-santana-nesta-sexta\\\/#article\",\"name\":\"Desfiles das escolas de samba de SP levam 32 mil a Santana nesta sexta \\u00bb Encontra Santana\",\"headline\":\"Desfiles das escolas de samba de SP levam 32 mil a Santana nesta sexta\",\"author\":{\"@id\":\"https:\\\/\\\/www.encontrasantana.com.br\\\/sobre\\\/author\\\/esantana\\\/#author\"},\"publisher\":{\"@id\":\"https:\\\/\\\/www.encontrasantana.com.br\\\/sobre\\\/#organization\"},\"datePublished\":\"2011-03-04T17:05:35-03:00\",\"dateModified\":\"2019-04-15T10:04:09-03:00\",\"inLanguage\":\"pt-BR\",\"mainEntityOfPage\":{\"@id\":\"https:\\\/\\\/www.encontrasantana.com.br\\\/sobre\\\/desfiles-das-escolas-de-samba-de-sp-levam-32-mil-a-santana-nesta-sexta\\\/#webpage\"},\"isPartOf\":{\"@id\":\"https:\\\/\\\/www.encontrasantana.com.br\\\/sobre\\\/desfiles-das-escolas-de-samba-de-sp-levam-32-mil-a-santana-nesta-sexta\\\/#webpage\"},\"articleSection\":\"Not\\u00edcias Santana, Santana\"},{\"@type\":\"BreadcrumbList\",\"@id\":\"https:\\\/\\\/www.encontrasantana.com.br\\\/sobre\\\/desfiles-das-escolas-de-samba-de-sp-levam-32-mil-a-santana-nesta-sexta\\\/#breadcrumblist\",\"itemListElement\":[{\"@type\":\"ListItem\",\"@id\":\"https:\\\/\\\/www.encontrasantana.com.br\\\/sobre#listItem\",\"position\":1,\"name\":\"In\\u00edcio\",\"item\":\"https:\\\/\\\/www.encontrasantana.com.br\\\/sobre\",\"nextItem\":{\"@type\":\"ListItem\",\"@id\":\"https:\\\/\\\/www.encontrasantana.com.br\\\/sobre\\\/noticias-em-santana\\\/#listItem\",\"name\":\"Not\\u00edcias Santana\"}},{\"@type\":\"ListItem\",\"@id\":\"https:\\\/\\\/www.encontrasantana.com.br\\\/sobre\\\/noticias-em-santana\\\/#listItem\",\"position\":2,\"name\":\"Not\\u00edcias Santana\",\"item\":\"https:\\\/\\\/www.encontrasantana.com.br\\\/sobre\\\/noticias-em-santana\\\/\",\"nextItem\":{\"@type\":\"ListItem\",\"@id\":\"https:\\\/\\\/www.encontrasantana.com.br\\\/sobre\\\/desfiles-das-escolas-de-samba-de-sp-levam-32-mil-a-santana-nesta-sexta\\\/#listItem\",\"name\":\"Desfiles das escolas de samba de SP levam 32 mil a Santana nesta sexta\"},\"previousItem\":{\"@type\":\"ListItem\",\"@id\":\"https:\\\/\\\/www.encontrasantana.com.br\\\/sobre#listItem\",\"name\":\"In\\u00edcio\"}},{\"@type\":\"ListItem\",\"@id\":\"https:\\\/\\\/www.encontrasantana.com.br\\\/sobre\\\/desfiles-das-escolas-de-samba-de-sp-levam-32-mil-a-santana-nesta-sexta\\\/#listItem\",\"position\":3,\"name\":\"Desfiles das escolas de samba de SP levam 32 mil a Santana nesta sexta\",\"previousItem\":{\"@type\":\"ListItem\",\"@id\":\"https:\\\/\\\/www.encontrasantana.com.br\\\/sobre\\\/noticias-em-santana\\\/#listItem\",\"name\":\"Not\\u00edcias Santana\"}}]},{\"@type\":\"Organization\",\"@id\":\"https:\\\/\\\/www.encontrasantana.com.br\\\/sobre\\\/#organization\",\"name\":\"Encontra Santana\",\"description\":\"Not\\u00edcias, eventos, informa\\u00e7\\u00f5es e dicas no bairro de Santana e regi\\u00e3o.\",\"url\":\"https:\\\/\\\/www.encontrasantana.com.br\\\/sobre\\\/\"},{\"@type\":\"Person\",\"@id\":\"https:\\\/\\\/www.encontrasantana.com.br\\\/sobre\\\/author\\\/esantana\\\/#author\",\"url\":\"https:\\\/\\\/www.encontrasantana.com.br\\\/sobre\\\/author\\\/esantana\\\/\",\"name\":\"Encontra Santana\",\"image\":{\"@type\":\"ImageObject\",\"@id\":\"https:\\\/\\\/www.encontrasantana.com.br\\\/sobre\\\/desfiles-das-escolas-de-samba-de-sp-levam-32-mil-a-santana-nesta-sexta\\\/#authorImage\",\"url\":\"https:\\\/\\\/secure.gravatar.com\\\/avatar\\\/0fbed662e37531ae23e68f85f9517b2454e50c1dfebf80eb9b721449ac95e0b9?s=96&d=mm&r=g\",\"width\":96,\"height\":96,\"caption\":\"Encontra Santana\"}},{\"@type\":\"WebPage\",\"@id\":\"https:\\\/\\\/www.encontrasantana.com.br\\\/sobre\\\/desfiles-das-escolas-de-samba-de-sp-levam-32-mil-a-santana-nesta-sexta\\\/#webpage\",\"url\":\"https:\\\/\\\/www.encontrasantana.com.br\\\/sobre\\\/desfiles-das-escolas-de-samba-de-sp-levam-32-mil-a-santana-nesta-sexta\\\/\",\"name\":\"Desfiles das escolas de samba de SP levam 32 mil a Santana nesta sexta \\u00bb Encontra Santana\",\"description\":\"Pelo menos 32 mil pessoas estar\\u00e3o nesta sexta-feira no samb\\u00f3dromo do Anhembi, em guia do bairro Santana, para acompanhar os desfiles da primeira noite do carnaval paulistano. Quatorze escolas desfilam pelo grupo Especial a partir de 23h. De volta ao Grupo Especial, a Unidos do Peruche abre o carnaval da cidade com o centen\\u00e1rio do\",\"inLanguage\":\"pt-BR\",\"isPartOf\":{\"@id\":\"https:\\\/\\\/www.encontrasantana.com.br\\\/sobre\\\/#website\"},\"breadcrumb\":{\"@id\":\"https:\\\/\\\/www.encontrasantana.com.br\\\/sobre\\\/desfiles-das-escolas-de-samba-de-sp-levam-32-mil-a-santana-nesta-sexta\\\/#breadcrumblist\"},\"author\":{\"@id\":\"https:\\\/\\\/www.encontrasantana.com.br\\\/sobre\\\/author\\\/esantana\\\/#author\"},\"creator\":{\"@id\":\"https:\\\/\\\/www.encontrasantana.com.br\\\/sobre\\\/author\\\/esantana\\\/#author\"},\"datePublished\":\"2011-03-04T17:05:35-03:00\",\"dateModified\":\"2019-04-15T10:04:09-03:00\"},{\"@type\":\"WebSite\",\"@id\":\"https:\\\/\\\/www.encontrasantana.com.br\\\/sobre\\\/#website\",\"url\":\"https:\\\/\\\/www.encontrasantana.com.br\\\/sobre\\\/\",\"name\":\"Encontra Santana\",\"description\":\"Not\\u00edcias, eventos, informa\\u00e7\\u00f5es e dicas no bairro de Santana e regi\\u00e3o.\",\"inLanguage\":\"pt-BR\",\"publisher\":{\"@id\":\"https:\\\/\\\/www.encontrasantana.com.br\\\/sobre\\\/#organization\"}}]}\n\t\t<\/script>\n\t\t<!-- All in One SEO -->\n\n","aioseo_head_json":{"title":"Desfiles das escolas de samba de SP levam 32 mil a Santana nesta sexta \u00bb Encontra Santana","description":"Pelo menos 32 mil pessoas estar\u00e3o nesta sexta-feira no samb\u00f3dromo do Anhembi, em guia do bairro Santana, para acompanhar os desfiles da primeira noite do carnaval paulistano. Quatorze escolas desfilam pelo grupo Especial a partir de 23h. De volta ao Grupo Especial, a Unidos do Peruche abre o carnaval da cidade com o centen\u00e1rio do","canonical_url":"https:\/\/www.encontrasantana.com.br\/sobre\/desfiles-das-escolas-de-samba-de-sp-levam-32-mil-a-santana-nesta-sexta\/","robots":"max-image-preview:large","keywords":"","webmasterTools":{"miscellaneous":""},"schema":{"@context":"https:\/\/schema.org","@graph":[{"@type":"Article","@id":"https:\/\/www.encontrasantana.com.br\/sobre\/desfiles-das-escolas-de-samba-de-sp-levam-32-mil-a-santana-nesta-sexta\/#article","name":"Desfiles das escolas de samba de SP levam 32 mil a Santana nesta sexta \u00bb Encontra Santana","headline":"Desfiles das escolas de samba de SP levam 32 mil a Santana nesta sexta","author":{"@id":"https:\/\/www.encontrasantana.com.br\/sobre\/author\/esantana\/#author"},"publisher":{"@id":"https:\/\/www.encontrasantana.com.br\/sobre\/#organization"},"datePublished":"2011-03-04T17:05:35-03:00","dateModified":"2019-04-15T10:04:09-03:00","inLanguage":"pt-BR","mainEntityOfPage":{"@id":"https:\/\/www.encontrasantana.com.br\/sobre\/desfiles-das-escolas-de-samba-de-sp-levam-32-mil-a-santana-nesta-sexta\/#webpage"},"isPartOf":{"@id":"https:\/\/www.encontrasantana.com.br\/sobre\/desfiles-das-escolas-de-samba-de-sp-levam-32-mil-a-santana-nesta-sexta\/#webpage"},"articleSection":"Not\u00edcias Santana, Santana"},{"@type":"BreadcrumbList","@id":"https:\/\/www.encontrasantana.com.br\/sobre\/desfiles-das-escolas-de-samba-de-sp-levam-32-mil-a-santana-nesta-sexta\/#breadcrumblist","itemListElement":[{"@type":"ListItem","@id":"https:\/\/www.encontrasantana.com.br\/sobre#listItem","position":1,"name":"In\u00edcio","item":"https:\/\/www.encontrasantana.com.br\/sobre","nextItem":{"@type":"ListItem","@id":"https:\/\/www.encontrasantana.com.br\/sobre\/noticias-em-santana\/#listItem","name":"Not\u00edcias Santana"}},{"@type":"ListItem","@id":"https:\/\/www.encontrasantana.com.br\/sobre\/noticias-em-santana\/#listItem","position":2,"name":"Not\u00edcias Santana","item":"https:\/\/www.encontrasantana.com.br\/sobre\/noticias-em-santana\/","nextItem":{"@type":"ListItem","@id":"https:\/\/www.encontrasantana.com.br\/sobre\/desfiles-das-escolas-de-samba-de-sp-levam-32-mil-a-santana-nesta-sexta\/#listItem","name":"Desfiles das escolas de samba de SP levam 32 mil a Santana nesta sexta"},"previousItem":{"@type":"ListItem","@id":"https:\/\/www.encontrasantana.com.br\/sobre#listItem","name":"In\u00edcio"}},{"@type":"ListItem","@id":"https:\/\/www.encontrasantana.com.br\/sobre\/desfiles-das-escolas-de-samba-de-sp-levam-32-mil-a-santana-nesta-sexta\/#listItem","position":3,"name":"Desfiles das escolas de samba de SP levam 32 mil a Santana nesta sexta","previousItem":{"@type":"ListItem","@id":"https:\/\/www.encontrasantana.com.br\/sobre\/noticias-em-santana\/#listItem","name":"Not\u00edcias Santana"}}]},{"@type":"Organization","@id":"https:\/\/www.encontrasantana.com.br\/sobre\/#organization","name":"Encontra Santana","description":"Not\u00edcias, eventos, informa\u00e7\u00f5es e dicas no bairro de Santana e regi\u00e3o.","url":"https:\/\/www.encontrasantana.com.br\/sobre\/"},{"@type":"Person","@id":"https:\/\/www.encontrasantana.com.br\/sobre\/author\/esantana\/#author","url":"https:\/\/www.encontrasantana.com.br\/sobre\/author\/esantana\/","name":"Encontra Santana","image":{"@type":"ImageObject","@id":"https:\/\/www.encontrasantana.com.br\/sobre\/desfiles-das-escolas-de-samba-de-sp-levam-32-mil-a-santana-nesta-sexta\/#authorImage","url":"https:\/\/secure.gravatar.com\/avatar\/0fbed662e37531ae23e68f85f9517b2454e50c1dfebf80eb9b721449ac95e0b9?s=96&d=mm&r=g","width":96,"height":96,"caption":"Encontra Santana"}},{"@type":"WebPage","@id":"https:\/\/www.encontrasantana.com.br\/sobre\/desfiles-das-escolas-de-samba-de-sp-levam-32-mil-a-santana-nesta-sexta\/#webpage","url":"https:\/\/www.encontrasantana.com.br\/sobre\/desfiles-das-escolas-de-samba-de-sp-levam-32-mil-a-santana-nesta-sexta\/","name":"Desfiles das escolas de samba de SP levam 32 mil a Santana nesta sexta \u00bb Encontra Santana","description":"Pelo menos 32 mil pessoas estar\u00e3o nesta sexta-feira no samb\u00f3dromo do Anhembi, em guia do bairro Santana, para acompanhar os desfiles da primeira noite do carnaval paulistano. Quatorze escolas desfilam pelo grupo Especial a partir de 23h. De volta ao Grupo Especial, a Unidos do Peruche abre o carnaval da cidade com o centen\u00e1rio do","inLanguage":"pt-BR","isPartOf":{"@id":"https:\/\/www.encontrasantana.com.br\/sobre\/#website"},"breadcrumb":{"@id":"https:\/\/www.encontrasantana.com.br\/sobre\/desfiles-das-escolas-de-samba-de-sp-levam-32-mil-a-santana-nesta-sexta\/#breadcrumblist"},"author":{"@id":"https:\/\/www.encontrasantana.com.br\/sobre\/author\/esantana\/#author"},"creator":{"@id":"https:\/\/www.encontrasantana.com.br\/sobre\/author\/esantana\/#author"},"datePublished":"2011-03-04T17:05:35-03:00","dateModified":"2019-04-15T10:04:09-03:00"},{"@type":"WebSite","@id":"https:\/\/www.encontrasantana.com.br\/sobre\/#website","url":"https:\/\/www.encontrasantana.com.br\/sobre\/","name":"Encontra Santana","description":"Not\u00edcias, eventos, informa\u00e7\u00f5es e dicas no bairro de Santana e regi\u00e3o.","inLanguage":"pt-BR","publisher":{"@id":"https:\/\/www.encontrasantana.com.br\/sobre\/#organization"}}]},"og:locale":"pt_BR","og:site_name":"Encontra Santana | Not\u00edcias, eventos, informa\u00e7\u00f5es e dicas no bairro de Santana e regi\u00e3o.","og:type":"article","og:title":"Desfiles das escolas de samba de SP levam 32 mil a Santana nesta sexta \u00bb Encontra Santana","og:description":"Pelo menos 32 mil pessoas estar\u00e3o nesta sexta-feira no samb\u00f3dromo do Anhembi, em guia do bairro Santana, para acompanhar os desfiles da primeira noite do carnaval paulistano. Quatorze escolas desfilam pelo grupo Especial a partir de 23h. De volta ao Grupo Especial, a Unidos do Peruche abre o carnaval da cidade com o centen\u00e1rio do","og:url":"https:\/\/www.encontrasantana.com.br\/sobre\/desfiles-das-escolas-de-samba-de-sp-levam-32-mil-a-santana-nesta-sexta\/","article:published_time":"2011-03-04T20:05:35+00:00","article:modified_time":"2019-04-15T13:04:09+00:00","twitter:card":"summary","twitter:title":"Desfiles das escolas de samba de SP levam 32 mil a Santana nesta sexta \u00bb Encontra Santana","twitter:description":"Pelo menos 32 mil pessoas estar\u00e3o nesta sexta-feira no samb\u00f3dromo do Anhembi, em guia do bairro Santana, para acompanhar os desfiles da primeira noite do carnaval paulistano. Quatorze escolas desfilam pelo grupo Especial a partir de 23h. De volta ao Grupo Especial, a Unidos do Peruche abre o carnaval da cidade com o centen\u00e1rio do"},"aioseo_meta_data":{"post_id":"846","title":null,"description":null,"keywords":null,"keyphrases":null,"primary_term":null,"canonical_url":null,"og_title":null,"og_description":null,"og_object_type":"default","og_image_type":"default","og_image_url":null,"og_image_width":null,"og_image_height":null,"og_image_custom_url":null,"og_image_custom_fields":null,"og_video":null,"og_custom_url":null,"og_article_section":null,"og_article_tags":null,"twitter_use_og":false,"twitter_card":"default","twitter_image_type":"default","twitter_image_url":null,"twitter_image_custom_url":null,"twitter_image_custom_fields":null,"twitter_title":null,"twitter_description":null,"schema":{"blockGraphs":[],"customGraphs":[],"default":{"data":{"Article":[],"Course":[],"Dataset":[],"FAQPage":[],"Movie":[],"Person":[],"Product":[],"ProductReview":[],"Car":[],"Recipe":[],"Service":[],"SoftwareApplication":[],"WebPage":[]},"graphName":"Article","isEnabled":true},"graphs":[]},"schema_type":null,"schema_type_options":null,"pillar_content":false,"robots_default":true,"robots_noindex":false,"robots_noarchive":false,"robots_nosnippet":false,"robots_nofollow":false,"robots_noimageindex":false,"robots_noodp":false,"robots_notranslate":false,"robots_max_snippet":null,"robots_max_videopreview":null,"robots_max_imagepreview":"large","priority":null,"frequency":null,"local_seo":null,"limit_modified_date":false,"created":"2021-04-20 21:07:08","updated":"2026-08-06 05:21:38","focus_keyword":null,"additional_keywords":null,"truseo_locale":null,"ai":null,"breadcrumb_settings":null,"seo_analyzer_scan_date":null},"aioseo_breadcrumb":"<div class=\"aioseo-breadcrumbs\"><span class=\"aioseo-breadcrumb\">\n\t\t\t<a href=\"https:\/\/www.encontrasantana.com.br\/sobre\" title=\"In\u00edcio\">In\u00edcio<\/a>\n\t\t<\/span><span class=\"aioseo-breadcrumb-separator\">&raquo;<\/span><span class=\"aioseo-breadcrumb\">\n\t\t\t<a href=\"https:\/\/www.encontrasantana.com.br\/sobre\/noticias-em-santana\/\" title=\"Not\u00edcias Santana\">Not\u00edcias Santana<\/a>\n\t\t<\/span><span class=\"aioseo-breadcrumb-separator\">&raquo;<\/span><span class=\"aioseo-breadcrumb\">\n\t\t\tDesfiles das escolas de samba de SP levam 32 mil a Santana nesta sexta\n\t\t<\/span><\/div>","aioseo_breadcrumb_json":[{"label":"In\u00edcio","link":"https:\/\/www.encontrasantana.com.br\/sobre"},{"label":"Not\u00edcias Santana","link":"https:\/\/www.encontrasantana.com.br\/sobre\/noticias-em-santana\/"},{"label":"Desfiles das escolas de samba de SP levam 32 mil a Santana nesta sexta","link":"https:\/\/www.encontrasantana.com.br\/sobre\/desfiles-das-escolas-de-samba-de-sp-levam-32-mil-a-santana-nesta-sexta\/"}],"_links":{"self":[{"href":"https:\/\/www.encontrasantana.com.br\/sobre\/wp-json\/wp\/v2\/posts\/846","targetHints":{"allow":["GET"]}}],"collection":[{"href":"https:\/\/www.encontrasantana.com.br\/sobre\/wp-json\/wp\/v2\/posts"}],"about":[{"href":"https:\/\/www.encontrasantana.com.br\/sobre\/wp-json\/wp\/v2\/types\/post"}],"author":[{"embeddable":true,"href":"https:\/\/www.encontrasantana.com.br\/sobre\/wp-json\/wp\/v2\/users\/1"}],"replies":[{"embeddable":true,"href":"https:\/\/www.encontrasantana.com.br\/sobre\/wp-json\/wp\/v2\/comments?post=846"}],"version-history":[{"count":0,"href":"https:\/\/www.encontrasantana.com.br\/sobre\/wp-json\/wp\/v2\/posts\/846\/revisions"}],"wp:attachment":[{"href":"https:\/\/www.encontrasantana.com.br\/sobre\/wp-json\/wp\/v2\/media?parent=846"}],"wp:term":[{"taxonomy":"category","embeddable":true,"href":"https:\/\/www.encontrasantana.com.br\/sobre\/wp-json\/wp\/v2\/categories?post=846"},{"taxonomy":"post_tag","embeddable":true,"href":"https:\/\/www.encontrasantana.com.br\/sobre\/wp-json\/wp\/v2\/tags?post=846"}],"curies":[{"name":"wp","href":"https:\/\/api.w.org\/{rel}","templated":true}]}}