{"id":851,"date":"2011-03-09T17:10:10","date_gmt":"2011-03-09T20:10:10","guid":{"rendered":"http:\/\/www.encontrasantana.com.br\/blog\/?p=851"},"modified":"2019-04-15T10:04:09","modified_gmt":"2019-04-15T13:04:09","slug":"no-desfile-das-campeas-em-santana-pm-ficara-em-alerta-como-se-fosse-jogo-de-futebo","status":"publish","type":"post","link":"https:\/\/www.encontrasantana.com.br\/sobre\/no-desfile-das-campeas-em-santana-pm-ficara-em-alerta-como-se-fosse-jogo-de-futebo\/","title":{"rendered":"No desfile das campe\u00e3s em Santana, PM ficar\u00e1 em alerta como se fosse jogo de futebo"},"content":{"rendered":"<div class=\"1acf8468e559fd3cbeec5aee3a269a52\" data-index=\"1\" style=\"float: none; margin:0px;\">\n<!-- Anuncio display - global -->\r\n<ins class=\"adsbygoogle\"\r\n     style=\"display:block\"\r\n     data-ad-client=\"ca-pub-8585364105181520\"\r\n     data-ad-slot=\"8789329856\"\r\n     data-ad-format=\"auto\"\r\n     data-full-width-responsive=\"true\"><\/ins>\r\n<script>\r\n     (adsbygoogle = window.adsbygoogle || []).push({});\r\n<\/script>\n<\/div>\n<p>Durante o desfile das escolas campe\u00e3s do carnaval paulistano 2011, que acontece na noite de sexta-feira (11), no <a href=\"http:\/\/www.encontrasantana.com.br\/santana\/anhembi-em-santana.shtml\" target=\"_blank\">Samb\u00f3dromo do Anhembi<\/a>, na Zona Norte de S\u00e3o Paulo, a Pol\u00edcia Militar estar\u00e1 mobilizada como se fosse acontecer um jogo de futebol. A medida preventiva ser\u00e1 tomada porque o desfile contar\u00e1 com a presen\u00e7a das escolas das torcidas organizadas dos tr\u00eas principais clubes da capital &#8211; Gavi\u00f5es da Fiel, do Corinthians, Mancha Verde, do Palmeiras, e Drag\u00f5es da Real, do S\u00e3o Paulo.<\/p>\n<p>Na regi\u00e3o do Anhembi, que inclui os bairros de Santana e Casa Verde, um efetivo de 1200 policiais, divididos em dois turnos, estar\u00e1 mobilizado para garantir a tranquilidade dos desfiles. Esse n\u00famero de PMs \u00e9 o mesmo que acompanhou o desfile das escolas de samba do grupo especial no \u00faltimo fim de semana. Por\u00e9m, a pol\u00edcia vai ficar em alerta em outras regi\u00f5es por onde os integrantes das tr\u00eas torcidas circular\u00e3o para chegar ao samb\u00f3dromo.<\/p>\n<p>\u201cNa sexta-feira, os batalh\u00f5es de outras regi\u00f5es ficar\u00e3o atentos para evitar conflitos em pontos por onde as tr\u00eas torcidas podem circular. \u00c9 como se fosse um jogo de futebol, mas o policiamento ser\u00e1 feito com maior \u00eanfase porque teremos tr\u00eas torcidas envolvidas\u201d, explicou o coronel Ricardo Fernandes de Barros, do 9\u00ba Batalh\u00e3o, que comanda o policiamento na regi\u00e3o do Anhembi.<\/p>\n<p><strong>Esta\u00e7\u00f5es de metr\u00f4<br \/>\n<\/strong>As esta\u00e7\u00f5es de metr\u00f4 Barra Funda, Santana, Arm\u00eania e S\u00e9, por exemplo, s\u00e3o consideradas pontos estrat\u00e9gicos para o esquema policial. A tropa de choque tamb\u00e9m ficar\u00e1 de plant\u00e3o, segundo o coronel.<\/p>\n<p>O coronel n\u00e3o acredita que haver\u00e1 confronto dentro do samb\u00f3dromo porque n\u00e3o haver\u00e1 disputa direta entre as escolas. \u201cO problema \u00e9 quando tem disputa\u201d, afirma.<\/p>\n<p>Ainda de acordo com Barros, a pol\u00edcia j\u00e1 estava atenta para essa possibilidade do encontro das tr\u00eas torcidas desde a organiza\u00e7\u00e3o do esquema de seguran\u00e7a para o carnaval.<\/p>\n<p>Entre esta quarta-feira e quinta-feira (10), uma reuni\u00e3o da PM com representantes da Liga Independente das Escolas de Samba e integrantes das agremia\u00e7\u00f5es Gavi\u00f5es da Fiel, Mancha Verde e Drag\u00f5es da Real vai acertar os \u00faltimos detalhes sobre venda de ingressos e disponibiliza\u00e7\u00e3o das torcidas dentro do samb\u00f3dromo.<\/p>\n<p><em>Fonte: G1<\/em><\/p>\n\n<div style=\"font-size: 0px; height: 0px; line-height: 0px; margin: 0; padding: 0; clear: both;\"><\/div>","protected":false},"excerpt":{"rendered":"<p>Durante o desfile das escolas campe\u00e3s do carnaval paulistano 2011, que acontece na noite de sexta-feira (11), no Samb\u00f3dromo do Anhembi, na Zona Norte de S\u00e3o Paulo, a Pol\u00edcia Militar estar\u00e1 mobilizada como se fosse acontecer um jogo de futebol. A medida preventiva ser\u00e1 tomada porque o desfile contar\u00e1 com a presen\u00e7a das escolas das torcidas organizadas dos tr\u00eas principais clubes da capital &#8211; Gavi\u00f5es da Fiel, do Corinthians, Mancha Verde, do Palmeiras, e Drag\u00f5es da Real, do S\u00e3o Paulo. Na regi\u00e3o do Anhembi, que inclui os bairros de Santana e Casa Verde, um efetivo de 1200 policiais, divididos em <\/p>\n","protected":false},"author":1,"featured_media":0,"comment_status":"open","ping_status":"closed","sticky":false,"template":"","format":"standard","meta":{"footnotes":""},"categories":[3],"tags":[10],"class_list":["post-851","post","type-post","status-publish","format-standard","hentry","category-noticias-em-santana","tag-santana"],"aioseo_notices":[],"aioseo_head":"\n\t\t<!-- All in One SEO 5.0.0.1 - aioseo.com -->\n\t<meta name=\"description\" content=\"Durante o desfile das escolas campe\u00e3s do carnaval paulistano 2011, que acontece na noite de sexta-feira (11), no Samb\u00f3dromo do Anhembi, na Zona Norte de S\u00e3o Paulo, a Pol\u00edcia Militar estar\u00e1 mobilizada como se fosse acontecer um jogo de futebol. A medida preventiva ser\u00e1 tomada porque o desfile contar\u00e1 com a presen\u00e7a das escolas das\" \/>\n\t<meta name=\"robots\" content=\"max-image-preview:large\" \/>\n\t<meta name=\"author\" content=\"Encontra Santana\"\/>\n\t<link rel=\"canonical\" href=\"https:\/\/www.encontrasantana.com.br\/sobre\/no-desfile-das-campeas-em-santana-pm-ficara-em-alerta-como-se-fosse-jogo-de-futebo\/\" \/>\n\t<meta name=\"generator\" content=\"All in One SEO (AIOSEO) 5.0.0.1\" \/>\n\t\t<meta property=\"og:locale\" content=\"pt_BR\" \/>\n\t\t<meta property=\"og:site_name\" content=\"Encontra Santana | Not\u00edcias, eventos, informa\u00e7\u00f5es e dicas no bairro de Santana e regi\u00e3o.\" \/>\n\t\t<meta property=\"og:type\" content=\"article\" \/>\n\t\t<meta property=\"og:title\" content=\"No desfile das campe\u00e3s em Santana, PM ficar\u00e1 em alerta como se fosse jogo de futebo \u00bb Encontra Santana\" \/>\n\t\t<meta property=\"og:description\" content=\"Durante o desfile das escolas campe\u00e3s do carnaval paulistano 2011, que acontece na noite de sexta-feira (11), no Samb\u00f3dromo do Anhembi, na Zona Norte de S\u00e3o Paulo, a Pol\u00edcia Militar estar\u00e1 mobilizada como se fosse acontecer um jogo de futebol. A medida preventiva ser\u00e1 tomada porque o desfile contar\u00e1 com a presen\u00e7a das escolas das\" \/>\n\t\t<meta property=\"og:url\" content=\"https:\/\/www.encontrasantana.com.br\/sobre\/no-desfile-das-campeas-em-santana-pm-ficara-em-alerta-como-se-fosse-jogo-de-futebo\/\" \/>\n\t\t<meta property=\"article:published_time\" content=\"2011-03-09T20:10:10+00:00\" \/>\n\t\t<meta property=\"article:modified_time\" content=\"2019-04-15T13:04:09+00:00\" \/>\n\t\t<meta name=\"twitter:card\" content=\"summary\" \/>\n\t\t<meta name=\"twitter:title\" content=\"No desfile das campe\u00e3s em Santana, PM ficar\u00e1 em alerta como se fosse jogo de futebo \u00bb Encontra Santana\" \/>\n\t\t<meta name=\"twitter:description\" content=\"Durante o desfile das escolas campe\u00e3s do carnaval paulistano 2011, que acontece na noite de sexta-feira (11), no Samb\u00f3dromo do Anhembi, na Zona Norte de S\u00e3o Paulo, a Pol\u00edcia Militar estar\u00e1 mobilizada como se fosse acontecer um jogo de futebol. A medida preventiva ser\u00e1 tomada porque o desfile contar\u00e1 com a presen\u00e7a das escolas das\" \/>\n\t\t<script type=\"application\/ld+json\" class=\"aioseo-schema\">\n\t\t\t{\"@context\":\"https:\\\/\\\/schema.org\",\"@graph\":[{\"@type\":\"Article\",\"@id\":\"https:\\\/\\\/www.encontrasantana.com.br\\\/sobre\\\/no-desfile-das-campeas-em-santana-pm-ficara-em-alerta-como-se-fosse-jogo-de-futebo\\\/#article\",\"name\":\"No desfile das campe\\u00e3s em Santana, PM ficar\\u00e1 em alerta como se fosse jogo de futebo \\u00bb Encontra Santana\",\"headline\":\"No desfile das campe\\u00e3s em Santana, PM ficar\\u00e1 em alerta como se fosse jogo de futebo\",\"author\":{\"@id\":\"https:\\\/\\\/www.encontrasantana.com.br\\\/sobre\\\/author\\\/esantana\\\/#author\"},\"publisher\":{\"@id\":\"https:\\\/\\\/www.encontrasantana.com.br\\\/sobre\\\/#organization\"},\"datePublished\":\"2011-03-09T17:10:10-03:00\",\"dateModified\":\"2019-04-15T10:04:09-03:00\",\"inLanguage\":\"pt-BR\",\"mainEntityOfPage\":{\"@id\":\"https:\\\/\\\/www.encontrasantana.com.br\\\/sobre\\\/no-desfile-das-campeas-em-santana-pm-ficara-em-alerta-como-se-fosse-jogo-de-futebo\\\/#webpage\"},\"isPartOf\":{\"@id\":\"https:\\\/\\\/www.encontrasantana.com.br\\\/sobre\\\/no-desfile-das-campeas-em-santana-pm-ficara-em-alerta-como-se-fosse-jogo-de-futebo\\\/#webpage\"},\"articleSection\":\"Not\\u00edcias Santana, Santana\"},{\"@type\":\"BreadcrumbList\",\"@id\":\"https:\\\/\\\/www.encontrasantana.com.br\\\/sobre\\\/no-desfile-das-campeas-em-santana-pm-ficara-em-alerta-como-se-fosse-jogo-de-futebo\\\/#breadcrumblist\",\"itemListElement\":[{\"@type\":\"ListItem\",\"@id\":\"https:\\\/\\\/www.encontrasantana.com.br\\\/sobre#listItem\",\"position\":1,\"name\":\"In\\u00edcio\",\"item\":\"https:\\\/\\\/www.encontrasantana.com.br\\\/sobre\",\"nextItem\":{\"@type\":\"ListItem\",\"@id\":\"https:\\\/\\\/www.encontrasantana.com.br\\\/sobre\\\/noticias-em-santana\\\/#listItem\",\"name\":\"Not\\u00edcias Santana\"}},{\"@type\":\"ListItem\",\"@id\":\"https:\\\/\\\/www.encontrasantana.com.br\\\/sobre\\\/noticias-em-santana\\\/#listItem\",\"position\":2,\"name\":\"Not\\u00edcias Santana\",\"item\":\"https:\\\/\\\/www.encontrasantana.com.br\\\/sobre\\\/noticias-em-santana\\\/\",\"nextItem\":{\"@type\":\"ListItem\",\"@id\":\"https:\\\/\\\/www.encontrasantana.com.br\\\/sobre\\\/no-desfile-das-campeas-em-santana-pm-ficara-em-alerta-como-se-fosse-jogo-de-futebo\\\/#listItem\",\"name\":\"No desfile das campe\\u00e3s em Santana, PM ficar\\u00e1 em alerta como se fosse jogo de futebo\"},\"previousItem\":{\"@type\":\"ListItem\",\"@id\":\"https:\\\/\\\/www.encontrasantana.com.br\\\/sobre#listItem\",\"name\":\"In\\u00edcio\"}},{\"@type\":\"ListItem\",\"@id\":\"https:\\\/\\\/www.encontrasantana.com.br\\\/sobre\\\/no-desfile-das-campeas-em-santana-pm-ficara-em-alerta-como-se-fosse-jogo-de-futebo\\\/#listItem\",\"position\":3,\"name\":\"No desfile das campe\\u00e3s em Santana, PM ficar\\u00e1 em alerta como se fosse jogo de futebo\",\"previousItem\":{\"@type\":\"ListItem\",\"@id\":\"https:\\\/\\\/www.encontrasantana.com.br\\\/sobre\\\/noticias-em-santana\\\/#listItem\",\"name\":\"Not\\u00edcias Santana\"}}]},{\"@type\":\"Organization\",\"@id\":\"https:\\\/\\\/www.encontrasantana.com.br\\\/sobre\\\/#organization\",\"name\":\"Encontra Santana\",\"description\":\"Not\\u00edcias, eventos, informa\\u00e7\\u00f5es e dicas no bairro de Santana e regi\\u00e3o.\",\"url\":\"https:\\\/\\\/www.encontrasantana.com.br\\\/sobre\\\/\"},{\"@type\":\"Person\",\"@id\":\"https:\\\/\\\/www.encontrasantana.com.br\\\/sobre\\\/author\\\/esantana\\\/#author\",\"url\":\"https:\\\/\\\/www.encontrasantana.com.br\\\/sobre\\\/author\\\/esantana\\\/\",\"name\":\"Encontra Santana\",\"image\":{\"@type\":\"ImageObject\",\"@id\":\"https:\\\/\\\/www.encontrasantana.com.br\\\/sobre\\\/no-desfile-das-campeas-em-santana-pm-ficara-em-alerta-como-se-fosse-jogo-de-futebo\\\/#authorImage\",\"url\":\"https:\\\/\\\/secure.gravatar.com\\\/avatar\\\/0fbed662e37531ae23e68f85f9517b2454e50c1dfebf80eb9b721449ac95e0b9?s=96&d=mm&r=g\",\"width\":96,\"height\":96,\"caption\":\"Encontra Santana\"}},{\"@type\":\"WebPage\",\"@id\":\"https:\\\/\\\/www.encontrasantana.com.br\\\/sobre\\\/no-desfile-das-campeas-em-santana-pm-ficara-em-alerta-como-se-fosse-jogo-de-futebo\\\/#webpage\",\"url\":\"https:\\\/\\\/www.encontrasantana.com.br\\\/sobre\\\/no-desfile-das-campeas-em-santana-pm-ficara-em-alerta-como-se-fosse-jogo-de-futebo\\\/\",\"name\":\"No desfile das campe\\u00e3s em Santana, PM ficar\\u00e1 em alerta como se fosse jogo de futebo \\u00bb Encontra Santana\",\"description\":\"Durante o desfile das escolas campe\\u00e3s do carnaval paulistano 2011, que acontece na noite de sexta-feira (11), no Samb\\u00f3dromo do Anhembi, na Zona Norte de S\\u00e3o Paulo, a Pol\\u00edcia Militar estar\\u00e1 mobilizada como se fosse acontecer um jogo de futebol. A medida preventiva ser\\u00e1 tomada porque o desfile contar\\u00e1 com a presen\\u00e7a das escolas das\",\"inLanguage\":\"pt-BR\",\"isPartOf\":{\"@id\":\"https:\\\/\\\/www.encontrasantana.com.br\\\/sobre\\\/#website\"},\"breadcrumb\":{\"@id\":\"https:\\\/\\\/www.encontrasantana.com.br\\\/sobre\\\/no-desfile-das-campeas-em-santana-pm-ficara-em-alerta-como-se-fosse-jogo-de-futebo\\\/#breadcrumblist\"},\"author\":{\"@id\":\"https:\\\/\\\/www.encontrasantana.com.br\\\/sobre\\\/author\\\/esantana\\\/#author\"},\"creator\":{\"@id\":\"https:\\\/\\\/www.encontrasantana.com.br\\\/sobre\\\/author\\\/esantana\\\/#author\"},\"datePublished\":\"2011-03-09T17:10:10-03:00\",\"dateModified\":\"2019-04-15T10:04:09-03:00\"},{\"@type\":\"WebSite\",\"@id\":\"https:\\\/\\\/www.encontrasantana.com.br\\\/sobre\\\/#website\",\"url\":\"https:\\\/\\\/www.encontrasantana.com.br\\\/sobre\\\/\",\"name\":\"Encontra Santana\",\"description\":\"Not\\u00edcias, eventos, informa\\u00e7\\u00f5es e dicas no bairro de Santana e regi\\u00e3o.\",\"inLanguage\":\"pt-BR\",\"publisher\":{\"@id\":\"https:\\\/\\\/www.encontrasantana.com.br\\\/sobre\\\/#organization\"}}]}\n\t\t<\/script>\n\t\t<!-- All in One SEO -->\n\n","aioseo_head_json":{"title":"No desfile das campe\u00e3s em Santana, PM ficar\u00e1 em alerta como se fosse jogo de futebo \u00bb Encontra Santana","description":"Durante o desfile das escolas campe\u00e3s do carnaval paulistano 2011, que acontece na noite de sexta-feira (11), no Samb\u00f3dromo do Anhembi, na Zona Norte de S\u00e3o Paulo, a Pol\u00edcia Militar estar\u00e1 mobilizada como se fosse acontecer um jogo de futebol. A medida preventiva ser\u00e1 tomada porque o desfile contar\u00e1 com a presen\u00e7a das escolas das","canonical_url":"https:\/\/www.encontrasantana.com.br\/sobre\/no-desfile-das-campeas-em-santana-pm-ficara-em-alerta-como-se-fosse-jogo-de-futebo\/","robots":"max-image-preview:large","keywords":"","webmasterTools":{"miscellaneous":""},"schema":{"@context":"https:\/\/schema.org","@graph":[{"@type":"Article","@id":"https:\/\/www.encontrasantana.com.br\/sobre\/no-desfile-das-campeas-em-santana-pm-ficara-em-alerta-como-se-fosse-jogo-de-futebo\/#article","name":"No desfile das campe\u00e3s em Santana, PM ficar\u00e1 em alerta como se fosse jogo de futebo \u00bb Encontra Santana","headline":"No desfile das campe\u00e3s em Santana, PM ficar\u00e1 em alerta como se fosse jogo de futebo","author":{"@id":"https:\/\/www.encontrasantana.com.br\/sobre\/author\/esantana\/#author"},"publisher":{"@id":"https:\/\/www.encontrasantana.com.br\/sobre\/#organization"},"datePublished":"2011-03-09T17:10:10-03:00","dateModified":"2019-04-15T10:04:09-03:00","inLanguage":"pt-BR","mainEntityOfPage":{"@id":"https:\/\/www.encontrasantana.com.br\/sobre\/no-desfile-das-campeas-em-santana-pm-ficara-em-alerta-como-se-fosse-jogo-de-futebo\/#webpage"},"isPartOf":{"@id":"https:\/\/www.encontrasantana.com.br\/sobre\/no-desfile-das-campeas-em-santana-pm-ficara-em-alerta-como-se-fosse-jogo-de-futebo\/#webpage"},"articleSection":"Not\u00edcias Santana, Santana"},{"@type":"BreadcrumbList","@id":"https:\/\/www.encontrasantana.com.br\/sobre\/no-desfile-das-campeas-em-santana-pm-ficara-em-alerta-como-se-fosse-jogo-de-futebo\/#breadcrumblist","itemListElement":[{"@type":"ListItem","@id":"https:\/\/www.encontrasantana.com.br\/sobre#listItem","position":1,"name":"In\u00edcio","item":"https:\/\/www.encontrasantana.com.br\/sobre","nextItem":{"@type":"ListItem","@id":"https:\/\/www.encontrasantana.com.br\/sobre\/noticias-em-santana\/#listItem","name":"Not\u00edcias Santana"}},{"@type":"ListItem","@id":"https:\/\/www.encontrasantana.com.br\/sobre\/noticias-em-santana\/#listItem","position":2,"name":"Not\u00edcias Santana","item":"https:\/\/www.encontrasantana.com.br\/sobre\/noticias-em-santana\/","nextItem":{"@type":"ListItem","@id":"https:\/\/www.encontrasantana.com.br\/sobre\/no-desfile-das-campeas-em-santana-pm-ficara-em-alerta-como-se-fosse-jogo-de-futebo\/#listItem","name":"No desfile das campe\u00e3s em Santana, PM ficar\u00e1 em alerta como se fosse jogo de futebo"},"previousItem":{"@type":"ListItem","@id":"https:\/\/www.encontrasantana.com.br\/sobre#listItem","name":"In\u00edcio"}},{"@type":"ListItem","@id":"https:\/\/www.encontrasantana.com.br\/sobre\/no-desfile-das-campeas-em-santana-pm-ficara-em-alerta-como-se-fosse-jogo-de-futebo\/#listItem","position":3,"name":"No desfile das campe\u00e3s em Santana, PM ficar\u00e1 em alerta como se fosse jogo de futebo","previousItem":{"@type":"ListItem","@id":"https:\/\/www.encontrasantana.com.br\/sobre\/noticias-em-santana\/#listItem","name":"Not\u00edcias Santana"}}]},{"@type":"Organization","@id":"https:\/\/www.encontrasantana.com.br\/sobre\/#organization","name":"Encontra Santana","description":"Not\u00edcias, eventos, informa\u00e7\u00f5es e dicas no bairro de Santana e regi\u00e3o.","url":"https:\/\/www.encontrasantana.com.br\/sobre\/"},{"@type":"Person","@id":"https:\/\/www.encontrasantana.com.br\/sobre\/author\/esantana\/#author","url":"https:\/\/www.encontrasantana.com.br\/sobre\/author\/esantana\/","name":"Encontra Santana","image":{"@type":"ImageObject","@id":"https:\/\/www.encontrasantana.com.br\/sobre\/no-desfile-das-campeas-em-santana-pm-ficara-em-alerta-como-se-fosse-jogo-de-futebo\/#authorImage","url":"https:\/\/secure.gravatar.com\/avatar\/0fbed662e37531ae23e68f85f9517b2454e50c1dfebf80eb9b721449ac95e0b9?s=96&d=mm&r=g","width":96,"height":96,"caption":"Encontra Santana"}},{"@type":"WebPage","@id":"https:\/\/www.encontrasantana.com.br\/sobre\/no-desfile-das-campeas-em-santana-pm-ficara-em-alerta-como-se-fosse-jogo-de-futebo\/#webpage","url":"https:\/\/www.encontrasantana.com.br\/sobre\/no-desfile-das-campeas-em-santana-pm-ficara-em-alerta-como-se-fosse-jogo-de-futebo\/","name":"No desfile das campe\u00e3s em Santana, PM ficar\u00e1 em alerta como se fosse jogo de futebo \u00bb Encontra Santana","description":"Durante o desfile das escolas campe\u00e3s do carnaval paulistano 2011, que acontece na noite de sexta-feira (11), no Samb\u00f3dromo do Anhembi, na Zona Norte de S\u00e3o Paulo, a Pol\u00edcia Militar estar\u00e1 mobilizada como se fosse acontecer um jogo de futebol. A medida preventiva ser\u00e1 tomada porque o desfile contar\u00e1 com a presen\u00e7a das escolas das","inLanguage":"pt-BR","isPartOf":{"@id":"https:\/\/www.encontrasantana.com.br\/sobre\/#website"},"breadcrumb":{"@id":"https:\/\/www.encontrasantana.com.br\/sobre\/no-desfile-das-campeas-em-santana-pm-ficara-em-alerta-como-se-fosse-jogo-de-futebo\/#breadcrumblist"},"author":{"@id":"https:\/\/www.encontrasantana.com.br\/sobre\/author\/esantana\/#author"},"creator":{"@id":"https:\/\/www.encontrasantana.com.br\/sobre\/author\/esantana\/#author"},"datePublished":"2011-03-09T17:10:10-03:00","dateModified":"2019-04-15T10:04:09-03:00"},{"@type":"WebSite","@id":"https:\/\/www.encontrasantana.com.br\/sobre\/#website","url":"https:\/\/www.encontrasantana.com.br\/sobre\/","name":"Encontra Santana","description":"Not\u00edcias, eventos, informa\u00e7\u00f5es e dicas no bairro de Santana e regi\u00e3o.","inLanguage":"pt-BR","publisher":{"@id":"https:\/\/www.encontrasantana.com.br\/sobre\/#organization"}}]},"og:locale":"pt_BR","og:site_name":"Encontra Santana | Not\u00edcias, eventos, informa\u00e7\u00f5es e dicas no bairro de Santana e regi\u00e3o.","og:type":"article","og:title":"No desfile das campe\u00e3s em Santana, PM ficar\u00e1 em alerta como se fosse jogo de futebo \u00bb Encontra Santana","og:description":"Durante o desfile das escolas campe\u00e3s do carnaval paulistano 2011, que acontece na noite de sexta-feira (11), no Samb\u00f3dromo do Anhembi, na Zona Norte de S\u00e3o Paulo, a Pol\u00edcia Militar estar\u00e1 mobilizada como se fosse acontecer um jogo de futebol. A medida preventiva ser\u00e1 tomada porque o desfile contar\u00e1 com a presen\u00e7a das escolas das","og:url":"https:\/\/www.encontrasantana.com.br\/sobre\/no-desfile-das-campeas-em-santana-pm-ficara-em-alerta-como-se-fosse-jogo-de-futebo\/","article:published_time":"2011-03-09T20:10:10+00:00","article:modified_time":"2019-04-15T13:04:09+00:00","twitter:card":"summary","twitter:title":"No desfile das campe\u00e3s em Santana, PM ficar\u00e1 em alerta como se fosse jogo de futebo \u00bb Encontra Santana","twitter:description":"Durante o desfile das escolas campe\u00e3s do carnaval paulistano 2011, que acontece na noite de sexta-feira (11), no Samb\u00f3dromo do Anhembi, na Zona Norte de S\u00e3o Paulo, a Pol\u00edcia Militar estar\u00e1 mobilizada como se fosse acontecer um jogo de futebol. A medida preventiva ser\u00e1 tomada porque o desfile contar\u00e1 com a presen\u00e7a das escolas das"},"aioseo_meta_data":{"post_id":"851","title":null,"description":null,"keywords":null,"keyphrases":null,"primary_term":null,"canonical_url":null,"og_title":null,"og_description":null,"og_object_type":"default","og_image_type":"default","og_image_url":null,"og_image_width":null,"og_image_height":null,"og_image_custom_url":null,"og_image_custom_fields":null,"og_video":null,"og_custom_url":null,"og_article_section":null,"og_article_tags":null,"twitter_use_og":false,"twitter_card":"default","twitter_image_type":"default","twitter_image_url":null,"twitter_image_custom_url":null,"twitter_image_custom_fields":null,"twitter_title":null,"twitter_description":null,"schema":{"blockGraphs":[],"customGraphs":[],"default":{"data":{"Article":[],"Course":[],"Dataset":[],"FAQPage":[],"Movie":[],"Person":[],"Product":[],"ProductReview":[],"Car":[],"Recipe":[],"Service":[],"SoftwareApplication":[],"WebPage":[]},"graphName":"Article","isEnabled":true},"graphs":[]},"schema_type":null,"schema_type_options":null,"pillar_content":false,"robots_default":true,"robots_noindex":false,"robots_noarchive":false,"robots_nosnippet":false,"robots_nofollow":false,"robots_noimageindex":false,"robots_noodp":false,"robots_notranslate":false,"robots_max_snippet":null,"robots_max_videopreview":null,"robots_max_imagepreview":"large","priority":null,"frequency":null,"local_seo":null,"limit_modified_date":false,"created":"2021-04-20 21:07:08","updated":"2026-08-06 05:36:42","focus_keyword":null,"additional_keywords":null,"truseo_locale":null,"ai":null,"breadcrumb_settings":null,"seo_analyzer_scan_date":null},"aioseo_breadcrumb":"<div class=\"aioseo-breadcrumbs\"><span class=\"aioseo-breadcrumb\">\n\t\t\t<a href=\"https:\/\/www.encontrasantana.com.br\/sobre\" title=\"In\u00edcio\">In\u00edcio<\/a>\n\t\t<\/span><span class=\"aioseo-breadcrumb-separator\">&raquo;<\/span><span class=\"aioseo-breadcrumb\">\n\t\t\t<a href=\"https:\/\/www.encontrasantana.com.br\/sobre\/noticias-em-santana\/\" title=\"Not\u00edcias Santana\">Not\u00edcias Santana<\/a>\n\t\t<\/span><span class=\"aioseo-breadcrumb-separator\">&raquo;<\/span><span class=\"aioseo-breadcrumb\">\n\t\t\tNo desfile das campe\u00e3s em Santana, PM ficar\u00e1 em alerta como se fosse jogo de futebo\n\t\t<\/span><\/div>","aioseo_breadcrumb_json":[{"label":"In\u00edcio","link":"https:\/\/www.encontrasantana.com.br\/sobre"},{"label":"Not\u00edcias Santana","link":"https:\/\/www.encontrasantana.com.br\/sobre\/noticias-em-santana\/"},{"label":"No desfile das campe\u00e3s em Santana, PM ficar\u00e1 em alerta como se fosse jogo de futebo","link":"https:\/\/www.encontrasantana.com.br\/sobre\/no-desfile-das-campeas-em-santana-pm-ficara-em-alerta-como-se-fosse-jogo-de-futebo\/"}],"_links":{"self":[{"href":"https:\/\/www.encontrasantana.com.br\/sobre\/wp-json\/wp\/v2\/posts\/851","targetHints":{"allow":["GET"]}}],"collection":[{"href":"https:\/\/www.encontrasantana.com.br\/sobre\/wp-json\/wp\/v2\/posts"}],"about":[{"href":"https:\/\/www.encontrasantana.com.br\/sobre\/wp-json\/wp\/v2\/types\/post"}],"author":[{"embeddable":true,"href":"https:\/\/www.encontrasantana.com.br\/sobre\/wp-json\/wp\/v2\/users\/1"}],"replies":[{"embeddable":true,"href":"https:\/\/www.encontrasantana.com.br\/sobre\/wp-json\/wp\/v2\/comments?post=851"}],"version-history":[{"count":0,"href":"https:\/\/www.encontrasantana.com.br\/sobre\/wp-json\/wp\/v2\/posts\/851\/revisions"}],"wp:attachment":[{"href":"https:\/\/www.encontrasantana.com.br\/sobre\/wp-json\/wp\/v2\/media?parent=851"}],"wp:term":[{"taxonomy":"category","embeddable":true,"href":"https:\/\/www.encontrasantana.com.br\/sobre\/wp-json\/wp\/v2\/categories?post=851"},{"taxonomy":"post_tag","embeddable":true,"href":"https:\/\/www.encontrasantana.com.br\/sobre\/wp-json\/wp\/v2\/tags?post=851"}],"curies":[{"name":"wp","href":"https:\/\/api.w.org\/{rel}","templated":true}]}}