{"id":861,"date":"2011-03-11T17:43:04","date_gmt":"2011-03-11T20:43:04","guid":{"rendered":"http:\/\/www.encontrasantana.com.br\/blog\/?p=861"},"modified":"2019-04-15T10:04:07","modified_gmt":"2019-04-15T13:04:07","slug":"santana-cet-monta-esquema-perto-do-anhembi-para-desfile-das-campeas","status":"publish","type":"post","link":"https:\/\/www.encontrasantana.com.br\/sobre\/santana-cet-monta-esquema-perto-do-anhembi-para-desfile-das-campeas\/","title":{"rendered":"Santana: CET monta esquema perto do Anhembi para desfile das campe\u00e3s"},"content":{"rendered":"<div class=\"1acf8468e559fd3cbeec5aee3a269a52\" data-index=\"1\" style=\"float: none; margin:0px;\">\n<!-- Anuncio display - global -->\r\n<ins class=\"adsbygoogle\"\r\n     style=\"display:block\"\r\n     data-ad-client=\"ca-pub-8585364105181520\"\r\n     data-ad-slot=\"8789329856\"\r\n     data-ad-format=\"auto\"\r\n     data-full-width-responsive=\"true\"><\/ins>\r\n<script>\r\n     (adsbygoogle = window.adsbygoogle || []).push({});\r\n<\/script>\n<\/div>\n<p>A CET (Companhia de Engenharia de Tr\u00e1fego) montar\u00e1 uma opera\u00e7\u00e3o especial de tr\u00e2nsito nas principais vias de acesso ao <a href=\"http:\/\/www.encontrasantana.com.br\/santana\/anhembi-em-santana.shtml\" target=\"_blank\">samb\u00f3dromo do Anhembi<\/a>, na zona norte de S\u00e3o Paulo, para os desfiles das escolas campe\u00e3s do Carnaval 2011, que acontece na noite desta sexta-feira.<\/p>\n<p>Ser\u00e3o 180 agentes de tr\u00e2nsito, 80 carros, 1.250 cavaletes, 380 cones e 730 grades met\u00e1licas. A opera\u00e7\u00e3o come\u00e7a \u00e0s 22h de hoje e se estende at\u00e9 \u00e0s 9h de amanh\u00e3 (12).<\/p>\n<p>O Anhembi fica entre as pontes das Bandeiras e da Casa Verde, e \u00e9 contornado pelas avenidas Olavo Fontoura e Assis Chateaubriand (marginal Tiet\u00ea).<\/p>\n<p><strong>INTERDI\u00c7\u00d5ES<\/strong><\/p>\n<p>&#8211; avenida Olavo Fontoura (sentido Santana) ficar\u00e1 interditada das 18h de hoje \u00e0s 9h de s\u00e1bado;<\/p>\n<p>&#8211; avenida Olavo Fontoura (sentido Casa Verde), bloqueio das 18h de hoje \u00e0s 9h de ter\u00e7a;<\/p>\n<p>&#8211; pista local da marginal Tiet\u00ea (avenida Assis Chateaubriand), sentido Castello Branco, entre as pontes das Bandeiras e da Casa Verde;<\/p>\n<p>&#8211; rua Professor Milton Rodrigues (sentido marginal), permanecer\u00e1 interditada at\u00e9 domingo (13\/03), para pr\u00e9-concentra\u00e7\u00e3o e estacionamento de carros aleg\u00f3ricos;<\/p>\n<p>&#8211; rua Professor Milton Rodrigues (sentido Olavo Fontoura) das 18h de hoje at\u00e9 as 9h de amanh\u00e3;<\/p>\n<p>&#8211; rua Marechal Leit\u00e3o de Carvalho ter\u00e1 seu sentido de circula\u00e7\u00e3o alterado de \u00fanico para duplo das 18h de hoje \u00e0s 9h amanh\u00e3, sendo permitido o acesso somente para ve\u00edculos credenciados;<\/p>\n<p>&#8211; rua Marssinet Sorcinelli, estar\u00e1 bloqueado entre a avenida Assis Chateaubriand e a rua Marechal Leit\u00e3o de Carvalho, desde as 17h de hoje at\u00e9 as 4h de amanh\u00e3.<\/p>\n<p><strong>ALTERNATIVAS<\/strong><\/p>\n<p>Os ve\u00edculos que trafegam pela Avenida Olavo Fontoura podem usar como op\u00e7\u00e3o a Avenida Braz Leme e\/ou a Marginal Tiet\u00ea. Para a avenida Assis Chateubriand (Marginal Tiet\u00ea, pista local sentido Castello Branco) a alternativa de desvio ser\u00e1 pela pista expressa da marginal Tiet\u00ea.<\/p>\n<p>A pra\u00e7a Campo de Bagatelle poder\u00e1 ser bloqueada com a avenida Santos Dumont, em caso de congestionamento. A op\u00e7\u00e3o seria um desvio pela avenida Assis Chateaubriand (pista local da marginal Tiet\u00ea) e a rua Massinet Sorcinelli.<\/p>\n<p>A rua Massinet Sorcinelli, entre a avenida Assis Chateaubriand e a rua Marechal Leit\u00e3o de Carvalho, poder\u00e1 ser bloqueada junto \u00e0 pista local da marginal Tiet\u00ea, tendo como op\u00e7\u00e3o de tr\u00e2nsito a pista expressa da marginal Tiet\u00ea at\u00e9 a ponte do Lim\u00e3o, retornando pela pista sentido Ayrton Senna at\u00e9 a ponte das Bandeiras ou Cruzeiro do Sul.<\/p>\n<p><strong>ACESSO<\/strong><\/p>\n<p>N\u00e3o haver\u00e1 estacionamento para ve\u00edculos particulares no Anhembi, o p\u00fablico dever\u00e1 utilizar os estacionamentos localizados nas proximidades. Os port\u00f5es de entrada dos setores A, B, C, D e E est\u00e3o localizados na pista local da marginal Tiet\u00ea. J\u00e1 os port\u00f5es de entrada dos setores F, G, H, I e J est\u00e3o localizados na avenida Olavo Fontoura.<\/p>\n<p><em>Fonte: Folha.com<\/em><\/p>\n\n<div style=\"font-size: 0px; height: 0px; line-height: 0px; margin: 0; padding: 0; clear: both;\"><\/div>","protected":false},"excerpt":{"rendered":"<p>A CET (Companhia de Engenharia de Tr\u00e1fego) montar\u00e1 uma opera\u00e7\u00e3o especial de tr\u00e2nsito nas principais vias de acesso ao samb\u00f3dromo do Anhembi, na zona norte de S\u00e3o Paulo, para os desfiles das escolas campe\u00e3s do Carnaval 2011, que acontece na noite desta sexta-feira. Ser\u00e3o 180 agentes de tr\u00e2nsito, 80 carros, 1.250 cavaletes, 380 cones e 730 grades met\u00e1licas. A opera\u00e7\u00e3o come\u00e7a \u00e0s 22h de hoje e se estende at\u00e9 \u00e0s 9h de amanh\u00e3 (12). O Anhembi fica entre as pontes das Bandeiras e da Casa Verde, e \u00e9 contornado pelas avenidas Olavo Fontoura e Assis Chateaubriand (marginal Tiet\u00ea). INTERDI\u00c7\u00d5ES &#8211; <\/p>\n","protected":false},"author":1,"featured_media":0,"comment_status":"open","ping_status":"closed","sticky":false,"template":"","format":"standard","meta":{"footnotes":""},"categories":[3],"tags":[10],"class_list":["post-861","post","type-post","status-publish","format-standard","hentry","category-noticias-em-santana","tag-santana"],"aioseo_notices":[],"_links":{"self":[{"href":"https:\/\/www.encontrasantana.com.br\/sobre\/wp-json\/wp\/v2\/posts\/861"}],"collection":[{"href":"https:\/\/www.encontrasantana.com.br\/sobre\/wp-json\/wp\/v2\/posts"}],"about":[{"href":"https:\/\/www.encontrasantana.com.br\/sobre\/wp-json\/wp\/v2\/types\/post"}],"author":[{"embeddable":true,"href":"https:\/\/www.encontrasantana.com.br\/sobre\/wp-json\/wp\/v2\/users\/1"}],"replies":[{"embeddable":true,"href":"https:\/\/www.encontrasantana.com.br\/sobre\/wp-json\/wp\/v2\/comments?post=861"}],"version-history":[{"count":0,"href":"https:\/\/www.encontrasantana.com.br\/sobre\/wp-json\/wp\/v2\/posts\/861\/revisions"}],"wp:attachment":[{"href":"https:\/\/www.encontrasantana.com.br\/sobre\/wp-json\/wp\/v2\/media?parent=861"}],"wp:term":[{"taxonomy":"category","embeddable":true,"href":"https:\/\/www.encontrasantana.com.br\/sobre\/wp-json\/wp\/v2\/categories?post=861"},{"taxonomy":"post_tag","embeddable":true,"href":"https:\/\/www.encontrasantana.com.br\/sobre\/wp-json\/wp\/v2\/tags?post=861"}],"curies":[{"name":"wp","href":"https:\/\/api.w.org\/{rel}","templated":true}]}}