{"id":865,"date":"2011-03-11T17:45:51","date_gmt":"2011-03-11T20:45:51","guid":{"rendered":"http:\/\/www.encontrasantana.com.br\/blog\/?p=865"},"modified":"2019-04-15T10:04:07","modified_gmt":"2019-04-15T13:04:07","slug":"santana-pm-proibe-faixas-e-bandeiras-grandes-no-anhembi","status":"publish","type":"post","link":"https:\/\/www.encontrasantana.com.br\/sobre\/santana-pm-proibe-faixas-e-bandeiras-grandes-no-anhembi\/","title":{"rendered":"Santana: PM pro\u00edbe faixas e bandeiras grandes no Anhembi"},"content":{"rendered":"<div class=\"1acf8468e559fd3cbeec5aee3a269a52\" data-index=\"1\" style=\"float: none; margin:0px;\">\n<!-- Anuncio display - global -->\r\n<ins class=\"adsbygoogle\"\r\n     style=\"display:block\"\r\n     data-ad-client=\"ca-pub-8585364105181520\"\r\n     data-ad-slot=\"8789329856\"\r\n     data-ad-format=\"auto\"\r\n     data-full-width-responsive=\"true\"><\/ins>\r\n<script>\r\n     (adsbygoogle = window.adsbygoogle || []).push({});\r\n<\/script>\n<\/div>\n<p>A PM proibiu a entrada de faixas e bandeiras grandes no desfile das campe\u00e3s do Carnaval paulista, que ocorre nesta noite no <a href=\"http:\/\/www.encontrasantana.com.br\/santana\/anhembi-em-santana.shtml\" target=\"_blank\">samb\u00f3dromo do Anhembi<\/a>, no bairro de\u00a0Santana. As torcidas organizadas tamb\u00e9m n\u00e3o poder\u00e3o entregar bandeirinhas de m\u00e3o ao p\u00fablico (o foli\u00e3o poder\u00e1 entrar com o artigo, desde que seja um por pessoa e tenha haste pl\u00e1stica) e entrar\u00e3o por port\u00f5es diferentes.<\/p>\n<p>O objetivo \u00e9 evitar o confronto entre torcidas organizadas das escolas Drag\u00f5es da Real (S\u00e3o Paulo), Mancha Verde (Palmeiras) e Gavi\u00f5es da Fiel (Corinthians).<\/p>\n<p><em>Fonte: Agora S\u00e3o Paulo<\/em><\/p>\n\n<div style=\"font-size: 0px; height: 0px; line-height: 0px; margin: 0; padding: 0; clear: both;\"><\/div>","protected":false},"excerpt":{"rendered":"<p>A PM proibiu a entrada de faixas e bandeiras grandes no desfile das campe\u00e3s do Carnaval paulista, que ocorre nesta noite no samb\u00f3dromo do Anhembi, no bairro de\u00a0Santana. As torcidas organizadas tamb\u00e9m n\u00e3o poder\u00e3o entregar bandeirinhas de m\u00e3o ao p\u00fablico (o foli\u00e3o poder\u00e1 entrar com o artigo, desde que seja um por pessoa e tenha haste pl\u00e1stica) e entrar\u00e3o por port\u00f5es diferentes. O objetivo \u00e9 evitar o confronto entre torcidas organizadas das escolas Drag\u00f5es da Real (S\u00e3o Paulo), Mancha Verde (Palmeiras) e Gavi\u00f5es da Fiel (Corinthians). Fonte: Agora S\u00e3o Paulo<\/p>\n","protected":false},"author":1,"featured_media":0,"comment_status":"open","ping_status":"closed","sticky":false,"template":"","format":"standard","meta":{"footnotes":""},"categories":[3],"tags":[10],"class_list":["post-865","post","type-post","status-publish","format-standard","hentry","category-noticias-em-santana","tag-santana"],"aioseo_notices":[],"_links":{"self":[{"href":"https:\/\/www.encontrasantana.com.br\/sobre\/wp-json\/wp\/v2\/posts\/865"}],"collection":[{"href":"https:\/\/www.encontrasantana.com.br\/sobre\/wp-json\/wp\/v2\/posts"}],"about":[{"href":"https:\/\/www.encontrasantana.com.br\/sobre\/wp-json\/wp\/v2\/types\/post"}],"author":[{"embeddable":true,"href":"https:\/\/www.encontrasantana.com.br\/sobre\/wp-json\/wp\/v2\/users\/1"}],"replies":[{"embeddable":true,"href":"https:\/\/www.encontrasantana.com.br\/sobre\/wp-json\/wp\/v2\/comments?post=865"}],"version-history":[{"count":0,"href":"https:\/\/www.encontrasantana.com.br\/sobre\/wp-json\/wp\/v2\/posts\/865\/revisions"}],"wp:attachment":[{"href":"https:\/\/www.encontrasantana.com.br\/sobre\/wp-json\/wp\/v2\/media?parent=865"}],"wp:term":[{"taxonomy":"category","embeddable":true,"href":"https:\/\/www.encontrasantana.com.br\/sobre\/wp-json\/wp\/v2\/categories?post=865"},{"taxonomy":"post_tag","embeddable":true,"href":"https:\/\/www.encontrasantana.com.br\/sobre\/wp-json\/wp\/v2\/tags?post=865"}],"curies":[{"name":"wp","href":"https:\/\/api.w.org\/{rel}","templated":true}]}}