{"id":876,"date":"2011-03-16T19:47:31","date_gmt":"2011-03-16T22:47:31","guid":{"rendered":"http:\/\/www.encontrasantana.com.br\/blog\/?p=876"},"modified":"2019-04-15T10:04:06","modified_gmt":"2019-04-15T13:04:06","slug":"cee-lo-green-e-john-legend-vao-tocam-em-santana-em-maio","status":"publish","type":"post","link":"https:\/\/www.encontrasantana.com.br\/sobre\/cee-lo-green-e-john-legend-vao-tocam-em-santana-em-maio\/","title":{"rendered":"Cee Lo Green e John Legend v\u00e3o tocam em Santana em maio"},"content":{"rendered":"<div class=\"1acf8468e559fd3cbeec5aee3a269a52\" data-index=\"1\" style=\"float: none; margin:0px;\">\n<!-- Anuncio display - global -->\r\n<ins class=\"adsbygoogle\"\r\n     style=\"display:block\"\r\n     data-ad-client=\"ca-pub-8585364105181520\"\r\n     data-ad-slot=\"8789329856\"\r\n     data-ad-format=\"auto\"\r\n     data-full-width-responsive=\"true\"><\/ins>\r\n<script>\r\n     (adsbygoogle = window.adsbygoogle || []).push({});\r\n<\/script>\n<\/div>\n<p>Cee Lo Green e John Legend s\u00e3o as novas atra\u00e7\u00f5es confirmadas para o Urban Music Festival. A informa\u00e7\u00e3o foi divulgada nesta ter\u00e7a-feira (15), pela produtora Coliseu Eventos.<\/p>\n<p>Os dois m\u00fasicos ser\u00e3o as principais atra\u00e7\u00f5es do evento que ser\u00e1 realizado em S\u00e3o Paulo, no dia 29 de maio, na <a href=\"http:\/\/www.encontrasantana.com.br\/santana\/anhembi-em-santana.shtml\" target=\"_blank\">Arena Anhembi<\/a>, bairro de Santana.<\/p>\n<p>Al\u00e9m de Cee Lo Green e John Legend, vai se apresentar no Urban Music Festival um dos grandes nomes do hip-hop, R&amp;B e pop, o produtor e rapper Timothy Z. Mosley, mais conhecido como Timbaland.<\/p>\n<p>Outra atra\u00e7\u00e3o nacional \u00e9 o rapper Emicida, que faz seu primeiro show solo no Brasil, na volta do festival Coachella.<\/p>\n<p><strong>Urban Music Festival<br \/>\nQuando: <\/strong>Dia 29 de maio<br \/>\n<strong>Onde: <\/strong>Arena Anhembi, Av. Olavo Fontoura, n\u00ba 1.209, Santana<br \/>\n<strong>Quanto<\/strong>:\u00a0R$ 100 (1\u00ba lote &#8211; 28 de mar\u00e7o) e R$ 160 (2\u00ba lote a partir de 4 de abril)<\/p>\n<p><em>Fonte: Estad\u00e3o.com.br<\/em><\/p>\n\n<div style=\"font-size: 0px; height: 0px; line-height: 0px; margin: 0; padding: 0; clear: both;\"><\/div>","protected":false},"excerpt":{"rendered":"<p>Cee Lo Green e John Legend s\u00e3o as novas atra\u00e7\u00f5es confirmadas para o Urban Music Festival. A informa\u00e7\u00e3o foi divulgada nesta ter\u00e7a-feira (15), pela produtora Coliseu Eventos. Os dois m\u00fasicos ser\u00e3o as principais atra\u00e7\u00f5es do evento que ser\u00e1 realizado em S\u00e3o Paulo, no dia 29 de maio, na Arena Anhembi, bairro de Santana. Al\u00e9m de Cee Lo Green e John Legend, vai se apresentar no Urban Music Festival um dos grandes nomes do hip-hop, R&amp;B e pop, o produtor e rapper Timothy Z. Mosley, mais conhecido como Timbaland. Outra atra\u00e7\u00e3o nacional \u00e9 o rapper Emicida, que faz seu primeiro show <\/p>\n","protected":false},"author":1,"featured_media":0,"comment_status":"open","ping_status":"closed","sticky":false,"template":"","format":"standard","meta":{"footnotes":""},"categories":[8],"tags":[10],"class_list":["post-876","post","type-post","status-publish","format-standard","hentry","category-shows-em-santana","tag-santana"],"aioseo_notices":[],"aioseo_head":"\n\t\t<!-- All in One SEO 5.0.0.1 - aioseo.com -->\n\t<meta name=\"description\" content=\"Cee Lo Green e John Legend s\u00e3o as novas atra\u00e7\u00f5es confirmadas para o Urban Music Festival. A informa\u00e7\u00e3o foi divulgada nesta ter\u00e7a-feira (15), pela produtora Coliseu Eventos. Os dois m\u00fasicos ser\u00e3o as principais atra\u00e7\u00f5es do evento que ser\u00e1 realizado em S\u00e3o Paulo, no dia 29 de maio, na Arena Anhembi, bairro de Santana. Al\u00e9m de\" \/>\n\t<meta name=\"robots\" content=\"max-image-preview:large\" \/>\n\t<meta name=\"author\" content=\"Encontra Santana\"\/>\n\t<link rel=\"canonical\" href=\"https:\/\/www.encontrasantana.com.br\/sobre\/cee-lo-green-e-john-legend-vao-tocam-em-santana-em-maio\/\" \/>\n\t<meta name=\"generator\" content=\"All in One SEO (AIOSEO) 5.0.0.1\" \/>\n\t\t<meta property=\"og:locale\" content=\"pt_BR\" \/>\n\t\t<meta property=\"og:site_name\" content=\"Encontra Santana | Not\u00edcias, eventos, informa\u00e7\u00f5es e dicas no bairro de Santana e regi\u00e3o.\" \/>\n\t\t<meta property=\"og:type\" content=\"article\" \/>\n\t\t<meta property=\"og:title\" content=\"Cee Lo Green e John Legend v\u00e3o tocam em Santana em maio \u00bb Encontra Santana\" \/>\n\t\t<meta property=\"og:description\" content=\"Cee Lo Green e John Legend s\u00e3o as novas atra\u00e7\u00f5es confirmadas para o Urban Music Festival. A informa\u00e7\u00e3o foi divulgada nesta ter\u00e7a-feira (15), pela produtora Coliseu Eventos. Os dois m\u00fasicos ser\u00e3o as principais atra\u00e7\u00f5es do evento que ser\u00e1 realizado em S\u00e3o Paulo, no dia 29 de maio, na Arena Anhembi, bairro de Santana. Al\u00e9m de\" \/>\n\t\t<meta property=\"og:url\" content=\"https:\/\/www.encontrasantana.com.br\/sobre\/cee-lo-green-e-john-legend-vao-tocam-em-santana-em-maio\/\" \/>\n\t\t<meta property=\"article:published_time\" content=\"2011-03-16T22:47:31+00:00\" \/>\n\t\t<meta property=\"article:modified_time\" content=\"2019-04-15T13:04:06+00:00\" \/>\n\t\t<meta name=\"twitter:card\" content=\"summary\" \/>\n\t\t<meta name=\"twitter:title\" content=\"Cee Lo Green e John Legend v\u00e3o tocam em Santana em maio \u00bb Encontra Santana\" \/>\n\t\t<meta name=\"twitter:description\" content=\"Cee Lo Green e John Legend s\u00e3o as novas atra\u00e7\u00f5es confirmadas para o Urban Music Festival. A informa\u00e7\u00e3o foi divulgada nesta ter\u00e7a-feira (15), pela produtora Coliseu Eventos. Os dois m\u00fasicos ser\u00e3o as principais atra\u00e7\u00f5es do evento que ser\u00e1 realizado em S\u00e3o Paulo, no dia 29 de maio, na Arena Anhembi, bairro de Santana. Al\u00e9m de\" \/>\n\t\t<script type=\"application\/ld+json\" class=\"aioseo-schema\">\n\t\t\t{\"@context\":\"https:\\\/\\\/schema.org\",\"@graph\":[{\"@type\":\"Article\",\"@id\":\"https:\\\/\\\/www.encontrasantana.com.br\\\/sobre\\\/cee-lo-green-e-john-legend-vao-tocam-em-santana-em-maio\\\/#article\",\"name\":\"Cee Lo Green e John Legend v\\u00e3o tocam em Santana em maio \\u00bb Encontra Santana\",\"headline\":\"Cee Lo Green e John Legend v\\u00e3o tocam em Santana em maio\",\"author\":{\"@id\":\"https:\\\/\\\/www.encontrasantana.com.br\\\/sobre\\\/author\\\/esantana\\\/#author\"},\"publisher\":{\"@id\":\"https:\\\/\\\/www.encontrasantana.com.br\\\/sobre\\\/#organization\"},\"datePublished\":\"2011-03-16T19:47:31-03:00\",\"dateModified\":\"2019-04-15T10:04:06-03:00\",\"inLanguage\":\"pt-BR\",\"mainEntityOfPage\":{\"@id\":\"https:\\\/\\\/www.encontrasantana.com.br\\\/sobre\\\/cee-lo-green-e-john-legend-vao-tocam-em-santana-em-maio\\\/#webpage\"},\"isPartOf\":{\"@id\":\"https:\\\/\\\/www.encontrasantana.com.br\\\/sobre\\\/cee-lo-green-e-john-legend-vao-tocam-em-santana-em-maio\\\/#webpage\"},\"articleSection\":\"Show Santana, Santana\"},{\"@type\":\"BreadcrumbList\",\"@id\":\"https:\\\/\\\/www.encontrasantana.com.br\\\/sobre\\\/cee-lo-green-e-john-legend-vao-tocam-em-santana-em-maio\\\/#breadcrumblist\",\"itemListElement\":[{\"@type\":\"ListItem\",\"@id\":\"https:\\\/\\\/www.encontrasantana.com.br\\\/sobre#listItem\",\"position\":1,\"name\":\"In\\u00edcio\",\"item\":\"https:\\\/\\\/www.encontrasantana.com.br\\\/sobre\",\"nextItem\":{\"@type\":\"ListItem\",\"@id\":\"https:\\\/\\\/www.encontrasantana.com.br\\\/sobre\\\/shows-em-santana\\\/#listItem\",\"name\":\"Show Santana\"}},{\"@type\":\"ListItem\",\"@id\":\"https:\\\/\\\/www.encontrasantana.com.br\\\/sobre\\\/shows-em-santana\\\/#listItem\",\"position\":2,\"name\":\"Show Santana\",\"item\":\"https:\\\/\\\/www.encontrasantana.com.br\\\/sobre\\\/shows-em-santana\\\/\",\"nextItem\":{\"@type\":\"ListItem\",\"@id\":\"https:\\\/\\\/www.encontrasantana.com.br\\\/sobre\\\/cee-lo-green-e-john-legend-vao-tocam-em-santana-em-maio\\\/#listItem\",\"name\":\"Cee Lo Green e John Legend v\\u00e3o tocam em Santana em maio\"},\"previousItem\":{\"@type\":\"ListItem\",\"@id\":\"https:\\\/\\\/www.encontrasantana.com.br\\\/sobre#listItem\",\"name\":\"In\\u00edcio\"}},{\"@type\":\"ListItem\",\"@id\":\"https:\\\/\\\/www.encontrasantana.com.br\\\/sobre\\\/cee-lo-green-e-john-legend-vao-tocam-em-santana-em-maio\\\/#listItem\",\"position\":3,\"name\":\"Cee Lo Green e John Legend v\\u00e3o tocam em Santana em maio\",\"previousItem\":{\"@type\":\"ListItem\",\"@id\":\"https:\\\/\\\/www.encontrasantana.com.br\\\/sobre\\\/shows-em-santana\\\/#listItem\",\"name\":\"Show Santana\"}}]},{\"@type\":\"Organization\",\"@id\":\"https:\\\/\\\/www.encontrasantana.com.br\\\/sobre\\\/#organization\",\"name\":\"Encontra Santana\",\"description\":\"Not\\u00edcias, eventos, informa\\u00e7\\u00f5es e dicas no bairro de Santana e regi\\u00e3o.\",\"url\":\"https:\\\/\\\/www.encontrasantana.com.br\\\/sobre\\\/\"},{\"@type\":\"Person\",\"@id\":\"https:\\\/\\\/www.encontrasantana.com.br\\\/sobre\\\/author\\\/esantana\\\/#author\",\"url\":\"https:\\\/\\\/www.encontrasantana.com.br\\\/sobre\\\/author\\\/esantana\\\/\",\"name\":\"Encontra Santana\",\"image\":{\"@type\":\"ImageObject\",\"@id\":\"https:\\\/\\\/www.encontrasantana.com.br\\\/sobre\\\/cee-lo-green-e-john-legend-vao-tocam-em-santana-em-maio\\\/#authorImage\",\"url\":\"https:\\\/\\\/secure.gravatar.com\\\/avatar\\\/0fbed662e37531ae23e68f85f9517b2454e50c1dfebf80eb9b721449ac95e0b9?s=96&d=mm&r=g\",\"width\":96,\"height\":96,\"caption\":\"Encontra Santana\"}},{\"@type\":\"WebPage\",\"@id\":\"https:\\\/\\\/www.encontrasantana.com.br\\\/sobre\\\/cee-lo-green-e-john-legend-vao-tocam-em-santana-em-maio\\\/#webpage\",\"url\":\"https:\\\/\\\/www.encontrasantana.com.br\\\/sobre\\\/cee-lo-green-e-john-legend-vao-tocam-em-santana-em-maio\\\/\",\"name\":\"Cee Lo Green e John Legend v\\u00e3o tocam em Santana em maio \\u00bb Encontra Santana\",\"description\":\"Cee Lo Green e John Legend s\\u00e3o as novas atra\\u00e7\\u00f5es confirmadas para o Urban Music Festival. A informa\\u00e7\\u00e3o foi divulgada nesta ter\\u00e7a-feira (15), pela produtora Coliseu Eventos. Os dois m\\u00fasicos ser\\u00e3o as principais atra\\u00e7\\u00f5es do evento que ser\\u00e1 realizado em S\\u00e3o Paulo, no dia 29 de maio, na Arena Anhembi, bairro de Santana. Al\\u00e9m de\",\"inLanguage\":\"pt-BR\",\"isPartOf\":{\"@id\":\"https:\\\/\\\/www.encontrasantana.com.br\\\/sobre\\\/#website\"},\"breadcrumb\":{\"@id\":\"https:\\\/\\\/www.encontrasantana.com.br\\\/sobre\\\/cee-lo-green-e-john-legend-vao-tocam-em-santana-em-maio\\\/#breadcrumblist\"},\"author\":{\"@id\":\"https:\\\/\\\/www.encontrasantana.com.br\\\/sobre\\\/author\\\/esantana\\\/#author\"},\"creator\":{\"@id\":\"https:\\\/\\\/www.encontrasantana.com.br\\\/sobre\\\/author\\\/esantana\\\/#author\"},\"datePublished\":\"2011-03-16T19:47:31-03:00\",\"dateModified\":\"2019-04-15T10:04:06-03:00\"},{\"@type\":\"WebSite\",\"@id\":\"https:\\\/\\\/www.encontrasantana.com.br\\\/sobre\\\/#website\",\"url\":\"https:\\\/\\\/www.encontrasantana.com.br\\\/sobre\\\/\",\"name\":\"Encontra Santana\",\"description\":\"Not\\u00edcias, eventos, informa\\u00e7\\u00f5es e dicas no bairro de Santana e regi\\u00e3o.\",\"inLanguage\":\"pt-BR\",\"publisher\":{\"@id\":\"https:\\\/\\\/www.encontrasantana.com.br\\\/sobre\\\/#organization\"}}]}\n\t\t<\/script>\n\t\t<!-- All in One SEO -->\n\n","aioseo_head_json":{"title":"Cee Lo Green e John Legend v\u00e3o tocam em Santana em maio \u00bb Encontra Santana","description":"Cee Lo Green e John Legend s\u00e3o as novas atra\u00e7\u00f5es confirmadas para o Urban Music Festival. A informa\u00e7\u00e3o foi divulgada nesta ter\u00e7a-feira (15), pela produtora Coliseu Eventos. Os dois m\u00fasicos ser\u00e3o as principais atra\u00e7\u00f5es do evento que ser\u00e1 realizado em S\u00e3o Paulo, no dia 29 de maio, na Arena Anhembi, bairro de Santana. Al\u00e9m de","canonical_url":"https:\/\/www.encontrasantana.com.br\/sobre\/cee-lo-green-e-john-legend-vao-tocam-em-santana-em-maio\/","robots":"max-image-preview:large","keywords":"","webmasterTools":{"miscellaneous":""},"schema":{"@context":"https:\/\/schema.org","@graph":[{"@type":"Article","@id":"https:\/\/www.encontrasantana.com.br\/sobre\/cee-lo-green-e-john-legend-vao-tocam-em-santana-em-maio\/#article","name":"Cee Lo Green e John Legend v\u00e3o tocam em Santana em maio \u00bb Encontra Santana","headline":"Cee Lo Green e John Legend v\u00e3o tocam em Santana em maio","author":{"@id":"https:\/\/www.encontrasantana.com.br\/sobre\/author\/esantana\/#author"},"publisher":{"@id":"https:\/\/www.encontrasantana.com.br\/sobre\/#organization"},"datePublished":"2011-03-16T19:47:31-03:00","dateModified":"2019-04-15T10:04:06-03:00","inLanguage":"pt-BR","mainEntityOfPage":{"@id":"https:\/\/www.encontrasantana.com.br\/sobre\/cee-lo-green-e-john-legend-vao-tocam-em-santana-em-maio\/#webpage"},"isPartOf":{"@id":"https:\/\/www.encontrasantana.com.br\/sobre\/cee-lo-green-e-john-legend-vao-tocam-em-santana-em-maio\/#webpage"},"articleSection":"Show Santana, Santana"},{"@type":"BreadcrumbList","@id":"https:\/\/www.encontrasantana.com.br\/sobre\/cee-lo-green-e-john-legend-vao-tocam-em-santana-em-maio\/#breadcrumblist","itemListElement":[{"@type":"ListItem","@id":"https:\/\/www.encontrasantana.com.br\/sobre#listItem","position":1,"name":"In\u00edcio","item":"https:\/\/www.encontrasantana.com.br\/sobre","nextItem":{"@type":"ListItem","@id":"https:\/\/www.encontrasantana.com.br\/sobre\/shows-em-santana\/#listItem","name":"Show Santana"}},{"@type":"ListItem","@id":"https:\/\/www.encontrasantana.com.br\/sobre\/shows-em-santana\/#listItem","position":2,"name":"Show Santana","item":"https:\/\/www.encontrasantana.com.br\/sobre\/shows-em-santana\/","nextItem":{"@type":"ListItem","@id":"https:\/\/www.encontrasantana.com.br\/sobre\/cee-lo-green-e-john-legend-vao-tocam-em-santana-em-maio\/#listItem","name":"Cee Lo Green e John Legend v\u00e3o tocam em Santana em maio"},"previousItem":{"@type":"ListItem","@id":"https:\/\/www.encontrasantana.com.br\/sobre#listItem","name":"In\u00edcio"}},{"@type":"ListItem","@id":"https:\/\/www.encontrasantana.com.br\/sobre\/cee-lo-green-e-john-legend-vao-tocam-em-santana-em-maio\/#listItem","position":3,"name":"Cee Lo Green e John Legend v\u00e3o tocam em Santana em maio","previousItem":{"@type":"ListItem","@id":"https:\/\/www.encontrasantana.com.br\/sobre\/shows-em-santana\/#listItem","name":"Show Santana"}}]},{"@type":"Organization","@id":"https:\/\/www.encontrasantana.com.br\/sobre\/#organization","name":"Encontra Santana","description":"Not\u00edcias, eventos, informa\u00e7\u00f5es e dicas no bairro de Santana e regi\u00e3o.","url":"https:\/\/www.encontrasantana.com.br\/sobre\/"},{"@type":"Person","@id":"https:\/\/www.encontrasantana.com.br\/sobre\/author\/esantana\/#author","url":"https:\/\/www.encontrasantana.com.br\/sobre\/author\/esantana\/","name":"Encontra Santana","image":{"@type":"ImageObject","@id":"https:\/\/www.encontrasantana.com.br\/sobre\/cee-lo-green-e-john-legend-vao-tocam-em-santana-em-maio\/#authorImage","url":"https:\/\/secure.gravatar.com\/avatar\/0fbed662e37531ae23e68f85f9517b2454e50c1dfebf80eb9b721449ac95e0b9?s=96&d=mm&r=g","width":96,"height":96,"caption":"Encontra Santana"}},{"@type":"WebPage","@id":"https:\/\/www.encontrasantana.com.br\/sobre\/cee-lo-green-e-john-legend-vao-tocam-em-santana-em-maio\/#webpage","url":"https:\/\/www.encontrasantana.com.br\/sobre\/cee-lo-green-e-john-legend-vao-tocam-em-santana-em-maio\/","name":"Cee Lo Green e John Legend v\u00e3o tocam em Santana em maio \u00bb Encontra Santana","description":"Cee Lo Green e John Legend s\u00e3o as novas atra\u00e7\u00f5es confirmadas para o Urban Music Festival. A informa\u00e7\u00e3o foi divulgada nesta ter\u00e7a-feira (15), pela produtora Coliseu Eventos. Os dois m\u00fasicos ser\u00e3o as principais atra\u00e7\u00f5es do evento que ser\u00e1 realizado em S\u00e3o Paulo, no dia 29 de maio, na Arena Anhembi, bairro de Santana. Al\u00e9m de","inLanguage":"pt-BR","isPartOf":{"@id":"https:\/\/www.encontrasantana.com.br\/sobre\/#website"},"breadcrumb":{"@id":"https:\/\/www.encontrasantana.com.br\/sobre\/cee-lo-green-e-john-legend-vao-tocam-em-santana-em-maio\/#breadcrumblist"},"author":{"@id":"https:\/\/www.encontrasantana.com.br\/sobre\/author\/esantana\/#author"},"creator":{"@id":"https:\/\/www.encontrasantana.com.br\/sobre\/author\/esantana\/#author"},"datePublished":"2011-03-16T19:47:31-03:00","dateModified":"2019-04-15T10:04:06-03:00"},{"@type":"WebSite","@id":"https:\/\/www.encontrasantana.com.br\/sobre\/#website","url":"https:\/\/www.encontrasantana.com.br\/sobre\/","name":"Encontra Santana","description":"Not\u00edcias, eventos, informa\u00e7\u00f5es e dicas no bairro de Santana e regi\u00e3o.","inLanguage":"pt-BR","publisher":{"@id":"https:\/\/www.encontrasantana.com.br\/sobre\/#organization"}}]},"og:locale":"pt_BR","og:site_name":"Encontra Santana | Not\u00edcias, eventos, informa\u00e7\u00f5es e dicas no bairro de Santana e regi\u00e3o.","og:type":"article","og:title":"Cee Lo Green e John Legend v\u00e3o tocam em Santana em maio \u00bb Encontra Santana","og:description":"Cee Lo Green e John Legend s\u00e3o as novas atra\u00e7\u00f5es confirmadas para o Urban Music Festival. A informa\u00e7\u00e3o foi divulgada nesta ter\u00e7a-feira (15), pela produtora Coliseu Eventos. Os dois m\u00fasicos ser\u00e3o as principais atra\u00e7\u00f5es do evento que ser\u00e1 realizado em S\u00e3o Paulo, no dia 29 de maio, na Arena Anhembi, bairro de Santana. Al\u00e9m de","og:url":"https:\/\/www.encontrasantana.com.br\/sobre\/cee-lo-green-e-john-legend-vao-tocam-em-santana-em-maio\/","article:published_time":"2011-03-16T22:47:31+00:00","article:modified_time":"2019-04-15T13:04:06+00:00","twitter:card":"summary","twitter:title":"Cee Lo Green e John Legend v\u00e3o tocam em Santana em maio \u00bb Encontra Santana","twitter:description":"Cee Lo Green e John Legend s\u00e3o as novas atra\u00e7\u00f5es confirmadas para o Urban Music Festival. A informa\u00e7\u00e3o foi divulgada nesta ter\u00e7a-feira (15), pela produtora Coliseu Eventos. Os dois m\u00fasicos ser\u00e3o as principais atra\u00e7\u00f5es do evento que ser\u00e1 realizado em S\u00e3o Paulo, no dia 29 de maio, na Arena Anhembi, bairro de Santana. Al\u00e9m de"},"aioseo_meta_data":{"post_id":"876","title":null,"description":null,"keywords":null,"keyphrases":null,"primary_term":null,"canonical_url":null,"og_title":null,"og_description":null,"og_object_type":"default","og_image_type":"default","og_image_url":null,"og_image_width":null,"og_image_height":null,"og_image_custom_url":null,"og_image_custom_fields":null,"og_video":null,"og_custom_url":null,"og_article_section":null,"og_article_tags":null,"twitter_use_og":false,"twitter_card":"default","twitter_image_type":"default","twitter_image_url":null,"twitter_image_custom_url":null,"twitter_image_custom_fields":null,"twitter_title":null,"twitter_description":null,"schema":{"blockGraphs":[],"customGraphs":[],"default":{"data":{"Article":[],"Course":[],"Dataset":[],"FAQPage":[],"Movie":[],"Person":[],"Product":[],"ProductReview":[],"Car":[],"Recipe":[],"Service":[],"SoftwareApplication":[],"WebPage":[]},"graphName":"Article","isEnabled":true},"graphs":[]},"schema_type":null,"schema_type_options":null,"pillar_content":false,"robots_default":true,"robots_noindex":false,"robots_noarchive":false,"robots_nosnippet":false,"robots_nofollow":false,"robots_noimageindex":false,"robots_noodp":false,"robots_notranslate":false,"robots_max_snippet":null,"robots_max_videopreview":null,"robots_max_imagepreview":"large","priority":null,"frequency":null,"local_seo":null,"limit_modified_date":false,"created":"2021-04-20 21:08:13","updated":"2026-08-06 06:04:25","focus_keyword":null,"additional_keywords":null,"truseo_locale":null,"ai":null,"breadcrumb_settings":null,"seo_analyzer_scan_date":null},"aioseo_breadcrumb":"<div class=\"aioseo-breadcrumbs\"><span class=\"aioseo-breadcrumb\">\n\t\t\t<a href=\"https:\/\/www.encontrasantana.com.br\/sobre\" title=\"In\u00edcio\">In\u00edcio<\/a>\n\t\t<\/span><span class=\"aioseo-breadcrumb-separator\">&raquo;<\/span><span class=\"aioseo-breadcrumb\">\n\t\t\t<a href=\"https:\/\/www.encontrasantana.com.br\/sobre\/shows-em-santana\/\" title=\"Show Santana\">Show Santana<\/a>\n\t\t<\/span><span class=\"aioseo-breadcrumb-separator\">&raquo;<\/span><span class=\"aioseo-breadcrumb\">\n\t\t\tCee Lo Green e John Legend v\u00e3o tocam em Santana em maio\n\t\t<\/span><\/div>","aioseo_breadcrumb_json":[{"label":"In\u00edcio","link":"https:\/\/www.encontrasantana.com.br\/sobre"},{"label":"Show Santana","link":"https:\/\/www.encontrasantana.com.br\/sobre\/shows-em-santana\/"},{"label":"Cee Lo Green e John Legend v\u00e3o tocam em Santana em maio","link":"https:\/\/www.encontrasantana.com.br\/sobre\/cee-lo-green-e-john-legend-vao-tocam-em-santana-em-maio\/"}],"_links":{"self":[{"href":"https:\/\/www.encontrasantana.com.br\/sobre\/wp-json\/wp\/v2\/posts\/876","targetHints":{"allow":["GET"]}}],"collection":[{"href":"https:\/\/www.encontrasantana.com.br\/sobre\/wp-json\/wp\/v2\/posts"}],"about":[{"href":"https:\/\/www.encontrasantana.com.br\/sobre\/wp-json\/wp\/v2\/types\/post"}],"author":[{"embeddable":true,"href":"https:\/\/www.encontrasantana.com.br\/sobre\/wp-json\/wp\/v2\/users\/1"}],"replies":[{"embeddable":true,"href":"https:\/\/www.encontrasantana.com.br\/sobre\/wp-json\/wp\/v2\/comments?post=876"}],"version-history":[{"count":0,"href":"https:\/\/www.encontrasantana.com.br\/sobre\/wp-json\/wp\/v2\/posts\/876\/revisions"}],"wp:attachment":[{"href":"https:\/\/www.encontrasantana.com.br\/sobre\/wp-json\/wp\/v2\/media?parent=876"}],"wp:term":[{"taxonomy":"category","embeddable":true,"href":"https:\/\/www.encontrasantana.com.br\/sobre\/wp-json\/wp\/v2\/categories?post=876"},{"taxonomy":"post_tag","embeddable":true,"href":"https:\/\/www.encontrasantana.com.br\/sobre\/wp-json\/wp\/v2\/tags?post=876"}],"curies":[{"name":"wp","href":"https:\/\/api.w.org\/{rel}","templated":true}]}}