{"id":881,"date":"2011-03-18T18:24:08","date_gmt":"2011-03-18T21:24:08","guid":{"rendered":"http:\/\/www.encontrasantana.com.br\/blog\/?p=881"},"modified":"2019-04-15T10:04:06","modified_gmt":"2019-04-15T13:04:06","slug":"santana-ruas-proximas-ao-anhembi-terao-recape","status":"publish","type":"post","link":"https:\/\/www.encontrasantana.com.br\/sobre\/santana-ruas-proximas-ao-anhembi-terao-recape\/","title":{"rendered":"Santana: ruas pr\u00f3ximas ao Anhembi ter\u00e3o recape"},"content":{"rendered":"<div class=\"1acf8468e559fd3cbeec5aee3a269a52\" data-index=\"1\" style=\"float: none; margin:0px;\">\n<!-- Anuncio display - global -->\r\n<ins class=\"adsbygoogle\"\r\n     style=\"display:block\"\r\n     data-ad-client=\"ca-pub-8585364105181520\"\r\n     data-ad-slot=\"8789329856\"\r\n     data-ad-format=\"auto\"\r\n     data-full-width-responsive=\"true\"><\/ins>\r\n<script>\r\n     (adsbygoogle = window.adsbygoogle || []).push({});\r\n<\/script>\n<\/div>\n<p>Cerca de 26.270 metros quadrados de vias nas regi\u00f5es de Santana e Tucuruvi ser\u00e3o recapeadas. A maior interven\u00e7\u00e3o ser\u00e1 na Pra\u00e7a Campo de Bagatelle, ao lado do\u00a0<a href=\"http:\/\/www.encontrasantana.com.br\/santana\/anhembi-em-santana.shtml\" target=\"_blank\">Parque Anhembi<\/a>, em Santana, que ter\u00e1 todo seu entorno recapeado. Na mesma \u00e1rea, tamb\u00e9m ganhar\u00e3o melhorias as ruas Mal. Leit\u00e3o de Carvalho (entre a Av. Santos Dumont at\u00e9 o Port\u00e3o 12 do Anhembi), a Dr. Melo Nogueira e a Brazelisa Alves de Carvalho, entre a Dr. Melo Nogueira at\u00e9 Olavo Fontoura. No Tucuruvi, o recapeamento ser\u00e1 na Av. Guapira, entre a Rua Tanque Velho e a Av. Tucuruvi.<\/p>\n<p><em>Fonte: Di\u00e1rio de S. Paulo<\/em><\/p>\n\n<div style=\"font-size: 0px; height: 0px; line-height: 0px; margin: 0; padding: 0; clear: both;\"><\/div>","protected":false},"excerpt":{"rendered":"<p>Cerca de 26.270 metros quadrados de vias nas regi\u00f5es de Santana e Tucuruvi ser\u00e3o recapeadas. A maior interven\u00e7\u00e3o ser\u00e1 na Pra\u00e7a Campo de Bagatelle, ao lado do\u00a0Parque Anhembi, em Santana, que ter\u00e1 todo seu entorno recapeado. Na mesma \u00e1rea, tamb\u00e9m ganhar\u00e3o melhorias as ruas Mal. Leit\u00e3o de Carvalho (entre a Av. Santos Dumont at\u00e9 o Port\u00e3o 12 do Anhembi), a Dr. Melo Nogueira e a Brazelisa Alves de Carvalho, entre a Dr. Melo Nogueira at\u00e9 Olavo Fontoura. No Tucuruvi, o recapeamento ser\u00e1 na Av. Guapira, entre a Rua Tanque Velho e a Av. Tucuruvi. Fonte: Di\u00e1rio de S. Paulo<\/p>\n","protected":false},"author":1,"featured_media":0,"comment_status":"open","ping_status":"closed","sticky":false,"template":"","format":"standard","meta":{"footnotes":""},"categories":[3],"tags":[10],"class_list":["post-881","post","type-post","status-publish","format-standard","hentry","category-noticias-em-santana","tag-santana"],"aioseo_notices":[],"aioseo_head":"\n\t\t<!-- All in One SEO 5.0.0.1 - aioseo.com -->\n\t<meta name=\"description\" content=\"Cerca de 26.270 metros quadrados de vias nas regi\u00f5es de Santana e Tucuruvi ser\u00e3o recapeadas. A maior interven\u00e7\u00e3o ser\u00e1 na Pra\u00e7a Campo de Bagatelle, ao lado do Parque Anhembi, em Santana, que ter\u00e1 todo seu entorno recapeado. Na mesma \u00e1rea, tamb\u00e9m ganhar\u00e3o melhorias as ruas Mal. Leit\u00e3o de Carvalho (entre a Av. Santos Dumont at\u00e9 o\" \/>\n\t<meta name=\"robots\" content=\"max-image-preview:large\" \/>\n\t<meta name=\"author\" content=\"Encontra Santana\"\/>\n\t<link rel=\"canonical\" href=\"https:\/\/www.encontrasantana.com.br\/sobre\/santana-ruas-proximas-ao-anhembi-terao-recape\/\" \/>\n\t<meta name=\"generator\" content=\"All in One SEO (AIOSEO) 5.0.0.1\" \/>\n\t\t<meta property=\"og:locale\" content=\"pt_BR\" \/>\n\t\t<meta property=\"og:site_name\" content=\"Encontra Santana | Not\u00edcias, eventos, informa\u00e7\u00f5es e dicas no bairro de Santana e regi\u00e3o.\" \/>\n\t\t<meta property=\"og:type\" content=\"article\" \/>\n\t\t<meta property=\"og:title\" content=\"Santana: ruas pr\u00f3ximas ao Anhembi ter\u00e3o recape \u00bb Encontra Santana\" \/>\n\t\t<meta property=\"og:description\" content=\"Cerca de 26.270 metros quadrados de vias nas regi\u00f5es de Santana e Tucuruvi ser\u00e3o recapeadas. A maior interven\u00e7\u00e3o ser\u00e1 na Pra\u00e7a Campo de Bagatelle, ao lado do Parque Anhembi, em Santana, que ter\u00e1 todo seu entorno recapeado. Na mesma \u00e1rea, tamb\u00e9m ganhar\u00e3o melhorias as ruas Mal. Leit\u00e3o de Carvalho (entre a Av. Santos Dumont at\u00e9 o\" \/>\n\t\t<meta property=\"og:url\" content=\"https:\/\/www.encontrasantana.com.br\/sobre\/santana-ruas-proximas-ao-anhembi-terao-recape\/\" \/>\n\t\t<meta property=\"article:published_time\" content=\"2011-03-18T21:24:08+00:00\" \/>\n\t\t<meta property=\"article:modified_time\" content=\"2019-04-15T13:04:06+00:00\" \/>\n\t\t<meta name=\"twitter:card\" content=\"summary\" \/>\n\t\t<meta name=\"twitter:title\" content=\"Santana: ruas pr\u00f3ximas ao Anhembi ter\u00e3o recape \u00bb Encontra Santana\" \/>\n\t\t<meta name=\"twitter:description\" content=\"Cerca de 26.270 metros quadrados de vias nas regi\u00f5es de Santana e Tucuruvi ser\u00e3o recapeadas. A maior interven\u00e7\u00e3o ser\u00e1 na Pra\u00e7a Campo de Bagatelle, ao lado do Parque Anhembi, em Santana, que ter\u00e1 todo seu entorno recapeado. Na mesma \u00e1rea, tamb\u00e9m ganhar\u00e3o melhorias as ruas Mal. Leit\u00e3o de Carvalho (entre a Av. Santos Dumont at\u00e9 o\" \/>\n\t\t<script type=\"application\/ld+json\" class=\"aioseo-schema\">\n\t\t\t{\"@context\":\"https:\\\/\\\/schema.org\",\"@graph\":[{\"@type\":\"Article\",\"@id\":\"https:\\\/\\\/www.encontrasantana.com.br\\\/sobre\\\/santana-ruas-proximas-ao-anhembi-terao-recape\\\/#article\",\"name\":\"Santana: ruas pr\\u00f3ximas ao Anhembi ter\\u00e3o recape \\u00bb Encontra Santana\",\"headline\":\"Santana: ruas pr\\u00f3ximas ao Anhembi ter\\u00e3o recape\",\"author\":{\"@id\":\"https:\\\/\\\/www.encontrasantana.com.br\\\/sobre\\\/author\\\/esantana\\\/#author\"},\"publisher\":{\"@id\":\"https:\\\/\\\/www.encontrasantana.com.br\\\/sobre\\\/#organization\"},\"datePublished\":\"2011-03-18T18:24:08-03:00\",\"dateModified\":\"2019-04-15T10:04:06-03:00\",\"inLanguage\":\"pt-BR\",\"mainEntityOfPage\":{\"@id\":\"https:\\\/\\\/www.encontrasantana.com.br\\\/sobre\\\/santana-ruas-proximas-ao-anhembi-terao-recape\\\/#webpage\"},\"isPartOf\":{\"@id\":\"https:\\\/\\\/www.encontrasantana.com.br\\\/sobre\\\/santana-ruas-proximas-ao-anhembi-terao-recape\\\/#webpage\"},\"articleSection\":\"Not\\u00edcias Santana, Santana\"},{\"@type\":\"BreadcrumbList\",\"@id\":\"https:\\\/\\\/www.encontrasantana.com.br\\\/sobre\\\/santana-ruas-proximas-ao-anhembi-terao-recape\\\/#breadcrumblist\",\"itemListElement\":[{\"@type\":\"ListItem\",\"@id\":\"https:\\\/\\\/www.encontrasantana.com.br\\\/sobre#listItem\",\"position\":1,\"name\":\"In\\u00edcio\",\"item\":\"https:\\\/\\\/www.encontrasantana.com.br\\\/sobre\",\"nextItem\":{\"@type\":\"ListItem\",\"@id\":\"https:\\\/\\\/www.encontrasantana.com.br\\\/sobre\\\/noticias-em-santana\\\/#listItem\",\"name\":\"Not\\u00edcias Santana\"}},{\"@type\":\"ListItem\",\"@id\":\"https:\\\/\\\/www.encontrasantana.com.br\\\/sobre\\\/noticias-em-santana\\\/#listItem\",\"position\":2,\"name\":\"Not\\u00edcias Santana\",\"item\":\"https:\\\/\\\/www.encontrasantana.com.br\\\/sobre\\\/noticias-em-santana\\\/\",\"nextItem\":{\"@type\":\"ListItem\",\"@id\":\"https:\\\/\\\/www.encontrasantana.com.br\\\/sobre\\\/santana-ruas-proximas-ao-anhembi-terao-recape\\\/#listItem\",\"name\":\"Santana: ruas pr\\u00f3ximas ao Anhembi ter\\u00e3o recape\"},\"previousItem\":{\"@type\":\"ListItem\",\"@id\":\"https:\\\/\\\/www.encontrasantana.com.br\\\/sobre#listItem\",\"name\":\"In\\u00edcio\"}},{\"@type\":\"ListItem\",\"@id\":\"https:\\\/\\\/www.encontrasantana.com.br\\\/sobre\\\/santana-ruas-proximas-ao-anhembi-terao-recape\\\/#listItem\",\"position\":3,\"name\":\"Santana: ruas pr\\u00f3ximas ao Anhembi ter\\u00e3o recape\",\"previousItem\":{\"@type\":\"ListItem\",\"@id\":\"https:\\\/\\\/www.encontrasantana.com.br\\\/sobre\\\/noticias-em-santana\\\/#listItem\",\"name\":\"Not\\u00edcias Santana\"}}]},{\"@type\":\"Organization\",\"@id\":\"https:\\\/\\\/www.encontrasantana.com.br\\\/sobre\\\/#organization\",\"name\":\"Encontra Santana\",\"description\":\"Not\\u00edcias, eventos, informa\\u00e7\\u00f5es e dicas no bairro de Santana e regi\\u00e3o.\",\"url\":\"https:\\\/\\\/www.encontrasantana.com.br\\\/sobre\\\/\"},{\"@type\":\"Person\",\"@id\":\"https:\\\/\\\/www.encontrasantana.com.br\\\/sobre\\\/author\\\/esantana\\\/#author\",\"url\":\"https:\\\/\\\/www.encontrasantana.com.br\\\/sobre\\\/author\\\/esantana\\\/\",\"name\":\"Encontra Santana\",\"image\":{\"@type\":\"ImageObject\",\"@id\":\"https:\\\/\\\/www.encontrasantana.com.br\\\/sobre\\\/santana-ruas-proximas-ao-anhembi-terao-recape\\\/#authorImage\",\"url\":\"https:\\\/\\\/secure.gravatar.com\\\/avatar\\\/0fbed662e37531ae23e68f85f9517b2454e50c1dfebf80eb9b721449ac95e0b9?s=96&d=mm&r=g\",\"width\":96,\"height\":96,\"caption\":\"Encontra Santana\"}},{\"@type\":\"WebPage\",\"@id\":\"https:\\\/\\\/www.encontrasantana.com.br\\\/sobre\\\/santana-ruas-proximas-ao-anhembi-terao-recape\\\/#webpage\",\"url\":\"https:\\\/\\\/www.encontrasantana.com.br\\\/sobre\\\/santana-ruas-proximas-ao-anhembi-terao-recape\\\/\",\"name\":\"Santana: ruas pr\\u00f3ximas ao Anhembi ter\\u00e3o recape \\u00bb Encontra Santana\",\"description\":\"Cerca de 26.270 metros quadrados de vias nas regi\\u00f5es de Santana e Tucuruvi ser\\u00e3o recapeadas. A maior interven\\u00e7\\u00e3o ser\\u00e1 na Pra\\u00e7a Campo de Bagatelle, ao lado do Parque Anhembi, em Santana, que ter\\u00e1 todo seu entorno recapeado. Na mesma \\u00e1rea, tamb\\u00e9m ganhar\\u00e3o melhorias as ruas Mal. Leit\\u00e3o de Carvalho (entre a Av. Santos Dumont at\\u00e9 o\",\"inLanguage\":\"pt-BR\",\"isPartOf\":{\"@id\":\"https:\\\/\\\/www.encontrasantana.com.br\\\/sobre\\\/#website\"},\"breadcrumb\":{\"@id\":\"https:\\\/\\\/www.encontrasantana.com.br\\\/sobre\\\/santana-ruas-proximas-ao-anhembi-terao-recape\\\/#breadcrumblist\"},\"author\":{\"@id\":\"https:\\\/\\\/www.encontrasantana.com.br\\\/sobre\\\/author\\\/esantana\\\/#author\"},\"creator\":{\"@id\":\"https:\\\/\\\/www.encontrasantana.com.br\\\/sobre\\\/author\\\/esantana\\\/#author\"},\"datePublished\":\"2011-03-18T18:24:08-03:00\",\"dateModified\":\"2019-04-15T10:04:06-03:00\"},{\"@type\":\"WebSite\",\"@id\":\"https:\\\/\\\/www.encontrasantana.com.br\\\/sobre\\\/#website\",\"url\":\"https:\\\/\\\/www.encontrasantana.com.br\\\/sobre\\\/\",\"name\":\"Encontra Santana\",\"description\":\"Not\\u00edcias, eventos, informa\\u00e7\\u00f5es e dicas no bairro de Santana e regi\\u00e3o.\",\"inLanguage\":\"pt-BR\",\"publisher\":{\"@id\":\"https:\\\/\\\/www.encontrasantana.com.br\\\/sobre\\\/#organization\"}}]}\n\t\t<\/script>\n\t\t<!-- All in One SEO -->\n\n","aioseo_head_json":{"title":"Santana: ruas pr\u00f3ximas ao Anhembi ter\u00e3o recape \u00bb Encontra Santana","description":"Cerca de 26.270 metros quadrados de vias nas regi\u00f5es de Santana e Tucuruvi ser\u00e3o recapeadas. A maior interven\u00e7\u00e3o ser\u00e1 na Pra\u00e7a Campo de Bagatelle, ao lado do Parque Anhembi, em Santana, que ter\u00e1 todo seu entorno recapeado. Na mesma \u00e1rea, tamb\u00e9m ganhar\u00e3o melhorias as ruas Mal. Leit\u00e3o de Carvalho (entre a Av. Santos Dumont at\u00e9 o","canonical_url":"https:\/\/www.encontrasantana.com.br\/sobre\/santana-ruas-proximas-ao-anhembi-terao-recape\/","robots":"max-image-preview:large","keywords":"","webmasterTools":{"miscellaneous":""},"schema":{"@context":"https:\/\/schema.org","@graph":[{"@type":"Article","@id":"https:\/\/www.encontrasantana.com.br\/sobre\/santana-ruas-proximas-ao-anhembi-terao-recape\/#article","name":"Santana: ruas pr\u00f3ximas ao Anhembi ter\u00e3o recape \u00bb Encontra Santana","headline":"Santana: ruas pr\u00f3ximas ao Anhembi ter\u00e3o recape","author":{"@id":"https:\/\/www.encontrasantana.com.br\/sobre\/author\/esantana\/#author"},"publisher":{"@id":"https:\/\/www.encontrasantana.com.br\/sobre\/#organization"},"datePublished":"2011-03-18T18:24:08-03:00","dateModified":"2019-04-15T10:04:06-03:00","inLanguage":"pt-BR","mainEntityOfPage":{"@id":"https:\/\/www.encontrasantana.com.br\/sobre\/santana-ruas-proximas-ao-anhembi-terao-recape\/#webpage"},"isPartOf":{"@id":"https:\/\/www.encontrasantana.com.br\/sobre\/santana-ruas-proximas-ao-anhembi-terao-recape\/#webpage"},"articleSection":"Not\u00edcias Santana, Santana"},{"@type":"BreadcrumbList","@id":"https:\/\/www.encontrasantana.com.br\/sobre\/santana-ruas-proximas-ao-anhembi-terao-recape\/#breadcrumblist","itemListElement":[{"@type":"ListItem","@id":"https:\/\/www.encontrasantana.com.br\/sobre#listItem","position":1,"name":"In\u00edcio","item":"https:\/\/www.encontrasantana.com.br\/sobre","nextItem":{"@type":"ListItem","@id":"https:\/\/www.encontrasantana.com.br\/sobre\/noticias-em-santana\/#listItem","name":"Not\u00edcias Santana"}},{"@type":"ListItem","@id":"https:\/\/www.encontrasantana.com.br\/sobre\/noticias-em-santana\/#listItem","position":2,"name":"Not\u00edcias Santana","item":"https:\/\/www.encontrasantana.com.br\/sobre\/noticias-em-santana\/","nextItem":{"@type":"ListItem","@id":"https:\/\/www.encontrasantana.com.br\/sobre\/santana-ruas-proximas-ao-anhembi-terao-recape\/#listItem","name":"Santana: ruas pr\u00f3ximas ao Anhembi ter\u00e3o recape"},"previousItem":{"@type":"ListItem","@id":"https:\/\/www.encontrasantana.com.br\/sobre#listItem","name":"In\u00edcio"}},{"@type":"ListItem","@id":"https:\/\/www.encontrasantana.com.br\/sobre\/santana-ruas-proximas-ao-anhembi-terao-recape\/#listItem","position":3,"name":"Santana: ruas pr\u00f3ximas ao Anhembi ter\u00e3o recape","previousItem":{"@type":"ListItem","@id":"https:\/\/www.encontrasantana.com.br\/sobre\/noticias-em-santana\/#listItem","name":"Not\u00edcias Santana"}}]},{"@type":"Organization","@id":"https:\/\/www.encontrasantana.com.br\/sobre\/#organization","name":"Encontra Santana","description":"Not\u00edcias, eventos, informa\u00e7\u00f5es e dicas no bairro de Santana e regi\u00e3o.","url":"https:\/\/www.encontrasantana.com.br\/sobre\/"},{"@type":"Person","@id":"https:\/\/www.encontrasantana.com.br\/sobre\/author\/esantana\/#author","url":"https:\/\/www.encontrasantana.com.br\/sobre\/author\/esantana\/","name":"Encontra Santana","image":{"@type":"ImageObject","@id":"https:\/\/www.encontrasantana.com.br\/sobre\/santana-ruas-proximas-ao-anhembi-terao-recape\/#authorImage","url":"https:\/\/secure.gravatar.com\/avatar\/0fbed662e37531ae23e68f85f9517b2454e50c1dfebf80eb9b721449ac95e0b9?s=96&d=mm&r=g","width":96,"height":96,"caption":"Encontra Santana"}},{"@type":"WebPage","@id":"https:\/\/www.encontrasantana.com.br\/sobre\/santana-ruas-proximas-ao-anhembi-terao-recape\/#webpage","url":"https:\/\/www.encontrasantana.com.br\/sobre\/santana-ruas-proximas-ao-anhembi-terao-recape\/","name":"Santana: ruas pr\u00f3ximas ao Anhembi ter\u00e3o recape \u00bb Encontra Santana","description":"Cerca de 26.270 metros quadrados de vias nas regi\u00f5es de Santana e Tucuruvi ser\u00e3o recapeadas. A maior interven\u00e7\u00e3o ser\u00e1 na Pra\u00e7a Campo de Bagatelle, ao lado do Parque Anhembi, em Santana, que ter\u00e1 todo seu entorno recapeado. Na mesma \u00e1rea, tamb\u00e9m ganhar\u00e3o melhorias as ruas Mal. Leit\u00e3o de Carvalho (entre a Av. Santos Dumont at\u00e9 o","inLanguage":"pt-BR","isPartOf":{"@id":"https:\/\/www.encontrasantana.com.br\/sobre\/#website"},"breadcrumb":{"@id":"https:\/\/www.encontrasantana.com.br\/sobre\/santana-ruas-proximas-ao-anhembi-terao-recape\/#breadcrumblist"},"author":{"@id":"https:\/\/www.encontrasantana.com.br\/sobre\/author\/esantana\/#author"},"creator":{"@id":"https:\/\/www.encontrasantana.com.br\/sobre\/author\/esantana\/#author"},"datePublished":"2011-03-18T18:24:08-03:00","dateModified":"2019-04-15T10:04:06-03:00"},{"@type":"WebSite","@id":"https:\/\/www.encontrasantana.com.br\/sobre\/#website","url":"https:\/\/www.encontrasantana.com.br\/sobre\/","name":"Encontra Santana","description":"Not\u00edcias, eventos, informa\u00e7\u00f5es e dicas no bairro de Santana e regi\u00e3o.","inLanguage":"pt-BR","publisher":{"@id":"https:\/\/www.encontrasantana.com.br\/sobre\/#organization"}}]},"og:locale":"pt_BR","og:site_name":"Encontra Santana | Not\u00edcias, eventos, informa\u00e7\u00f5es e dicas no bairro de Santana e regi\u00e3o.","og:type":"article","og:title":"Santana: ruas pr\u00f3ximas ao Anhembi ter\u00e3o recape \u00bb Encontra Santana","og:description":"Cerca de 26.270 metros quadrados de vias nas regi\u00f5es de Santana e Tucuruvi ser\u00e3o recapeadas. A maior interven\u00e7\u00e3o ser\u00e1 na Pra\u00e7a Campo de Bagatelle, ao lado do Parque Anhembi, em Santana, que ter\u00e1 todo seu entorno recapeado. Na mesma \u00e1rea, tamb\u00e9m ganhar\u00e3o melhorias as ruas Mal. Leit\u00e3o de Carvalho (entre a Av. Santos Dumont at\u00e9 o","og:url":"https:\/\/www.encontrasantana.com.br\/sobre\/santana-ruas-proximas-ao-anhembi-terao-recape\/","article:published_time":"2011-03-18T21:24:08+00:00","article:modified_time":"2019-04-15T13:04:06+00:00","twitter:card":"summary","twitter:title":"Santana: ruas pr\u00f3ximas ao Anhembi ter\u00e3o recape \u00bb Encontra Santana","twitter:description":"Cerca de 26.270 metros quadrados de vias nas regi\u00f5es de Santana e Tucuruvi ser\u00e3o recapeadas. A maior interven\u00e7\u00e3o ser\u00e1 na Pra\u00e7a Campo de Bagatelle, ao lado do Parque Anhembi, em Santana, que ter\u00e1 todo seu entorno recapeado. Na mesma \u00e1rea, tamb\u00e9m ganhar\u00e3o melhorias as ruas Mal. Leit\u00e3o de Carvalho (entre a Av. Santos Dumont at\u00e9 o"},"aioseo_meta_data":{"post_id":"881","title":null,"description":null,"keywords":null,"keyphrases":null,"primary_term":null,"canonical_url":null,"og_title":null,"og_description":null,"og_object_type":"default","og_image_type":"default","og_image_url":null,"og_image_width":null,"og_image_height":null,"og_image_custom_url":null,"og_image_custom_fields":null,"og_video":null,"og_custom_url":null,"og_article_section":null,"og_article_tags":null,"twitter_use_og":false,"twitter_card":"default","twitter_image_type":"default","twitter_image_url":null,"twitter_image_custom_url":null,"twitter_image_custom_fields":null,"twitter_title":null,"twitter_description":null,"schema":{"blockGraphs":[],"customGraphs":[],"default":{"data":{"Article":[],"Course":[],"Dataset":[],"FAQPage":[],"Movie":[],"Person":[],"Product":[],"ProductReview":[],"Car":[],"Recipe":[],"Service":[],"SoftwareApplication":[],"WebPage":[]},"graphName":"Article","isEnabled":true},"graphs":[]},"schema_type":null,"schema_type_options":null,"pillar_content":false,"robots_default":true,"robots_noindex":false,"robots_noarchive":false,"robots_nosnippet":false,"robots_nofollow":false,"robots_noimageindex":false,"robots_noodp":false,"robots_notranslate":false,"robots_max_snippet":null,"robots_max_videopreview":null,"robots_max_imagepreview":"large","priority":null,"frequency":null,"local_seo":null,"limit_modified_date":false,"created":"2021-04-20 21:12:52","updated":"2026-08-06 06:04:25","focus_keyword":null,"additional_keywords":null,"truseo_locale":null,"ai":null,"breadcrumb_settings":null,"seo_analyzer_scan_date":null},"aioseo_breadcrumb":"<div class=\"aioseo-breadcrumbs\"><span class=\"aioseo-breadcrumb\">\n\t\t\t<a href=\"https:\/\/www.encontrasantana.com.br\/sobre\" title=\"In\u00edcio\">In\u00edcio<\/a>\n\t\t<\/span><span class=\"aioseo-breadcrumb-separator\">&raquo;<\/span><span class=\"aioseo-breadcrumb\">\n\t\t\t<a href=\"https:\/\/www.encontrasantana.com.br\/sobre\/noticias-em-santana\/\" title=\"Not\u00edcias Santana\">Not\u00edcias Santana<\/a>\n\t\t<\/span><span class=\"aioseo-breadcrumb-separator\">&raquo;<\/span><span class=\"aioseo-breadcrumb\">\n\t\t\tSantana: ruas pr\u00f3ximas ao Anhembi ter\u00e3o recape\n\t\t<\/span><\/div>","aioseo_breadcrumb_json":[{"label":"In\u00edcio","link":"https:\/\/www.encontrasantana.com.br\/sobre"},{"label":"Not\u00edcias Santana","link":"https:\/\/www.encontrasantana.com.br\/sobre\/noticias-em-santana\/"},{"label":"Santana: ruas pr\u00f3ximas ao Anhembi ter\u00e3o recape","link":"https:\/\/www.encontrasantana.com.br\/sobre\/santana-ruas-proximas-ao-anhembi-terao-recape\/"}],"_links":{"self":[{"href":"https:\/\/www.encontrasantana.com.br\/sobre\/wp-json\/wp\/v2\/posts\/881","targetHints":{"allow":["GET"]}}],"collection":[{"href":"https:\/\/www.encontrasantana.com.br\/sobre\/wp-json\/wp\/v2\/posts"}],"about":[{"href":"https:\/\/www.encontrasantana.com.br\/sobre\/wp-json\/wp\/v2\/types\/post"}],"author":[{"embeddable":true,"href":"https:\/\/www.encontrasantana.com.br\/sobre\/wp-json\/wp\/v2\/users\/1"}],"replies":[{"embeddable":true,"href":"https:\/\/www.encontrasantana.com.br\/sobre\/wp-json\/wp\/v2\/comments?post=881"}],"version-history":[{"count":0,"href":"https:\/\/www.encontrasantana.com.br\/sobre\/wp-json\/wp\/v2\/posts\/881\/revisions"}],"wp:attachment":[{"href":"https:\/\/www.encontrasantana.com.br\/sobre\/wp-json\/wp\/v2\/media?parent=881"}],"wp:term":[{"taxonomy":"category","embeddable":true,"href":"https:\/\/www.encontrasantana.com.br\/sobre\/wp-json\/wp\/v2\/categories?post=881"},{"taxonomy":"post_tag","embeddable":true,"href":"https:\/\/www.encontrasantana.com.br\/sobre\/wp-json\/wp\/v2\/tags?post=881"}],"curies":[{"name":"wp","href":"https:\/\/api.w.org\/{rel}","templated":true}]}}