{"id":8869,"date":"2012-02-06T18:07:59","date_gmt":"2012-02-06T21:07:59","guid":{"rendered":"http:\/\/www.encontrasantana.com.br\/blog\/?p=8869"},"modified":"2019-04-15T10:00:36","modified_gmt":"2019-04-15T13:00:36","slug":"jornalistas-mirins-farao-a-cobertura-campus-party-em-santana","status":"publish","type":"post","link":"https:\/\/www.encontrasantana.com.br\/sobre\/jornalistas-mirins-farao-a-cobertura-campus-party-em-santana\/","title":{"rendered":"Jornalistas-mirins far\u00e3o a cobertura Campus Party em Santana"},"content":{"rendered":"<div class=\"1acf8468e559fd3cbeec5aee3a269a52\" data-index=\"1\" style=\"float: none; margin:0px;\">\n<!-- Anuncio display - global -->\r\n<ins class=\"adsbygoogle\"\r\n     style=\"display:block\"\r\n     data-ad-client=\"ca-pub-8585364105181520\"\r\n     data-ad-slot=\"8789329856\"\r\n     data-ad-format=\"auto\"\r\n     data-full-width-responsive=\"true\"><\/ins>\r\n<script>\r\n     (adsbygoogle = window.adsbygoogle || []).push({});\r\n<\/script>\n<\/div>\n<p>As aulas come\u00e7am esta semana e os jornalistas-mirins da Rede Municipal de Ensino j\u00e1 est\u00e3o prontos para a primeira cobertura do ano. Em pauta, uma das maiores feiras de tecnologia do mundo, a Campus Party. A partir de ter\u00e7a-feira (7\/2), 100 integrantes da Imprensa Jovem, alunos entre 12 e 17 anos de escolas municipais, estar\u00e3o conectados para contar via twitter, blog e webr\u00e1dio tudo o que acontecer\u00e1 na festa tecnol\u00f3gica.<\/p>\n<p>A cobertura dos jornalistas-mirins contar\u00e1 com uma equipe diferente a cada dia. Eles ter\u00e3o a miss\u00e3o de percorrer os v\u00e1rios ambientes da feira, principalmente a Educaparty, espa\u00e7o in\u00e9dito da Campus Party, com atividades especiais focadas na aprendizagem com novas tecnologias.<\/p>\n<p>Segundo a organiza\u00e7\u00e3o, das diversas atividades planejadas est\u00e3o oficinas sobre o uso de ferramentas na web e nos celulares, visita guiada e palestras com especialistas. Dentre os participantes das mesas de debate est\u00e1 a aluna La\u00eds Souza Costa, de 17 anos, da Escola Municipal de Ensino Fundamental e M\u00e9dio (EMEFM) Darcy Ribeiro, da Zona Leste de SP, que falar\u00e1 sobre suas experi\u00eancias como jovem rep\u00f3rter, no encontro\u00a0<em>\u00c9tica Digital<\/em>e o\u00a0<em>Uso Respons\u00e1vel na Web<\/em>.<\/p>\n<p>Quem quiser acompanhar todos os clicks dessa turma poder\u00e1 faz\u00ea-lo pelo blog\u00a0http:\/\/noarimprensajovem.blogspot.com\/, segui-los no twitter\u00a0@alunoreporter&gt; ou encontr\u00e1-los pela feira.<\/p>\n<p><strong>Confira as escolas que participar\u00e3o da Campus Party 2012<\/strong><\/p>\n<p><strong>7 de fevereiro<\/strong><\/p>\n<p>EMEF Jairo de Almeida e EMEF Jardim da Conquista<\/p>\n<p>Cobertura jornal\u00edstica: das 10h \u00e0s 18h<\/p>\n<p><strong>8 de fevereiro<\/strong><\/p>\n<p>EMEF Henrique Melega<\/p>\n<p>Cobertura jornal\u00edstica: das 10h \u00e0s 14h<\/p>\n<p>EMEF Brig. Haroldo Veloso<\/p>\n<p>Cobertura jornal\u00edstica: das 14h \u00e0s 18h<\/p>\n<p><strong>9 de fevereiro<\/strong><\/p>\n<p>EMEF Conde Matarazzo<\/p>\n<p>Cobertura jornal\u00edstica: das 10h \u00e0s 14h<\/p>\n<p>EMEF Roberto Mange<\/p>\n<p>Cobertura jornal\u00edstica: das 14h \u00e0s 18h<\/p>\n<p><strong>10 de fevereiro<\/strong><\/p>\n<p>EMEF Jairo de Almeida e EMEF Jardim da Conquista<\/p>\n<p>Cobertura jornal\u00edstica: das 10h \u00e0s 18h<\/p>\n<p><em>Fonte: Prefeitura de S\u00e3o Paulo<\/em><\/p>\n\n<div style=\"font-size: 0px; height: 0px; line-height: 0px; margin: 0; padding: 0; clear: both;\"><\/div>","protected":false},"excerpt":{"rendered":"<p>As aulas come\u00e7am esta semana e os jornalistas-mirins da Rede Municipal de Ensino j\u00e1 est\u00e3o prontos para a primeira cobertura do ano. Em pauta, uma das maiores feiras de tecnologia do mundo, a Campus Party. A partir de ter\u00e7a-feira (7\/2), 100 integrantes da Imprensa Jovem, alunos entre 12 e 17 anos de escolas municipais, estar\u00e3o conectados para contar via twitter, blog e webr\u00e1dio tudo o que acontecer\u00e1 na festa tecnol\u00f3gica. A cobertura dos jornalistas-mirins contar\u00e1 com uma equipe diferente a cada dia. Eles ter\u00e3o a miss\u00e3o de percorrer os v\u00e1rios ambientes da feira, principalmente a Educaparty, espa\u00e7o in\u00e9dito da Campus <\/p>\n","protected":false},"author":1,"featured_media":0,"comment_status":"open","ping_status":"closed","sticky":false,"template":"","format":"standard","meta":{"footnotes":""},"categories":[3],"tags":[10],"class_list":["post-8869","post","type-post","status-publish","format-standard","hentry","category-noticias-em-santana","tag-santana"],"aioseo_notices":[],"aioseo_head":"\n\t\t<!-- All in One SEO 5.0.0.1 - aioseo.com -->\n\t<meta name=\"description\" content=\"As aulas come\u00e7am esta semana e os jornalistas-mirins da Rede Municipal de Ensino j\u00e1 est\u00e3o prontos para a primeira cobertura do ano. Em pauta, uma das maiores feiras de tecnologia do mundo, a Campus Party. A partir de ter\u00e7a-feira (7\/2), 100 integrantes da Imprensa Jovem, alunos entre 12 e 17 anos de escolas municipais, estar\u00e3o\" \/>\n\t<meta name=\"robots\" content=\"max-image-preview:large\" \/>\n\t<meta name=\"author\" content=\"Encontra Santana\"\/>\n\t<link rel=\"canonical\" href=\"https:\/\/www.encontrasantana.com.br\/sobre\/jornalistas-mirins-farao-a-cobertura-campus-party-em-santana\/\" \/>\n\t<meta name=\"generator\" content=\"All in One SEO (AIOSEO) 5.0.0.1\" \/>\n\t\t<meta property=\"og:locale\" content=\"pt_BR\" \/>\n\t\t<meta property=\"og:site_name\" content=\"Encontra Santana | Not\u00edcias, eventos, informa\u00e7\u00f5es e dicas no bairro de Santana e regi\u00e3o.\" \/>\n\t\t<meta property=\"og:type\" content=\"article\" \/>\n\t\t<meta property=\"og:title\" content=\"Jornalistas-mirins far\u00e3o a cobertura Campus Party em Santana \u00bb Encontra Santana\" \/>\n\t\t<meta property=\"og:description\" content=\"As aulas come\u00e7am esta semana e os jornalistas-mirins da Rede Municipal de Ensino j\u00e1 est\u00e3o prontos para a primeira cobertura do ano. Em pauta, uma das maiores feiras de tecnologia do mundo, a Campus Party. A partir de ter\u00e7a-feira (7\/2), 100 integrantes da Imprensa Jovem, alunos entre 12 e 17 anos de escolas municipais, estar\u00e3o\" \/>\n\t\t<meta property=\"og:url\" content=\"https:\/\/www.encontrasantana.com.br\/sobre\/jornalistas-mirins-farao-a-cobertura-campus-party-em-santana\/\" \/>\n\t\t<meta property=\"article:published_time\" content=\"2012-02-06T21:07:59+00:00\" \/>\n\t\t<meta property=\"article:modified_time\" content=\"2019-04-15T13:00:36+00:00\" \/>\n\t\t<meta name=\"twitter:card\" content=\"summary\" \/>\n\t\t<meta name=\"twitter:title\" content=\"Jornalistas-mirins far\u00e3o a cobertura Campus Party em Santana \u00bb Encontra Santana\" \/>\n\t\t<meta name=\"twitter:description\" content=\"As aulas come\u00e7am esta semana e os jornalistas-mirins da Rede Municipal de Ensino j\u00e1 est\u00e3o prontos para a primeira cobertura do ano. Em pauta, uma das maiores feiras de tecnologia do mundo, a Campus Party. A partir de ter\u00e7a-feira (7\/2), 100 integrantes da Imprensa Jovem, alunos entre 12 e 17 anos de escolas municipais, estar\u00e3o\" \/>\n\t\t<script type=\"application\/ld+json\" class=\"aioseo-schema\">\n\t\t\t{\"@context\":\"https:\\\/\\\/schema.org\",\"@graph\":[{\"@type\":\"Article\",\"@id\":\"https:\\\/\\\/www.encontrasantana.com.br\\\/sobre\\\/jornalistas-mirins-farao-a-cobertura-campus-party-em-santana\\\/#article\",\"name\":\"Jornalistas-mirins far\\u00e3o a cobertura Campus Party em Santana \\u00bb Encontra Santana\",\"headline\":\"Jornalistas-mirins far\\u00e3o a cobertura Campus Party em Santana\",\"author\":{\"@id\":\"https:\\\/\\\/www.encontrasantana.com.br\\\/sobre\\\/author\\\/esantana\\\/#author\"},\"publisher\":{\"@id\":\"https:\\\/\\\/www.encontrasantana.com.br\\\/sobre\\\/#organization\"},\"datePublished\":\"2012-02-06T18:07:59-03:00\",\"dateModified\":\"2019-04-15T10:00:36-03:00\",\"inLanguage\":\"pt-BR\",\"mainEntityOfPage\":{\"@id\":\"https:\\\/\\\/www.encontrasantana.com.br\\\/sobre\\\/jornalistas-mirins-farao-a-cobertura-campus-party-em-santana\\\/#webpage\"},\"isPartOf\":{\"@id\":\"https:\\\/\\\/www.encontrasantana.com.br\\\/sobre\\\/jornalistas-mirins-farao-a-cobertura-campus-party-em-santana\\\/#webpage\"},\"articleSection\":\"Not\\u00edcias Santana, Santana\"},{\"@type\":\"BreadcrumbList\",\"@id\":\"https:\\\/\\\/www.encontrasantana.com.br\\\/sobre\\\/jornalistas-mirins-farao-a-cobertura-campus-party-em-santana\\\/#breadcrumblist\",\"itemListElement\":[{\"@type\":\"ListItem\",\"@id\":\"https:\\\/\\\/www.encontrasantana.com.br\\\/sobre#listItem\",\"position\":1,\"name\":\"In\\u00edcio\",\"item\":\"https:\\\/\\\/www.encontrasantana.com.br\\\/sobre\",\"nextItem\":{\"@type\":\"ListItem\",\"@id\":\"https:\\\/\\\/www.encontrasantana.com.br\\\/sobre\\\/noticias-em-santana\\\/#listItem\",\"name\":\"Not\\u00edcias Santana\"}},{\"@type\":\"ListItem\",\"@id\":\"https:\\\/\\\/www.encontrasantana.com.br\\\/sobre\\\/noticias-em-santana\\\/#listItem\",\"position\":2,\"name\":\"Not\\u00edcias Santana\",\"item\":\"https:\\\/\\\/www.encontrasantana.com.br\\\/sobre\\\/noticias-em-santana\\\/\",\"nextItem\":{\"@type\":\"ListItem\",\"@id\":\"https:\\\/\\\/www.encontrasantana.com.br\\\/sobre\\\/jornalistas-mirins-farao-a-cobertura-campus-party-em-santana\\\/#listItem\",\"name\":\"Jornalistas-mirins far\\u00e3o a cobertura Campus Party em Santana\"},\"previousItem\":{\"@type\":\"ListItem\",\"@id\":\"https:\\\/\\\/www.encontrasantana.com.br\\\/sobre#listItem\",\"name\":\"In\\u00edcio\"}},{\"@type\":\"ListItem\",\"@id\":\"https:\\\/\\\/www.encontrasantana.com.br\\\/sobre\\\/jornalistas-mirins-farao-a-cobertura-campus-party-em-santana\\\/#listItem\",\"position\":3,\"name\":\"Jornalistas-mirins far\\u00e3o a cobertura Campus Party em Santana\",\"previousItem\":{\"@type\":\"ListItem\",\"@id\":\"https:\\\/\\\/www.encontrasantana.com.br\\\/sobre\\\/noticias-em-santana\\\/#listItem\",\"name\":\"Not\\u00edcias Santana\"}}]},{\"@type\":\"Organization\",\"@id\":\"https:\\\/\\\/www.encontrasantana.com.br\\\/sobre\\\/#organization\",\"name\":\"Encontra Santana\",\"description\":\"Not\\u00edcias, eventos, informa\\u00e7\\u00f5es e dicas no bairro de Santana e regi\\u00e3o.\",\"url\":\"https:\\\/\\\/www.encontrasantana.com.br\\\/sobre\\\/\"},{\"@type\":\"Person\",\"@id\":\"https:\\\/\\\/www.encontrasantana.com.br\\\/sobre\\\/author\\\/esantana\\\/#author\",\"url\":\"https:\\\/\\\/www.encontrasantana.com.br\\\/sobre\\\/author\\\/esantana\\\/\",\"name\":\"Encontra Santana\",\"image\":{\"@type\":\"ImageObject\",\"@id\":\"https:\\\/\\\/www.encontrasantana.com.br\\\/sobre\\\/jornalistas-mirins-farao-a-cobertura-campus-party-em-santana\\\/#authorImage\",\"url\":\"https:\\\/\\\/secure.gravatar.com\\\/avatar\\\/0fbed662e37531ae23e68f85f9517b2454e50c1dfebf80eb9b721449ac95e0b9?s=96&d=mm&r=g\",\"width\":96,\"height\":96,\"caption\":\"Encontra Santana\"}},{\"@type\":\"WebPage\",\"@id\":\"https:\\\/\\\/www.encontrasantana.com.br\\\/sobre\\\/jornalistas-mirins-farao-a-cobertura-campus-party-em-santana\\\/#webpage\",\"url\":\"https:\\\/\\\/www.encontrasantana.com.br\\\/sobre\\\/jornalistas-mirins-farao-a-cobertura-campus-party-em-santana\\\/\",\"name\":\"Jornalistas-mirins far\\u00e3o a cobertura Campus Party em Santana \\u00bb Encontra Santana\",\"description\":\"As aulas come\\u00e7am esta semana e os jornalistas-mirins da Rede Municipal de Ensino j\\u00e1 est\\u00e3o prontos para a primeira cobertura do ano. Em pauta, uma das maiores feiras de tecnologia do mundo, a Campus Party. A partir de ter\\u00e7a-feira (7\\\/2), 100 integrantes da Imprensa Jovem, alunos entre 12 e 17 anos de escolas municipais, estar\\u00e3o\",\"inLanguage\":\"pt-BR\",\"isPartOf\":{\"@id\":\"https:\\\/\\\/www.encontrasantana.com.br\\\/sobre\\\/#website\"},\"breadcrumb\":{\"@id\":\"https:\\\/\\\/www.encontrasantana.com.br\\\/sobre\\\/jornalistas-mirins-farao-a-cobertura-campus-party-em-santana\\\/#breadcrumblist\"},\"author\":{\"@id\":\"https:\\\/\\\/www.encontrasantana.com.br\\\/sobre\\\/author\\\/esantana\\\/#author\"},\"creator\":{\"@id\":\"https:\\\/\\\/www.encontrasantana.com.br\\\/sobre\\\/author\\\/esantana\\\/#author\"},\"datePublished\":\"2012-02-06T18:07:59-03:00\",\"dateModified\":\"2019-04-15T10:00:36-03:00\"},{\"@type\":\"WebSite\",\"@id\":\"https:\\\/\\\/www.encontrasantana.com.br\\\/sobre\\\/#website\",\"url\":\"https:\\\/\\\/www.encontrasantana.com.br\\\/sobre\\\/\",\"name\":\"Encontra Santana\",\"description\":\"Not\\u00edcias, eventos, informa\\u00e7\\u00f5es e dicas no bairro de Santana e regi\\u00e3o.\",\"inLanguage\":\"pt-BR\",\"publisher\":{\"@id\":\"https:\\\/\\\/www.encontrasantana.com.br\\\/sobre\\\/#organization\"}}]}\n\t\t<\/script>\n\t\t<!-- All in One SEO -->\n\n","aioseo_head_json":{"title":"Jornalistas-mirins far\u00e3o a cobertura Campus Party em Santana \u00bb Encontra Santana","description":"As aulas come\u00e7am esta semana e os jornalistas-mirins da Rede Municipal de Ensino j\u00e1 est\u00e3o prontos para a primeira cobertura do ano. Em pauta, uma das maiores feiras de tecnologia do mundo, a Campus Party. A partir de ter\u00e7a-feira (7\/2), 100 integrantes da Imprensa Jovem, alunos entre 12 e 17 anos de escolas municipais, estar\u00e3o","canonical_url":"https:\/\/www.encontrasantana.com.br\/sobre\/jornalistas-mirins-farao-a-cobertura-campus-party-em-santana\/","robots":"max-image-preview:large","keywords":"","webmasterTools":{"miscellaneous":""},"schema":{"@context":"https:\/\/schema.org","@graph":[{"@type":"Article","@id":"https:\/\/www.encontrasantana.com.br\/sobre\/jornalistas-mirins-farao-a-cobertura-campus-party-em-santana\/#article","name":"Jornalistas-mirins far\u00e3o a cobertura Campus Party em Santana \u00bb Encontra Santana","headline":"Jornalistas-mirins far\u00e3o a cobertura Campus Party em Santana","author":{"@id":"https:\/\/www.encontrasantana.com.br\/sobre\/author\/esantana\/#author"},"publisher":{"@id":"https:\/\/www.encontrasantana.com.br\/sobre\/#organization"},"datePublished":"2012-02-06T18:07:59-03:00","dateModified":"2019-04-15T10:00:36-03:00","inLanguage":"pt-BR","mainEntityOfPage":{"@id":"https:\/\/www.encontrasantana.com.br\/sobre\/jornalistas-mirins-farao-a-cobertura-campus-party-em-santana\/#webpage"},"isPartOf":{"@id":"https:\/\/www.encontrasantana.com.br\/sobre\/jornalistas-mirins-farao-a-cobertura-campus-party-em-santana\/#webpage"},"articleSection":"Not\u00edcias Santana, Santana"},{"@type":"BreadcrumbList","@id":"https:\/\/www.encontrasantana.com.br\/sobre\/jornalistas-mirins-farao-a-cobertura-campus-party-em-santana\/#breadcrumblist","itemListElement":[{"@type":"ListItem","@id":"https:\/\/www.encontrasantana.com.br\/sobre#listItem","position":1,"name":"In\u00edcio","item":"https:\/\/www.encontrasantana.com.br\/sobre","nextItem":{"@type":"ListItem","@id":"https:\/\/www.encontrasantana.com.br\/sobre\/noticias-em-santana\/#listItem","name":"Not\u00edcias Santana"}},{"@type":"ListItem","@id":"https:\/\/www.encontrasantana.com.br\/sobre\/noticias-em-santana\/#listItem","position":2,"name":"Not\u00edcias Santana","item":"https:\/\/www.encontrasantana.com.br\/sobre\/noticias-em-santana\/","nextItem":{"@type":"ListItem","@id":"https:\/\/www.encontrasantana.com.br\/sobre\/jornalistas-mirins-farao-a-cobertura-campus-party-em-santana\/#listItem","name":"Jornalistas-mirins far\u00e3o a cobertura Campus Party em Santana"},"previousItem":{"@type":"ListItem","@id":"https:\/\/www.encontrasantana.com.br\/sobre#listItem","name":"In\u00edcio"}},{"@type":"ListItem","@id":"https:\/\/www.encontrasantana.com.br\/sobre\/jornalistas-mirins-farao-a-cobertura-campus-party-em-santana\/#listItem","position":3,"name":"Jornalistas-mirins far\u00e3o a cobertura Campus Party em Santana","previousItem":{"@type":"ListItem","@id":"https:\/\/www.encontrasantana.com.br\/sobre\/noticias-em-santana\/#listItem","name":"Not\u00edcias Santana"}}]},{"@type":"Organization","@id":"https:\/\/www.encontrasantana.com.br\/sobre\/#organization","name":"Encontra Santana","description":"Not\u00edcias, eventos, informa\u00e7\u00f5es e dicas no bairro de Santana e regi\u00e3o.","url":"https:\/\/www.encontrasantana.com.br\/sobre\/"},{"@type":"Person","@id":"https:\/\/www.encontrasantana.com.br\/sobre\/author\/esantana\/#author","url":"https:\/\/www.encontrasantana.com.br\/sobre\/author\/esantana\/","name":"Encontra Santana","image":{"@type":"ImageObject","@id":"https:\/\/www.encontrasantana.com.br\/sobre\/jornalistas-mirins-farao-a-cobertura-campus-party-em-santana\/#authorImage","url":"https:\/\/secure.gravatar.com\/avatar\/0fbed662e37531ae23e68f85f9517b2454e50c1dfebf80eb9b721449ac95e0b9?s=96&d=mm&r=g","width":96,"height":96,"caption":"Encontra Santana"}},{"@type":"WebPage","@id":"https:\/\/www.encontrasantana.com.br\/sobre\/jornalistas-mirins-farao-a-cobertura-campus-party-em-santana\/#webpage","url":"https:\/\/www.encontrasantana.com.br\/sobre\/jornalistas-mirins-farao-a-cobertura-campus-party-em-santana\/","name":"Jornalistas-mirins far\u00e3o a cobertura Campus Party em Santana \u00bb Encontra Santana","description":"As aulas come\u00e7am esta semana e os jornalistas-mirins da Rede Municipal de Ensino j\u00e1 est\u00e3o prontos para a primeira cobertura do ano. Em pauta, uma das maiores feiras de tecnologia do mundo, a Campus Party. A partir de ter\u00e7a-feira (7\/2), 100 integrantes da Imprensa Jovem, alunos entre 12 e 17 anos de escolas municipais, estar\u00e3o","inLanguage":"pt-BR","isPartOf":{"@id":"https:\/\/www.encontrasantana.com.br\/sobre\/#website"},"breadcrumb":{"@id":"https:\/\/www.encontrasantana.com.br\/sobre\/jornalistas-mirins-farao-a-cobertura-campus-party-em-santana\/#breadcrumblist"},"author":{"@id":"https:\/\/www.encontrasantana.com.br\/sobre\/author\/esantana\/#author"},"creator":{"@id":"https:\/\/www.encontrasantana.com.br\/sobre\/author\/esantana\/#author"},"datePublished":"2012-02-06T18:07:59-03:00","dateModified":"2019-04-15T10:00:36-03:00"},{"@type":"WebSite","@id":"https:\/\/www.encontrasantana.com.br\/sobre\/#website","url":"https:\/\/www.encontrasantana.com.br\/sobre\/","name":"Encontra Santana","description":"Not\u00edcias, eventos, informa\u00e7\u00f5es e dicas no bairro de Santana e regi\u00e3o.","inLanguage":"pt-BR","publisher":{"@id":"https:\/\/www.encontrasantana.com.br\/sobre\/#organization"}}]},"og:locale":"pt_BR","og:site_name":"Encontra Santana | Not\u00edcias, eventos, informa\u00e7\u00f5es e dicas no bairro de Santana e regi\u00e3o.","og:type":"article","og:title":"Jornalistas-mirins far\u00e3o a cobertura Campus Party em Santana \u00bb Encontra Santana","og:description":"As aulas come\u00e7am esta semana e os jornalistas-mirins da Rede Municipal de Ensino j\u00e1 est\u00e3o prontos para a primeira cobertura do ano. Em pauta, uma das maiores feiras de tecnologia do mundo, a Campus Party. A partir de ter\u00e7a-feira (7\/2), 100 integrantes da Imprensa Jovem, alunos entre 12 e 17 anos de escolas municipais, estar\u00e3o","og:url":"https:\/\/www.encontrasantana.com.br\/sobre\/jornalistas-mirins-farao-a-cobertura-campus-party-em-santana\/","article:published_time":"2012-02-06T21:07:59+00:00","article:modified_time":"2019-04-15T13:00:36+00:00","twitter:card":"summary","twitter:title":"Jornalistas-mirins far\u00e3o a cobertura Campus Party em Santana \u00bb Encontra Santana","twitter:description":"As aulas come\u00e7am esta semana e os jornalistas-mirins da Rede Municipal de Ensino j\u00e1 est\u00e3o prontos para a primeira cobertura do ano. Em pauta, uma das maiores feiras de tecnologia do mundo, a Campus Party. A partir de ter\u00e7a-feira (7\/2), 100 integrantes da Imprensa Jovem, alunos entre 12 e 17 anos de escolas municipais, estar\u00e3o"},"aioseo_meta_data":{"post_id":"8869","title":null,"description":null,"keywords":null,"keyphrases":null,"primary_term":null,"canonical_url":null,"og_title":null,"og_description":null,"og_object_type":"default","og_image_type":"default","og_image_url":null,"og_image_width":null,"og_image_height":null,"og_image_custom_url":null,"og_image_custom_fields":null,"og_video":null,"og_custom_url":null,"og_article_section":null,"og_article_tags":null,"twitter_use_og":false,"twitter_card":"default","twitter_image_type":"default","twitter_image_url":null,"twitter_image_custom_url":null,"twitter_image_custom_fields":null,"twitter_title":null,"twitter_description":null,"schema":{"blockGraphs":[],"customGraphs":[],"default":{"data":{"Article":[],"Course":[],"Dataset":[],"FAQPage":[],"Movie":[],"Person":[],"Product":[],"ProductReview":[],"Car":[],"Recipe":[],"Service":[],"SoftwareApplication":[],"WebPage":[]},"graphName":"Article","isEnabled":true},"graphs":[]},"schema_type":null,"schema_type_options":null,"pillar_content":false,"robots_default":true,"robots_noindex":false,"robots_noarchive":false,"robots_nosnippet":false,"robots_nofollow":false,"robots_noimageindex":false,"robots_noodp":false,"robots_notranslate":false,"robots_max_snippet":null,"robots_max_videopreview":null,"robots_max_imagepreview":"large","priority":null,"frequency":null,"local_seo":null,"limit_modified_date":false,"created":"2021-04-21 01:06:45","updated":"2026-08-06 10:39:26","focus_keyword":null,"additional_keywords":null,"truseo_locale":null,"ai":null,"breadcrumb_settings":null,"seo_analyzer_scan_date":null},"aioseo_breadcrumb":"<div class=\"aioseo-breadcrumbs\"><span class=\"aioseo-breadcrumb\">\n\t\t\t<a href=\"https:\/\/www.encontrasantana.com.br\/sobre\" title=\"In\u00edcio\">In\u00edcio<\/a>\n\t\t<\/span><span class=\"aioseo-breadcrumb-separator\">&raquo;<\/span><span class=\"aioseo-breadcrumb\">\n\t\t\t<a href=\"https:\/\/www.encontrasantana.com.br\/sobre\/noticias-em-santana\/\" title=\"Not\u00edcias Santana\">Not\u00edcias Santana<\/a>\n\t\t<\/span><span class=\"aioseo-breadcrumb-separator\">&raquo;<\/span><span class=\"aioseo-breadcrumb\">\n\t\t\tJornalistas-mirins far\u00e3o a cobertura Campus Party em Santana\n\t\t<\/span><\/div>","aioseo_breadcrumb_json":[{"label":"In\u00edcio","link":"https:\/\/www.encontrasantana.com.br\/sobre"},{"label":"Not\u00edcias Santana","link":"https:\/\/www.encontrasantana.com.br\/sobre\/noticias-em-santana\/"},{"label":"Jornalistas-mirins far\u00e3o a cobertura Campus Party em Santana","link":"https:\/\/www.encontrasantana.com.br\/sobre\/jornalistas-mirins-farao-a-cobertura-campus-party-em-santana\/"}],"_links":{"self":[{"href":"https:\/\/www.encontrasantana.com.br\/sobre\/wp-json\/wp\/v2\/posts\/8869","targetHints":{"allow":["GET"]}}],"collection":[{"href":"https:\/\/www.encontrasantana.com.br\/sobre\/wp-json\/wp\/v2\/posts"}],"about":[{"href":"https:\/\/www.encontrasantana.com.br\/sobre\/wp-json\/wp\/v2\/types\/post"}],"author":[{"embeddable":true,"href":"https:\/\/www.encontrasantana.com.br\/sobre\/wp-json\/wp\/v2\/users\/1"}],"replies":[{"embeddable":true,"href":"https:\/\/www.encontrasantana.com.br\/sobre\/wp-json\/wp\/v2\/comments?post=8869"}],"version-history":[{"count":0,"href":"https:\/\/www.encontrasantana.com.br\/sobre\/wp-json\/wp\/v2\/posts\/8869\/revisions"}],"wp:attachment":[{"href":"https:\/\/www.encontrasantana.com.br\/sobre\/wp-json\/wp\/v2\/media?parent=8869"}],"wp:term":[{"taxonomy":"category","embeddable":true,"href":"https:\/\/www.encontrasantana.com.br\/sobre\/wp-json\/wp\/v2\/categories?post=8869"},{"taxonomy":"post_tag","embeddable":true,"href":"https:\/\/www.encontrasantana.com.br\/sobre\/wp-json\/wp\/v2\/tags?post=8869"}],"curies":[{"name":"wp","href":"https:\/\/api.w.org\/{rel}","templated":true}]}}