{"id":904,"date":"2011-03-23T19:54:01","date_gmt":"2011-03-23T22:54:01","guid":{"rendered":"http:\/\/www.encontrasantana.com.br\/blog\/?p=904"},"modified":"2019-04-15T10:04:03","modified_gmt":"2019-04-15T13:04:03","slug":"santana-formula-indy-acelera-no-anhembi-em-maio","status":"publish","type":"post","link":"https:\/\/www.encontrasantana.com.br\/sobre\/santana-formula-indy-acelera-no-anhembi-em-maio\/","title":{"rendered":"Santana: F\u00f3rmula Indy acelera no Anhembi em maio"},"content":{"rendered":"<div class=\"1acf8468e559fd3cbeec5aee3a269a52\" data-index=\"1\" style=\"float: none; margin:0px;\">\n<!-- Anuncio display - global -->\r\n<ins class=\"adsbygoogle\"\r\n     style=\"display:block\"\r\n     data-ad-client=\"ca-pub-8585364105181520\"\r\n     data-ad-slot=\"8789329856\"\r\n     data-ad-format=\"auto\"\r\n     data-full-width-responsive=\"true\"><\/ins>\r\n<script>\r\n     (adsbygoogle = window.adsbygoogle || []).push({});\r\n<\/script>\n<\/div>\n<p>A F\u00f3rmula Indy est\u00e1 de volta \u00e0 S\u00e3o Paulo. Depois da primeira edi\u00e7\u00e3o em 2010, a velocidade volta a tomar conta das ruas de S\u00e3o Paulo no dia 1\u00b0 de maio, trazendo carros acelerando a mais de 300 km\/h no trajeto montado em pontos conhecid\u00edssimos de S\u00e3o Paulo como o <a href=\"http:\/\/www.encontrasantana.com.br\/santana\/anhembi-em-santana.shtml\" target=\"_blank\">Samb\u00f3dromo do Anhembi<\/a> e a marginal Tiet\u00ea, no bairro de Santana.<\/p>\n<p>Depois de sediar o Carnaval para mais de 120 mil pessoas nos desfiles, o Samb\u00f3dromo ser\u00e1 mais uma vez a reta principal do circuito. Pegando trechos da vizinha avenida Olavo Fontoura e tamb\u00e9m da marginal, a pista totalizar\u00e1 4180 metros e 11 curvas, com destaque a &#8220;S&#8221; do Samba, alus\u00e3o ao &#8220;S&#8221; do Senna do Aut\u00f3dromo de Interlagos e importante ponto de ultrapassagem, que foi o que n\u00e3o faltou em 2010 &#8211; nada mais do que 95 trocas de posi\u00e7\u00e3o registradas na \u00faltima corrida.<\/p>\n<p>A edi\u00e7\u00e3o de 2010 foi vencida pelo australiano Will Power e os brasileiros melhores colocados foram Vitor Meira, que subiu ao p\u00f3dio em terceiro lugar, e Raphael Mattos completando a prova como o quarto mais r\u00e1pido.<\/p>\n<p>Os ingressos v\u00e3o de R$ 180 a R$ 400 e j\u00e1 come\u00e7aram a ser vendidos. \u00c9 a sua chance de descobrir porque \u00e9 a Indy \u00e9 movida pela emo\u00e7\u00e3o.<\/p>\n<p><strong>Servi\u00e7o: <\/strong><\/p>\n<p><strong>S\u00e3o Paulo Indy 300<\/strong><br \/>\nData: 29 de abril a 1\u00b0 de maio de 2011<br \/>\nLocal: Arena Anhembi<br \/>\nEndere\u00e7o: Av. Olavo Fontoura, 1209, Santana, Zona Norte, S\u00e3o Paulo<br \/>\nIngressos: de R$ 180 a R$ 400<br \/>\nSite:\u00a0livepass.com.br\/indy-300<\/p>\n<p><em>Fonte: Portal Cidade de S\u00e3o Paulo<\/em><\/p>\n\n<div style=\"font-size: 0px; height: 0px; line-height: 0px; margin: 0; padding: 0; clear: both;\"><\/div>","protected":false},"excerpt":{"rendered":"<p>A F\u00f3rmula Indy est\u00e1 de volta \u00e0 S\u00e3o Paulo. Depois da primeira edi\u00e7\u00e3o em 2010, a velocidade volta a tomar conta das ruas de S\u00e3o Paulo no dia 1\u00b0 de maio, trazendo carros acelerando a mais de 300 km\/h no trajeto montado em pontos conhecid\u00edssimos de S\u00e3o Paulo como o Samb\u00f3dromo do Anhembi e a marginal Tiet\u00ea, no bairro de Santana. Depois de sediar o Carnaval para mais de 120 mil pessoas nos desfiles, o Samb\u00f3dromo ser\u00e1 mais uma vez a reta principal do circuito. Pegando trechos da vizinha avenida Olavo Fontoura e tamb\u00e9m da marginal, a pista totalizar\u00e1 4180 <\/p>\n","protected":false},"author":1,"featured_media":0,"comment_status":"open","ping_status":"closed","sticky":false,"template":"","format":"standard","meta":{"footnotes":""},"categories":[3],"tags":[10],"class_list":["post-904","post","type-post","status-publish","format-standard","hentry","category-noticias-em-santana","tag-santana"],"aioseo_notices":[],"_links":{"self":[{"href":"https:\/\/www.encontrasantana.com.br\/sobre\/wp-json\/wp\/v2\/posts\/904"}],"collection":[{"href":"https:\/\/www.encontrasantana.com.br\/sobre\/wp-json\/wp\/v2\/posts"}],"about":[{"href":"https:\/\/www.encontrasantana.com.br\/sobre\/wp-json\/wp\/v2\/types\/post"}],"author":[{"embeddable":true,"href":"https:\/\/www.encontrasantana.com.br\/sobre\/wp-json\/wp\/v2\/users\/1"}],"replies":[{"embeddable":true,"href":"https:\/\/www.encontrasantana.com.br\/sobre\/wp-json\/wp\/v2\/comments?post=904"}],"version-history":[{"count":0,"href":"https:\/\/www.encontrasantana.com.br\/sobre\/wp-json\/wp\/v2\/posts\/904\/revisions"}],"wp:attachment":[{"href":"https:\/\/www.encontrasantana.com.br\/sobre\/wp-json\/wp\/v2\/media?parent=904"}],"wp:term":[{"taxonomy":"category","embeddable":true,"href":"https:\/\/www.encontrasantana.com.br\/sobre\/wp-json\/wp\/v2\/categories?post=904"},{"taxonomy":"post_tag","embeddable":true,"href":"https:\/\/www.encontrasantana.com.br\/sobre\/wp-json\/wp\/v2\/tags?post=904"}],"curies":[{"name":"wp","href":"https:\/\/api.w.org\/{rel}","templated":true}]}}