{"id":917,"date":"2011-03-28T15:49:00","date_gmt":"2011-03-28T18:49:00","guid":{"rendered":"http:\/\/www.encontrasantana.com.br\/blog\/?p=917"},"modified":"2019-04-15T10:04:02","modified_gmt":"2019-04-15T13:04:02","slug":"etec-de-santana-e-alvo-de-ladroes","status":"publish","type":"post","link":"https:\/\/www.encontrasantana.com.br\/sobre\/etec-de-santana-e-alvo-de-ladroes\/","title":{"rendered":"ETEC de Santana \u00e9 alvo de ladr\u00f5es"},"content":{"rendered":"<div class=\"1acf8468e559fd3cbeec5aee3a269a52\" data-index=\"1\" style=\"float: none; margin:0px;\">\n<!-- Anuncio display - global -->\r\n<ins class=\"adsbygoogle\"\r\n     style=\"display:block\"\r\n     data-ad-client=\"ca-pub-8585364105181520\"\r\n     data-ad-slot=\"8789329856\"\r\n     data-ad-format=\"auto\"\r\n     data-full-width-responsive=\"true\"><\/ins>\r\n<script>\r\n     (adsbygoogle = window.adsbygoogle || []).push({});\r\n<\/script>\n<\/div>\n<p>Uma onda de assaltos tem assustado os alunos de duas Escolas T\u00e9cnicas Estaduais (Etecs) localizadas no <a href=\"http:\/\/www.encontrasantana.com.br\/santana\/parque-da-juventude-em-santana.shtml\" target=\"_blank\">Parque da Juventude<\/a>, na zona norte de S\u00e3o Paulo. Funcion\u00e1rios e alunos contam que os ataques ocorrem diariamente. Quase todos \u00e0 luz do dia.<\/p>\n<p>Segundo a dire\u00e7\u00e3o da Etec Parque da Juventude, os crimes ocorrem desde 2008, mas a situa\u00e7\u00e3o agravou-se neste ano. Os professores t\u00eam incentivado os alunos a registrarem os epis\u00f3dios.<\/p>\n<p>Os estudantes produziram relat\u00f3rios indicando que 122 alunos j\u00e1 foram roubados ou amea\u00e7ados desde janeiro. \u201cS\u00e3o muitos casos. J\u00e1 desviamos rotas de sa\u00edda e tamb\u00e9m estamos em contato direto com a pol\u00edcia. Mas \u00e9 dif\u00edcil combater\u201d, disse a diretora da Etec Parque da Juventude, M\u00e1rcia Loduca. \u201cO que precisamos \u00e9 de uma base fixa da pol\u00edcia aqui.\u201d<\/p>\n<p>As duas unidades de escolas t\u00e9cnicas \u2013 a outra \u00e9 especializada em artes \u2013 ficam no mesmo terreno do parque, ao lado da Biblioteca S\u00e3o Paulo. Os ataques ocorrem no v\u00e3o entre os pr\u00e9dios. A maioria dos agressores \u00e9 de adolescentes armados com uma faca. Chegam quase sempre em dois ou tr\u00eas e amea\u00e7am bater nos alunos.<\/p>\n<p>Um estudante do 2.\u00ba ano do ensino m\u00e9dio de 15 anos foi assaltado neste m\u00eas por dois rapazes. \u201cEstava saindo da aula e dois caras pediram tudo o que eu tinha. Eles amea\u00e7aram me espancar. No fim, s\u00f3 levaram R$ 5 e um isot\u00f4nico que eu tomava\u201d, disse ele, que seguia para casa na companhia de dois amigos \u2013 como tamb\u00e9m sugere a escola.<\/p>\n<p>A coordenadora pedag\u00f3gica da Etec, Fernanda Martins Cunha, explica que, por se tratar de uma escola concorrida \u2013 h\u00e1 vestibulinho para o ingresso \u2013, os estudantes acabam visados. \u201cOs meninos que assaltam acreditam que nossos alunos s\u00e3o ricos\u201d, afirma Fernanda. N\u00e3o h\u00e1 muitos registros, por exemplo, de ataques a frequentadores da biblioteca ou mesmo do parque. \u201c\u00c0s vezes, eles mapeiam quem est\u00e1 na escola e os seguem at\u00e9 a rua.\u201d<\/p>\n<p>Foi o que aconteceu com um aluno do 3.\u00ba ano do ensino m\u00e9dio de 17 anos. Tr\u00eas adolescentes o seguiram depois da aula e o abordaram no caminho para casa. \u201cEstava com um amigo e levaram nossos celulares. N\u00e3o estavam armados, mas nem reagi. Voc\u00ea n\u00e3o sabe de onde eles s\u00e3o. Podiam me marcar\u201d, afirma. O parque fica bem ao lado do conjunto habitacional Cingapura da Zachi Narchi e, segundo relatos, muitos dos assaltantes correm em dire\u00e7\u00e3o \u00e0 comunidade.<\/p>\n<p>Boletim de ocorr\u00eancia<\/p>\n<p>O aluno foi uma das duas v\u00edtimas que procurou 9\u00ba Distrito Policial (Carandiru), desde janeiro, para denunciar os assaltos. E teve resultado: duas pessoas foram presas e um celular, recuperado.<\/p>\n<p>\u201cMandamos policiais para l\u00e1 quando solicitado, estamos em contato com escola e com o parque. Mas chega pouca coisa para a gente\u201d, afirmou o delegado titular do 9\u00ba DP, Calixto Calil Filho.<\/p>\n<p>O 9.\u00ba Batalh\u00e3o da Pol\u00edcia Militar, respons\u00e1vel pela \u00e1rea, informou que patrulha o ponto dos ataques diariamente.<\/p>\n<p><em>Fonte: Jornal da Tarde<\/em><\/p>\n\n<div style=\"font-size: 0px; height: 0px; line-height: 0px; margin: 0; padding: 0; clear: both;\"><\/div>","protected":false},"excerpt":{"rendered":"<p>Uma onda de assaltos tem assustado os alunos de duas Escolas T\u00e9cnicas Estaduais (Etecs) localizadas no Parque da Juventude, na zona norte de S\u00e3o Paulo. Funcion\u00e1rios e alunos contam que os ataques ocorrem diariamente. Quase todos \u00e0 luz do dia. Segundo a dire\u00e7\u00e3o da Etec Parque da Juventude, os crimes ocorrem desde 2008, mas a situa\u00e7\u00e3o agravou-se neste ano. Os professores t\u00eam incentivado os alunos a registrarem os epis\u00f3dios. Os estudantes produziram relat\u00f3rios indicando que 122 alunos j\u00e1 foram roubados ou amea\u00e7ados desde janeiro. \u201cS\u00e3o muitos casos. J\u00e1 desviamos rotas de sa\u00edda e tamb\u00e9m estamos em contato direto com a <\/p>\n","protected":false},"author":1,"featured_media":0,"comment_status":"open","ping_status":"closed","sticky":false,"template":"","format":"standard","meta":{"footnotes":""},"categories":[3],"tags":[10],"class_list":["post-917","post","type-post","status-publish","format-standard","hentry","category-noticias-em-santana","tag-santana"],"aioseo_notices":[],"aioseo_head":"\n\t\t<!-- All in One SEO 5.0.0.1 - aioseo.com -->\n\t<meta name=\"description\" content=\"Uma onda de assaltos tem assustado os alunos de duas Escolas T\u00e9cnicas Estaduais (Etecs) localizadas no Parque da Juventude, na zona norte de S\u00e3o Paulo. Funcion\u00e1rios e alunos contam que os ataques ocorrem diariamente. Quase todos \u00e0 luz do dia. Segundo a dire\u00e7\u00e3o da Etec Parque da Juventude, os crimes ocorrem desde 2008, mas a\" \/>\n\t<meta name=\"robots\" content=\"max-image-preview:large\" \/>\n\t<meta name=\"author\" content=\"Encontra Santana\"\/>\n\t<link rel=\"canonical\" href=\"https:\/\/www.encontrasantana.com.br\/sobre\/etec-de-santana-e-alvo-de-ladroes\/\" \/>\n\t<meta name=\"generator\" content=\"All in One SEO (AIOSEO) 5.0.0.1\" \/>\n\t\t<meta property=\"og:locale\" content=\"pt_BR\" \/>\n\t\t<meta property=\"og:site_name\" content=\"Encontra Santana | Not\u00edcias, eventos, informa\u00e7\u00f5es e dicas no bairro de Santana e regi\u00e3o.\" \/>\n\t\t<meta property=\"og:type\" content=\"article\" \/>\n\t\t<meta property=\"og:title\" content=\"ETEC de Santana \u00e9 alvo de ladr\u00f5es \u00bb Encontra Santana\" \/>\n\t\t<meta property=\"og:description\" content=\"Uma onda de assaltos tem assustado os alunos de duas Escolas T\u00e9cnicas Estaduais (Etecs) localizadas no Parque da Juventude, na zona norte de S\u00e3o Paulo. Funcion\u00e1rios e alunos contam que os ataques ocorrem diariamente. Quase todos \u00e0 luz do dia. Segundo a dire\u00e7\u00e3o da Etec Parque da Juventude, os crimes ocorrem desde 2008, mas a\" \/>\n\t\t<meta property=\"og:url\" content=\"https:\/\/www.encontrasantana.com.br\/sobre\/etec-de-santana-e-alvo-de-ladroes\/\" \/>\n\t\t<meta property=\"article:published_time\" content=\"2011-03-28T18:49:00+00:00\" \/>\n\t\t<meta property=\"article:modified_time\" content=\"2019-04-15T13:04:02+00:00\" \/>\n\t\t<meta name=\"twitter:card\" content=\"summary\" \/>\n\t\t<meta name=\"twitter:title\" content=\"ETEC de Santana \u00e9 alvo de ladr\u00f5es \u00bb Encontra Santana\" \/>\n\t\t<meta name=\"twitter:description\" content=\"Uma onda de assaltos tem assustado os alunos de duas Escolas T\u00e9cnicas Estaduais (Etecs) localizadas no Parque da Juventude, na zona norte de S\u00e3o Paulo. Funcion\u00e1rios e alunos contam que os ataques ocorrem diariamente. Quase todos \u00e0 luz do dia. Segundo a dire\u00e7\u00e3o da Etec Parque da Juventude, os crimes ocorrem desde 2008, mas a\" \/>\n\t\t<script type=\"application\/ld+json\" class=\"aioseo-schema\">\n\t\t\t{\"@context\":\"https:\\\/\\\/schema.org\",\"@graph\":[{\"@type\":\"Article\",\"@id\":\"https:\\\/\\\/www.encontrasantana.com.br\\\/sobre\\\/etec-de-santana-e-alvo-de-ladroes\\\/#article\",\"name\":\"ETEC de Santana \\u00e9 alvo de ladr\\u00f5es \\u00bb Encontra Santana\",\"headline\":\"ETEC de Santana \\u00e9 alvo de ladr\\u00f5es\",\"author\":{\"@id\":\"https:\\\/\\\/www.encontrasantana.com.br\\\/sobre\\\/author\\\/esantana\\\/#author\"},\"publisher\":{\"@id\":\"https:\\\/\\\/www.encontrasantana.com.br\\\/sobre\\\/#organization\"},\"datePublished\":\"2011-03-28T15:49:00-03:00\",\"dateModified\":\"2019-04-15T10:04:02-03:00\",\"inLanguage\":\"pt-BR\",\"mainEntityOfPage\":{\"@id\":\"https:\\\/\\\/www.encontrasantana.com.br\\\/sobre\\\/etec-de-santana-e-alvo-de-ladroes\\\/#webpage\"},\"isPartOf\":{\"@id\":\"https:\\\/\\\/www.encontrasantana.com.br\\\/sobre\\\/etec-de-santana-e-alvo-de-ladroes\\\/#webpage\"},\"articleSection\":\"Not\\u00edcias Santana, Santana\"},{\"@type\":\"BreadcrumbList\",\"@id\":\"https:\\\/\\\/www.encontrasantana.com.br\\\/sobre\\\/etec-de-santana-e-alvo-de-ladroes\\\/#breadcrumblist\",\"itemListElement\":[{\"@type\":\"ListItem\",\"@id\":\"https:\\\/\\\/www.encontrasantana.com.br\\\/sobre#listItem\",\"position\":1,\"name\":\"In\\u00edcio\",\"item\":\"https:\\\/\\\/www.encontrasantana.com.br\\\/sobre\",\"nextItem\":{\"@type\":\"ListItem\",\"@id\":\"https:\\\/\\\/www.encontrasantana.com.br\\\/sobre\\\/noticias-em-santana\\\/#listItem\",\"name\":\"Not\\u00edcias Santana\"}},{\"@type\":\"ListItem\",\"@id\":\"https:\\\/\\\/www.encontrasantana.com.br\\\/sobre\\\/noticias-em-santana\\\/#listItem\",\"position\":2,\"name\":\"Not\\u00edcias Santana\",\"item\":\"https:\\\/\\\/www.encontrasantana.com.br\\\/sobre\\\/noticias-em-santana\\\/\",\"nextItem\":{\"@type\":\"ListItem\",\"@id\":\"https:\\\/\\\/www.encontrasantana.com.br\\\/sobre\\\/etec-de-santana-e-alvo-de-ladroes\\\/#listItem\",\"name\":\"ETEC de Santana \\u00e9 alvo de ladr\\u00f5es\"},\"previousItem\":{\"@type\":\"ListItem\",\"@id\":\"https:\\\/\\\/www.encontrasantana.com.br\\\/sobre#listItem\",\"name\":\"In\\u00edcio\"}},{\"@type\":\"ListItem\",\"@id\":\"https:\\\/\\\/www.encontrasantana.com.br\\\/sobre\\\/etec-de-santana-e-alvo-de-ladroes\\\/#listItem\",\"position\":3,\"name\":\"ETEC de Santana \\u00e9 alvo de ladr\\u00f5es\",\"previousItem\":{\"@type\":\"ListItem\",\"@id\":\"https:\\\/\\\/www.encontrasantana.com.br\\\/sobre\\\/noticias-em-santana\\\/#listItem\",\"name\":\"Not\\u00edcias Santana\"}}]},{\"@type\":\"Organization\",\"@id\":\"https:\\\/\\\/www.encontrasantana.com.br\\\/sobre\\\/#organization\",\"name\":\"Encontra Santana\",\"description\":\"Not\\u00edcias, eventos, informa\\u00e7\\u00f5es e dicas no bairro de Santana e regi\\u00e3o.\",\"url\":\"https:\\\/\\\/www.encontrasantana.com.br\\\/sobre\\\/\"},{\"@type\":\"Person\",\"@id\":\"https:\\\/\\\/www.encontrasantana.com.br\\\/sobre\\\/author\\\/esantana\\\/#author\",\"url\":\"https:\\\/\\\/www.encontrasantana.com.br\\\/sobre\\\/author\\\/esantana\\\/\",\"name\":\"Encontra Santana\",\"image\":{\"@type\":\"ImageObject\",\"@id\":\"https:\\\/\\\/www.encontrasantana.com.br\\\/sobre\\\/etec-de-santana-e-alvo-de-ladroes\\\/#authorImage\",\"url\":\"https:\\\/\\\/secure.gravatar.com\\\/avatar\\\/0fbed662e37531ae23e68f85f9517b2454e50c1dfebf80eb9b721449ac95e0b9?s=96&d=mm&r=g\",\"width\":96,\"height\":96,\"caption\":\"Encontra Santana\"}},{\"@type\":\"WebPage\",\"@id\":\"https:\\\/\\\/www.encontrasantana.com.br\\\/sobre\\\/etec-de-santana-e-alvo-de-ladroes\\\/#webpage\",\"url\":\"https:\\\/\\\/www.encontrasantana.com.br\\\/sobre\\\/etec-de-santana-e-alvo-de-ladroes\\\/\",\"name\":\"ETEC de Santana \\u00e9 alvo de ladr\\u00f5es \\u00bb Encontra Santana\",\"description\":\"Uma onda de assaltos tem assustado os alunos de duas Escolas T\\u00e9cnicas Estaduais (Etecs) localizadas no Parque da Juventude, na zona norte de S\\u00e3o Paulo. Funcion\\u00e1rios e alunos contam que os ataques ocorrem diariamente. Quase todos \\u00e0 luz do dia. Segundo a dire\\u00e7\\u00e3o da Etec Parque da Juventude, os crimes ocorrem desde 2008, mas a\",\"inLanguage\":\"pt-BR\",\"isPartOf\":{\"@id\":\"https:\\\/\\\/www.encontrasantana.com.br\\\/sobre\\\/#website\"},\"breadcrumb\":{\"@id\":\"https:\\\/\\\/www.encontrasantana.com.br\\\/sobre\\\/etec-de-santana-e-alvo-de-ladroes\\\/#breadcrumblist\"},\"author\":{\"@id\":\"https:\\\/\\\/www.encontrasantana.com.br\\\/sobre\\\/author\\\/esantana\\\/#author\"},\"creator\":{\"@id\":\"https:\\\/\\\/www.encontrasantana.com.br\\\/sobre\\\/author\\\/esantana\\\/#author\"},\"datePublished\":\"2011-03-28T15:49:00-03:00\",\"dateModified\":\"2019-04-15T10:04:02-03:00\"},{\"@type\":\"WebSite\",\"@id\":\"https:\\\/\\\/www.encontrasantana.com.br\\\/sobre\\\/#website\",\"url\":\"https:\\\/\\\/www.encontrasantana.com.br\\\/sobre\\\/\",\"name\":\"Encontra Santana\",\"description\":\"Not\\u00edcias, eventos, informa\\u00e7\\u00f5es e dicas no bairro de Santana e regi\\u00e3o.\",\"inLanguage\":\"pt-BR\",\"publisher\":{\"@id\":\"https:\\\/\\\/www.encontrasantana.com.br\\\/sobre\\\/#organization\"}}]}\n\t\t<\/script>\n\t\t<!-- All in One SEO -->\n\n","aioseo_head_json":{"title":"ETEC de Santana \u00e9 alvo de ladr\u00f5es \u00bb Encontra Santana","description":"Uma onda de assaltos tem assustado os alunos de duas Escolas T\u00e9cnicas Estaduais (Etecs) localizadas no Parque da Juventude, na zona norte de S\u00e3o Paulo. Funcion\u00e1rios e alunos contam que os ataques ocorrem diariamente. Quase todos \u00e0 luz do dia. Segundo a dire\u00e7\u00e3o da Etec Parque da Juventude, os crimes ocorrem desde 2008, mas a","canonical_url":"https:\/\/www.encontrasantana.com.br\/sobre\/etec-de-santana-e-alvo-de-ladroes\/","robots":"max-image-preview:large","keywords":"","webmasterTools":{"miscellaneous":""},"schema":{"@context":"https:\/\/schema.org","@graph":[{"@type":"Article","@id":"https:\/\/www.encontrasantana.com.br\/sobre\/etec-de-santana-e-alvo-de-ladroes\/#article","name":"ETEC de Santana \u00e9 alvo de ladr\u00f5es \u00bb Encontra Santana","headline":"ETEC de Santana \u00e9 alvo de ladr\u00f5es","author":{"@id":"https:\/\/www.encontrasantana.com.br\/sobre\/author\/esantana\/#author"},"publisher":{"@id":"https:\/\/www.encontrasantana.com.br\/sobre\/#organization"},"datePublished":"2011-03-28T15:49:00-03:00","dateModified":"2019-04-15T10:04:02-03:00","inLanguage":"pt-BR","mainEntityOfPage":{"@id":"https:\/\/www.encontrasantana.com.br\/sobre\/etec-de-santana-e-alvo-de-ladroes\/#webpage"},"isPartOf":{"@id":"https:\/\/www.encontrasantana.com.br\/sobre\/etec-de-santana-e-alvo-de-ladroes\/#webpage"},"articleSection":"Not\u00edcias Santana, Santana"},{"@type":"BreadcrumbList","@id":"https:\/\/www.encontrasantana.com.br\/sobre\/etec-de-santana-e-alvo-de-ladroes\/#breadcrumblist","itemListElement":[{"@type":"ListItem","@id":"https:\/\/www.encontrasantana.com.br\/sobre#listItem","position":1,"name":"In\u00edcio","item":"https:\/\/www.encontrasantana.com.br\/sobre","nextItem":{"@type":"ListItem","@id":"https:\/\/www.encontrasantana.com.br\/sobre\/noticias-em-santana\/#listItem","name":"Not\u00edcias Santana"}},{"@type":"ListItem","@id":"https:\/\/www.encontrasantana.com.br\/sobre\/noticias-em-santana\/#listItem","position":2,"name":"Not\u00edcias Santana","item":"https:\/\/www.encontrasantana.com.br\/sobre\/noticias-em-santana\/","nextItem":{"@type":"ListItem","@id":"https:\/\/www.encontrasantana.com.br\/sobre\/etec-de-santana-e-alvo-de-ladroes\/#listItem","name":"ETEC de Santana \u00e9 alvo de ladr\u00f5es"},"previousItem":{"@type":"ListItem","@id":"https:\/\/www.encontrasantana.com.br\/sobre#listItem","name":"In\u00edcio"}},{"@type":"ListItem","@id":"https:\/\/www.encontrasantana.com.br\/sobre\/etec-de-santana-e-alvo-de-ladroes\/#listItem","position":3,"name":"ETEC de Santana \u00e9 alvo de ladr\u00f5es","previousItem":{"@type":"ListItem","@id":"https:\/\/www.encontrasantana.com.br\/sobre\/noticias-em-santana\/#listItem","name":"Not\u00edcias Santana"}}]},{"@type":"Organization","@id":"https:\/\/www.encontrasantana.com.br\/sobre\/#organization","name":"Encontra Santana","description":"Not\u00edcias, eventos, informa\u00e7\u00f5es e dicas no bairro de Santana e regi\u00e3o.","url":"https:\/\/www.encontrasantana.com.br\/sobre\/"},{"@type":"Person","@id":"https:\/\/www.encontrasantana.com.br\/sobre\/author\/esantana\/#author","url":"https:\/\/www.encontrasantana.com.br\/sobre\/author\/esantana\/","name":"Encontra Santana","image":{"@type":"ImageObject","@id":"https:\/\/www.encontrasantana.com.br\/sobre\/etec-de-santana-e-alvo-de-ladroes\/#authorImage","url":"https:\/\/secure.gravatar.com\/avatar\/0fbed662e37531ae23e68f85f9517b2454e50c1dfebf80eb9b721449ac95e0b9?s=96&d=mm&r=g","width":96,"height":96,"caption":"Encontra Santana"}},{"@type":"WebPage","@id":"https:\/\/www.encontrasantana.com.br\/sobre\/etec-de-santana-e-alvo-de-ladroes\/#webpage","url":"https:\/\/www.encontrasantana.com.br\/sobre\/etec-de-santana-e-alvo-de-ladroes\/","name":"ETEC de Santana \u00e9 alvo de ladr\u00f5es \u00bb Encontra Santana","description":"Uma onda de assaltos tem assustado os alunos de duas Escolas T\u00e9cnicas Estaduais (Etecs) localizadas no Parque da Juventude, na zona norte de S\u00e3o Paulo. Funcion\u00e1rios e alunos contam que os ataques ocorrem diariamente. Quase todos \u00e0 luz do dia. Segundo a dire\u00e7\u00e3o da Etec Parque da Juventude, os crimes ocorrem desde 2008, mas a","inLanguage":"pt-BR","isPartOf":{"@id":"https:\/\/www.encontrasantana.com.br\/sobre\/#website"},"breadcrumb":{"@id":"https:\/\/www.encontrasantana.com.br\/sobre\/etec-de-santana-e-alvo-de-ladroes\/#breadcrumblist"},"author":{"@id":"https:\/\/www.encontrasantana.com.br\/sobre\/author\/esantana\/#author"},"creator":{"@id":"https:\/\/www.encontrasantana.com.br\/sobre\/author\/esantana\/#author"},"datePublished":"2011-03-28T15:49:00-03:00","dateModified":"2019-04-15T10:04:02-03:00"},{"@type":"WebSite","@id":"https:\/\/www.encontrasantana.com.br\/sobre\/#website","url":"https:\/\/www.encontrasantana.com.br\/sobre\/","name":"Encontra Santana","description":"Not\u00edcias, eventos, informa\u00e7\u00f5es e dicas no bairro de Santana e regi\u00e3o.","inLanguage":"pt-BR","publisher":{"@id":"https:\/\/www.encontrasantana.com.br\/sobre\/#organization"}}]},"og:locale":"pt_BR","og:site_name":"Encontra Santana | Not\u00edcias, eventos, informa\u00e7\u00f5es e dicas no bairro de Santana e regi\u00e3o.","og:type":"article","og:title":"ETEC de Santana \u00e9 alvo de ladr\u00f5es \u00bb Encontra Santana","og:description":"Uma onda de assaltos tem assustado os alunos de duas Escolas T\u00e9cnicas Estaduais (Etecs) localizadas no Parque da Juventude, na zona norte de S\u00e3o Paulo. Funcion\u00e1rios e alunos contam que os ataques ocorrem diariamente. Quase todos \u00e0 luz do dia. Segundo a dire\u00e7\u00e3o da Etec Parque da Juventude, os crimes ocorrem desde 2008, mas a","og:url":"https:\/\/www.encontrasantana.com.br\/sobre\/etec-de-santana-e-alvo-de-ladroes\/","article:published_time":"2011-03-28T18:49:00+00:00","article:modified_time":"2019-04-15T13:04:02+00:00","twitter:card":"summary","twitter:title":"ETEC de Santana \u00e9 alvo de ladr\u00f5es \u00bb Encontra Santana","twitter:description":"Uma onda de assaltos tem assustado os alunos de duas Escolas T\u00e9cnicas Estaduais (Etecs) localizadas no Parque da Juventude, na zona norte de S\u00e3o Paulo. Funcion\u00e1rios e alunos contam que os ataques ocorrem diariamente. Quase todos \u00e0 luz do dia. Segundo a dire\u00e7\u00e3o da Etec Parque da Juventude, os crimes ocorrem desde 2008, mas a"},"aioseo_meta_data":{"post_id":"917","title":null,"description":null,"keywords":null,"keyphrases":null,"primary_term":null,"canonical_url":null,"og_title":null,"og_description":null,"og_object_type":"default","og_image_type":"default","og_image_url":null,"og_image_width":null,"og_image_height":null,"og_image_custom_url":null,"og_image_custom_fields":null,"og_video":null,"og_custom_url":null,"og_article_section":null,"og_article_tags":null,"twitter_use_og":false,"twitter_card":"default","twitter_image_type":"default","twitter_image_url":null,"twitter_image_custom_url":null,"twitter_image_custom_fields":null,"twitter_title":null,"twitter_description":null,"schema":{"blockGraphs":[],"customGraphs":[],"default":{"data":{"Article":[],"Course":[],"Dataset":[],"FAQPage":[],"Movie":[],"Person":[],"Product":[],"ProductReview":[],"Car":[],"Recipe":[],"Service":[],"SoftwareApplication":[],"WebPage":[]},"graphName":"Article","isEnabled":true},"graphs":[]},"schema_type":null,"schema_type_options":null,"pillar_content":false,"robots_default":true,"robots_noindex":false,"robots_noarchive":false,"robots_nosnippet":false,"robots_nofollow":false,"robots_noimageindex":false,"robots_noodp":false,"robots_notranslate":false,"robots_max_snippet":null,"robots_max_videopreview":null,"robots_max_imagepreview":"large","priority":null,"frequency":null,"local_seo":null,"limit_modified_date":false,"created":"2021-04-20 21:21:37","updated":"2026-08-06 06:53:13","focus_keyword":null,"additional_keywords":null,"truseo_locale":null,"ai":null,"breadcrumb_settings":null,"seo_analyzer_scan_date":null},"aioseo_breadcrumb":"<div class=\"aioseo-breadcrumbs\"><span class=\"aioseo-breadcrumb\">\n\t\t\t<a href=\"https:\/\/www.encontrasantana.com.br\/sobre\" title=\"In\u00edcio\">In\u00edcio<\/a>\n\t\t<\/span><span class=\"aioseo-breadcrumb-separator\">&raquo;<\/span><span class=\"aioseo-breadcrumb\">\n\t\t\t<a href=\"https:\/\/www.encontrasantana.com.br\/sobre\/noticias-em-santana\/\" title=\"Not\u00edcias Santana\">Not\u00edcias Santana<\/a>\n\t\t<\/span><span class=\"aioseo-breadcrumb-separator\">&raquo;<\/span><span class=\"aioseo-breadcrumb\">\n\t\t\tETEC de Santana \u00e9 alvo de ladr\u00f5es\n\t\t<\/span><\/div>","aioseo_breadcrumb_json":[{"label":"In\u00edcio","link":"https:\/\/www.encontrasantana.com.br\/sobre"},{"label":"Not\u00edcias Santana","link":"https:\/\/www.encontrasantana.com.br\/sobre\/noticias-em-santana\/"},{"label":"ETEC de Santana \u00e9 alvo de ladr\u00f5es","link":"https:\/\/www.encontrasantana.com.br\/sobre\/etec-de-santana-e-alvo-de-ladroes\/"}],"_links":{"self":[{"href":"https:\/\/www.encontrasantana.com.br\/sobre\/wp-json\/wp\/v2\/posts\/917","targetHints":{"allow":["GET"]}}],"collection":[{"href":"https:\/\/www.encontrasantana.com.br\/sobre\/wp-json\/wp\/v2\/posts"}],"about":[{"href":"https:\/\/www.encontrasantana.com.br\/sobre\/wp-json\/wp\/v2\/types\/post"}],"author":[{"embeddable":true,"href":"https:\/\/www.encontrasantana.com.br\/sobre\/wp-json\/wp\/v2\/users\/1"}],"replies":[{"embeddable":true,"href":"https:\/\/www.encontrasantana.com.br\/sobre\/wp-json\/wp\/v2\/comments?post=917"}],"version-history":[{"count":0,"href":"https:\/\/www.encontrasantana.com.br\/sobre\/wp-json\/wp\/v2\/posts\/917\/revisions"}],"wp:attachment":[{"href":"https:\/\/www.encontrasantana.com.br\/sobre\/wp-json\/wp\/v2\/media?parent=917"}],"wp:term":[{"taxonomy":"category","embeddable":true,"href":"https:\/\/www.encontrasantana.com.br\/sobre\/wp-json\/wp\/v2\/categories?post=917"},{"taxonomy":"post_tag","embeddable":true,"href":"https:\/\/www.encontrasantana.com.br\/sobre\/wp-json\/wp\/v2\/tags?post=917"}],"curies":[{"name":"wp","href":"https:\/\/api.w.org\/{rel}","templated":true}]}}