{"id":926,"date":"2011-04-01T18:11:36","date_gmt":"2011-04-01T21:11:36","guid":{"rendered":"http:\/\/www.encontrasantana.com.br\/blog\/?p=926"},"modified":"2019-04-15T10:04:00","modified_gmt":"2019-04-15T13:04:00","slug":"ozzy-osbourne-se-apresenta-em-santana-neste-sabado","status":"publish","type":"post","link":"https:\/\/www.encontrasantana.com.br\/sobre\/ozzy-osbourne-se-apresenta-em-santana-neste-sabado\/","title":{"rendered":"Ozzy Osbourne se apresenta em Santana neste s\u00e1bado"},"content":{"rendered":"<div class=\"1acf8468e559fd3cbeec5aee3a269a52\" data-index=\"1\" style=\"float: none; margin:0px;\">\n<!-- Anuncio display - global -->\r\n<ins class=\"adsbygoogle\"\r\n     style=\"display:block\"\r\n     data-ad-client=\"ca-pub-8585364105181520\"\r\n     data-ad-slot=\"8789329856\"\r\n     data-ad-format=\"auto\"\r\n     data-full-width-responsive=\"true\"><\/ins>\r\n<script>\r\n     (adsbygoogle = window.adsbygoogle || []).push({});\r\n<\/script>\n<\/div>\n<p>Depois de passar por Porto Alegre, o &#8220;pr\u00edncipe das trevas&#8221; Ozzy Osbourne faz show neste s\u00e1bado, 2, na <a href=\"http:\/\/www.encontrasantana.com.br\/santana\/anhembi-em-santana.shtml\" target=\"_blank\">Arena Anhembi<\/a>, em S\u00e3o Paulo.<\/p>\n<p>Os show faz parte da turn\u00ea de divulga\u00e7\u00e3o do \u00faltimo \u00e1lbum do artista, Scream (2010), que j\u00e1 rodou a Europa e os Estados Unidos. A abertura ficar\u00e1 por conta do Sepultura. Na volta ao Brasil, Ozzy se apresenta ainda em Bras\u00edlia, em 5 de abril; Rio de Janeiro, no dia 7; e Belo Horizonte, dia 9.<\/p>\n<p>Na tarde desta quinta-feira, 31, ainda haviam ingressos dispon\u00edveis para as\u00a0pistas comum e premium para a apresenta\u00e7\u00e3o na capital paulista, \u00e0 venda no site\u00a0ticketsforfun.com.br. As entradas tamb\u00e9m podem ser adquiridas por telefone (4003-0848), na bilheteria do Credicard Hall (Av. das Na\u00e7\u00f5es Unidas, 17955) ou nos\u00a0pontos de venda autorizados em todo o Pa\u00eds. Custam entre R$ 100 (pista\/ meia) e R$ 600 (pista premium\/ inteira).<\/p>\n<p><strong>SERVI\u00c7O:<br \/>\n<\/strong>Ozzy Osbourne em S\u00e3o Paulo<br \/>\nS\u00e1bado, 02\/4, \u00e0s 21h30 (abertura dos port\u00f5es \u00e0s 17h)<br \/>\nArena Anhembi &#8211; Av. Olavo Fontoura, 1.209, &#8211; Santana<br \/>\nCensura: 16 anos (maiores de 12 entram acompanhados de respons\u00e1veis)<br \/>\nMais informa\u00e7\u00f5es: t4f.com.br<\/p>\n<p><em>Fonte: Estad\u00e3o.com.br<\/em><\/p>\n\n<div style=\"font-size: 0px; height: 0px; line-height: 0px; margin: 0; padding: 0; clear: both;\"><\/div>","protected":false},"excerpt":{"rendered":"<p>Depois de passar por Porto Alegre, o &#8220;pr\u00edncipe das trevas&#8221; Ozzy Osbourne faz show neste s\u00e1bado, 2, na Arena Anhembi, em S\u00e3o Paulo. Os show faz parte da turn\u00ea de divulga\u00e7\u00e3o do \u00faltimo \u00e1lbum do artista, Scream (2010), que j\u00e1 rodou a Europa e os Estados Unidos. A abertura ficar\u00e1 por conta do Sepultura. Na volta ao Brasil, Ozzy se apresenta ainda em Bras\u00edlia, em 5 de abril; Rio de Janeiro, no dia 7; e Belo Horizonte, dia 9. Na tarde desta quinta-feira, 31, ainda haviam ingressos dispon\u00edveis para as\u00a0pistas comum e premium para a apresenta\u00e7\u00e3o na capital paulista, \u00e0 <\/p>\n","protected":false},"author":1,"featured_media":0,"comment_status":"open","ping_status":"closed","sticky":false,"template":"","format":"standard","meta":{"footnotes":""},"categories":[8],"tags":[10],"class_list":["post-926","post","type-post","status-publish","format-standard","hentry","category-shows-em-santana","tag-santana"],"aioseo_notices":[],"aioseo_head":"\n\t\t<!-- All in One SEO 5.0.0.1 - aioseo.com -->\n\t<meta name=\"description\" content=\"Depois de passar por Porto Alegre, o &quot;pr\u00edncipe das trevas&quot; Ozzy Osbourne faz show neste s\u00e1bado, 2, na Arena Anhembi, em S\u00e3o Paulo. Os show faz parte da turn\u00ea de divulga\u00e7\u00e3o do \u00faltimo \u00e1lbum do artista, Scream (2010), que j\u00e1 rodou a Europa e os Estados Unidos. A abertura ficar\u00e1 por conta do Sepultura. Na\" \/>\n\t<meta name=\"robots\" content=\"max-image-preview:large\" \/>\n\t<meta name=\"author\" content=\"Encontra Santana\"\/>\n\t<link rel=\"canonical\" href=\"https:\/\/www.encontrasantana.com.br\/sobre\/ozzy-osbourne-se-apresenta-em-santana-neste-sabado\/\" \/>\n\t<meta name=\"generator\" content=\"All in One SEO (AIOSEO) 5.0.0.1\" \/>\n\t\t<meta property=\"og:locale\" content=\"pt_BR\" \/>\n\t\t<meta property=\"og:site_name\" content=\"Encontra Santana | Not\u00edcias, eventos, informa\u00e7\u00f5es e dicas no bairro de Santana e regi\u00e3o.\" \/>\n\t\t<meta property=\"og:type\" content=\"article\" \/>\n\t\t<meta property=\"og:title\" content=\"Ozzy Osbourne se apresenta em Santana neste s\u00e1bado \u00bb Encontra Santana\" \/>\n\t\t<meta property=\"og:description\" content=\"Depois de passar por Porto Alegre, o &quot;pr\u00edncipe das trevas&quot; Ozzy Osbourne faz show neste s\u00e1bado, 2, na Arena Anhembi, em S\u00e3o Paulo. Os show faz parte da turn\u00ea de divulga\u00e7\u00e3o do \u00faltimo \u00e1lbum do artista, Scream (2010), que j\u00e1 rodou a Europa e os Estados Unidos. A abertura ficar\u00e1 por conta do Sepultura. Na\" \/>\n\t\t<meta property=\"og:url\" content=\"https:\/\/www.encontrasantana.com.br\/sobre\/ozzy-osbourne-se-apresenta-em-santana-neste-sabado\/\" \/>\n\t\t<meta property=\"article:published_time\" content=\"2011-04-01T21:11:36+00:00\" \/>\n\t\t<meta property=\"article:modified_time\" content=\"2019-04-15T13:04:00+00:00\" \/>\n\t\t<meta name=\"twitter:card\" content=\"summary\" \/>\n\t\t<meta name=\"twitter:title\" content=\"Ozzy Osbourne se apresenta em Santana neste s\u00e1bado \u00bb Encontra Santana\" \/>\n\t\t<meta name=\"twitter:description\" content=\"Depois de passar por Porto Alegre, o &quot;pr\u00edncipe das trevas&quot; Ozzy Osbourne faz show neste s\u00e1bado, 2, na Arena Anhembi, em S\u00e3o Paulo. Os show faz parte da turn\u00ea de divulga\u00e7\u00e3o do \u00faltimo \u00e1lbum do artista, Scream (2010), que j\u00e1 rodou a Europa e os Estados Unidos. A abertura ficar\u00e1 por conta do Sepultura. Na\" \/>\n\t\t<script type=\"application\/ld+json\" class=\"aioseo-schema\">\n\t\t\t{\"@context\":\"https:\\\/\\\/schema.org\",\"@graph\":[{\"@type\":\"Article\",\"@id\":\"https:\\\/\\\/www.encontrasantana.com.br\\\/sobre\\\/ozzy-osbourne-se-apresenta-em-santana-neste-sabado\\\/#article\",\"name\":\"Ozzy Osbourne se apresenta em Santana neste s\\u00e1bado \\u00bb Encontra Santana\",\"headline\":\"Ozzy Osbourne se apresenta em Santana neste s\\u00e1bado\",\"author\":{\"@id\":\"https:\\\/\\\/www.encontrasantana.com.br\\\/sobre\\\/author\\\/esantana\\\/#author\"},\"publisher\":{\"@id\":\"https:\\\/\\\/www.encontrasantana.com.br\\\/sobre\\\/#organization\"},\"datePublished\":\"2011-04-01T18:11:36-03:00\",\"dateModified\":\"2019-04-15T10:04:00-03:00\",\"inLanguage\":\"pt-BR\",\"mainEntityOfPage\":{\"@id\":\"https:\\\/\\\/www.encontrasantana.com.br\\\/sobre\\\/ozzy-osbourne-se-apresenta-em-santana-neste-sabado\\\/#webpage\"},\"isPartOf\":{\"@id\":\"https:\\\/\\\/www.encontrasantana.com.br\\\/sobre\\\/ozzy-osbourne-se-apresenta-em-santana-neste-sabado\\\/#webpage\"},\"articleSection\":\"Show Santana, Santana\"},{\"@type\":\"BreadcrumbList\",\"@id\":\"https:\\\/\\\/www.encontrasantana.com.br\\\/sobre\\\/ozzy-osbourne-se-apresenta-em-santana-neste-sabado\\\/#breadcrumblist\",\"itemListElement\":[{\"@type\":\"ListItem\",\"@id\":\"https:\\\/\\\/www.encontrasantana.com.br\\\/sobre#listItem\",\"position\":1,\"name\":\"In\\u00edcio\",\"item\":\"https:\\\/\\\/www.encontrasantana.com.br\\\/sobre\",\"nextItem\":{\"@type\":\"ListItem\",\"@id\":\"https:\\\/\\\/www.encontrasantana.com.br\\\/sobre\\\/shows-em-santana\\\/#listItem\",\"name\":\"Show Santana\"}},{\"@type\":\"ListItem\",\"@id\":\"https:\\\/\\\/www.encontrasantana.com.br\\\/sobre\\\/shows-em-santana\\\/#listItem\",\"position\":2,\"name\":\"Show Santana\",\"item\":\"https:\\\/\\\/www.encontrasantana.com.br\\\/sobre\\\/shows-em-santana\\\/\",\"nextItem\":{\"@type\":\"ListItem\",\"@id\":\"https:\\\/\\\/www.encontrasantana.com.br\\\/sobre\\\/ozzy-osbourne-se-apresenta-em-santana-neste-sabado\\\/#listItem\",\"name\":\"Ozzy Osbourne se apresenta em Santana neste s\\u00e1bado\"},\"previousItem\":{\"@type\":\"ListItem\",\"@id\":\"https:\\\/\\\/www.encontrasantana.com.br\\\/sobre#listItem\",\"name\":\"In\\u00edcio\"}},{\"@type\":\"ListItem\",\"@id\":\"https:\\\/\\\/www.encontrasantana.com.br\\\/sobre\\\/ozzy-osbourne-se-apresenta-em-santana-neste-sabado\\\/#listItem\",\"position\":3,\"name\":\"Ozzy Osbourne se apresenta em Santana neste s\\u00e1bado\",\"previousItem\":{\"@type\":\"ListItem\",\"@id\":\"https:\\\/\\\/www.encontrasantana.com.br\\\/sobre\\\/shows-em-santana\\\/#listItem\",\"name\":\"Show Santana\"}}]},{\"@type\":\"Organization\",\"@id\":\"https:\\\/\\\/www.encontrasantana.com.br\\\/sobre\\\/#organization\",\"name\":\"Encontra Santana\",\"description\":\"Not\\u00edcias, eventos, informa\\u00e7\\u00f5es e dicas no bairro de Santana e regi\\u00e3o.\",\"url\":\"https:\\\/\\\/www.encontrasantana.com.br\\\/sobre\\\/\"},{\"@type\":\"Person\",\"@id\":\"https:\\\/\\\/www.encontrasantana.com.br\\\/sobre\\\/author\\\/esantana\\\/#author\",\"url\":\"https:\\\/\\\/www.encontrasantana.com.br\\\/sobre\\\/author\\\/esantana\\\/\",\"name\":\"Encontra Santana\",\"image\":{\"@type\":\"ImageObject\",\"@id\":\"https:\\\/\\\/www.encontrasantana.com.br\\\/sobre\\\/ozzy-osbourne-se-apresenta-em-santana-neste-sabado\\\/#authorImage\",\"url\":\"https:\\\/\\\/secure.gravatar.com\\\/avatar\\\/0fbed662e37531ae23e68f85f9517b2454e50c1dfebf80eb9b721449ac95e0b9?s=96&d=mm&r=g\",\"width\":96,\"height\":96,\"caption\":\"Encontra Santana\"}},{\"@type\":\"WebPage\",\"@id\":\"https:\\\/\\\/www.encontrasantana.com.br\\\/sobre\\\/ozzy-osbourne-se-apresenta-em-santana-neste-sabado\\\/#webpage\",\"url\":\"https:\\\/\\\/www.encontrasantana.com.br\\\/sobre\\\/ozzy-osbourne-se-apresenta-em-santana-neste-sabado\\\/\",\"name\":\"Ozzy Osbourne se apresenta em Santana neste s\\u00e1bado \\u00bb Encontra Santana\",\"description\":\"Depois de passar por Porto Alegre, o \\\"pr\\u00edncipe das trevas\\\" Ozzy Osbourne faz show neste s\\u00e1bado, 2, na Arena Anhembi, em S\\u00e3o Paulo. Os show faz parte da turn\\u00ea de divulga\\u00e7\\u00e3o do \\u00faltimo \\u00e1lbum do artista, Scream (2010), que j\\u00e1 rodou a Europa e os Estados Unidos. A abertura ficar\\u00e1 por conta do Sepultura. Na\",\"inLanguage\":\"pt-BR\",\"isPartOf\":{\"@id\":\"https:\\\/\\\/www.encontrasantana.com.br\\\/sobre\\\/#website\"},\"breadcrumb\":{\"@id\":\"https:\\\/\\\/www.encontrasantana.com.br\\\/sobre\\\/ozzy-osbourne-se-apresenta-em-santana-neste-sabado\\\/#breadcrumblist\"},\"author\":{\"@id\":\"https:\\\/\\\/www.encontrasantana.com.br\\\/sobre\\\/author\\\/esantana\\\/#author\"},\"creator\":{\"@id\":\"https:\\\/\\\/www.encontrasantana.com.br\\\/sobre\\\/author\\\/esantana\\\/#author\"},\"datePublished\":\"2011-04-01T18:11:36-03:00\",\"dateModified\":\"2019-04-15T10:04:00-03:00\"},{\"@type\":\"WebSite\",\"@id\":\"https:\\\/\\\/www.encontrasantana.com.br\\\/sobre\\\/#website\",\"url\":\"https:\\\/\\\/www.encontrasantana.com.br\\\/sobre\\\/\",\"name\":\"Encontra Santana\",\"description\":\"Not\\u00edcias, eventos, informa\\u00e7\\u00f5es e dicas no bairro de Santana e regi\\u00e3o.\",\"inLanguage\":\"pt-BR\",\"publisher\":{\"@id\":\"https:\\\/\\\/www.encontrasantana.com.br\\\/sobre\\\/#organization\"}}]}\n\t\t<\/script>\n\t\t<!-- All in One SEO -->\n\n","aioseo_head_json":{"title":"Ozzy Osbourne se apresenta em Santana neste s\u00e1bado \u00bb Encontra Santana","description":"Depois de passar por Porto Alegre, o \"pr\u00edncipe das trevas\" Ozzy Osbourne faz show neste s\u00e1bado, 2, na Arena Anhembi, em S\u00e3o Paulo. Os show faz parte da turn\u00ea de divulga\u00e7\u00e3o do \u00faltimo \u00e1lbum do artista, Scream (2010), que j\u00e1 rodou a Europa e os Estados Unidos. A abertura ficar\u00e1 por conta do Sepultura. Na","canonical_url":"https:\/\/www.encontrasantana.com.br\/sobre\/ozzy-osbourne-se-apresenta-em-santana-neste-sabado\/","robots":"max-image-preview:large","keywords":"","webmasterTools":{"miscellaneous":""},"schema":{"@context":"https:\/\/schema.org","@graph":[{"@type":"Article","@id":"https:\/\/www.encontrasantana.com.br\/sobre\/ozzy-osbourne-se-apresenta-em-santana-neste-sabado\/#article","name":"Ozzy Osbourne se apresenta em Santana neste s\u00e1bado \u00bb Encontra Santana","headline":"Ozzy Osbourne se apresenta em Santana neste s\u00e1bado","author":{"@id":"https:\/\/www.encontrasantana.com.br\/sobre\/author\/esantana\/#author"},"publisher":{"@id":"https:\/\/www.encontrasantana.com.br\/sobre\/#organization"},"datePublished":"2011-04-01T18:11:36-03:00","dateModified":"2019-04-15T10:04:00-03:00","inLanguage":"pt-BR","mainEntityOfPage":{"@id":"https:\/\/www.encontrasantana.com.br\/sobre\/ozzy-osbourne-se-apresenta-em-santana-neste-sabado\/#webpage"},"isPartOf":{"@id":"https:\/\/www.encontrasantana.com.br\/sobre\/ozzy-osbourne-se-apresenta-em-santana-neste-sabado\/#webpage"},"articleSection":"Show Santana, Santana"},{"@type":"BreadcrumbList","@id":"https:\/\/www.encontrasantana.com.br\/sobre\/ozzy-osbourne-se-apresenta-em-santana-neste-sabado\/#breadcrumblist","itemListElement":[{"@type":"ListItem","@id":"https:\/\/www.encontrasantana.com.br\/sobre#listItem","position":1,"name":"In\u00edcio","item":"https:\/\/www.encontrasantana.com.br\/sobre","nextItem":{"@type":"ListItem","@id":"https:\/\/www.encontrasantana.com.br\/sobre\/shows-em-santana\/#listItem","name":"Show Santana"}},{"@type":"ListItem","@id":"https:\/\/www.encontrasantana.com.br\/sobre\/shows-em-santana\/#listItem","position":2,"name":"Show Santana","item":"https:\/\/www.encontrasantana.com.br\/sobre\/shows-em-santana\/","nextItem":{"@type":"ListItem","@id":"https:\/\/www.encontrasantana.com.br\/sobre\/ozzy-osbourne-se-apresenta-em-santana-neste-sabado\/#listItem","name":"Ozzy Osbourne se apresenta em Santana neste s\u00e1bado"},"previousItem":{"@type":"ListItem","@id":"https:\/\/www.encontrasantana.com.br\/sobre#listItem","name":"In\u00edcio"}},{"@type":"ListItem","@id":"https:\/\/www.encontrasantana.com.br\/sobre\/ozzy-osbourne-se-apresenta-em-santana-neste-sabado\/#listItem","position":3,"name":"Ozzy Osbourne se apresenta em Santana neste s\u00e1bado","previousItem":{"@type":"ListItem","@id":"https:\/\/www.encontrasantana.com.br\/sobre\/shows-em-santana\/#listItem","name":"Show Santana"}}]},{"@type":"Organization","@id":"https:\/\/www.encontrasantana.com.br\/sobre\/#organization","name":"Encontra Santana","description":"Not\u00edcias, eventos, informa\u00e7\u00f5es e dicas no bairro de Santana e regi\u00e3o.","url":"https:\/\/www.encontrasantana.com.br\/sobre\/"},{"@type":"Person","@id":"https:\/\/www.encontrasantana.com.br\/sobre\/author\/esantana\/#author","url":"https:\/\/www.encontrasantana.com.br\/sobre\/author\/esantana\/","name":"Encontra Santana","image":{"@type":"ImageObject","@id":"https:\/\/www.encontrasantana.com.br\/sobre\/ozzy-osbourne-se-apresenta-em-santana-neste-sabado\/#authorImage","url":"https:\/\/secure.gravatar.com\/avatar\/0fbed662e37531ae23e68f85f9517b2454e50c1dfebf80eb9b721449ac95e0b9?s=96&d=mm&r=g","width":96,"height":96,"caption":"Encontra Santana"}},{"@type":"WebPage","@id":"https:\/\/www.encontrasantana.com.br\/sobre\/ozzy-osbourne-se-apresenta-em-santana-neste-sabado\/#webpage","url":"https:\/\/www.encontrasantana.com.br\/sobre\/ozzy-osbourne-se-apresenta-em-santana-neste-sabado\/","name":"Ozzy Osbourne se apresenta em Santana neste s\u00e1bado \u00bb Encontra Santana","description":"Depois de passar por Porto Alegre, o \"pr\u00edncipe das trevas\" Ozzy Osbourne faz show neste s\u00e1bado, 2, na Arena Anhembi, em S\u00e3o Paulo. Os show faz parte da turn\u00ea de divulga\u00e7\u00e3o do \u00faltimo \u00e1lbum do artista, Scream (2010), que j\u00e1 rodou a Europa e os Estados Unidos. A abertura ficar\u00e1 por conta do Sepultura. Na","inLanguage":"pt-BR","isPartOf":{"@id":"https:\/\/www.encontrasantana.com.br\/sobre\/#website"},"breadcrumb":{"@id":"https:\/\/www.encontrasantana.com.br\/sobre\/ozzy-osbourne-se-apresenta-em-santana-neste-sabado\/#breadcrumblist"},"author":{"@id":"https:\/\/www.encontrasantana.com.br\/sobre\/author\/esantana\/#author"},"creator":{"@id":"https:\/\/www.encontrasantana.com.br\/sobre\/author\/esantana\/#author"},"datePublished":"2011-04-01T18:11:36-03:00","dateModified":"2019-04-15T10:04:00-03:00"},{"@type":"WebSite","@id":"https:\/\/www.encontrasantana.com.br\/sobre\/#website","url":"https:\/\/www.encontrasantana.com.br\/sobre\/","name":"Encontra Santana","description":"Not\u00edcias, eventos, informa\u00e7\u00f5es e dicas no bairro de Santana e regi\u00e3o.","inLanguage":"pt-BR","publisher":{"@id":"https:\/\/www.encontrasantana.com.br\/sobre\/#organization"}}]},"og:locale":"pt_BR","og:site_name":"Encontra Santana | Not\u00edcias, eventos, informa\u00e7\u00f5es e dicas no bairro de Santana e regi\u00e3o.","og:type":"article","og:title":"Ozzy Osbourne se apresenta em Santana neste s\u00e1bado \u00bb Encontra Santana","og:description":"Depois de passar por Porto Alegre, o &quot;pr\u00edncipe das trevas&quot; Ozzy Osbourne faz show neste s\u00e1bado, 2, na Arena Anhembi, em S\u00e3o Paulo. Os show faz parte da turn\u00ea de divulga\u00e7\u00e3o do \u00faltimo \u00e1lbum do artista, Scream (2010), que j\u00e1 rodou a Europa e os Estados Unidos. A abertura ficar\u00e1 por conta do Sepultura. Na","og:url":"https:\/\/www.encontrasantana.com.br\/sobre\/ozzy-osbourne-se-apresenta-em-santana-neste-sabado\/","article:published_time":"2011-04-01T21:11:36+00:00","article:modified_time":"2019-04-15T13:04:00+00:00","twitter:card":"summary","twitter:title":"Ozzy Osbourne se apresenta em Santana neste s\u00e1bado \u00bb Encontra Santana","twitter:description":"Depois de passar por Porto Alegre, o &quot;pr\u00edncipe das trevas&quot; Ozzy Osbourne faz show neste s\u00e1bado, 2, na Arena Anhembi, em S\u00e3o Paulo. Os show faz parte da turn\u00ea de divulga\u00e7\u00e3o do \u00faltimo \u00e1lbum do artista, Scream (2010), que j\u00e1 rodou a Europa e os Estados Unidos. A abertura ficar\u00e1 por conta do Sepultura. Na"},"aioseo_meta_data":{"post_id":"926","title":null,"description":null,"keywords":null,"keyphrases":null,"primary_term":null,"canonical_url":null,"og_title":null,"og_description":null,"og_object_type":"default","og_image_type":"default","og_image_url":null,"og_image_width":null,"og_image_height":null,"og_image_custom_url":null,"og_image_custom_fields":null,"og_video":null,"og_custom_url":null,"og_article_section":null,"og_article_tags":null,"twitter_use_og":false,"twitter_card":"default","twitter_image_type":"default","twitter_image_url":null,"twitter_image_custom_url":null,"twitter_image_custom_fields":null,"twitter_title":null,"twitter_description":null,"schema":{"blockGraphs":[],"customGraphs":[],"default":{"data":{"Article":[],"Course":[],"Dataset":[],"FAQPage":[],"Movie":[],"Person":[],"Product":[],"ProductReview":[],"Car":[],"Recipe":[],"Service":[],"SoftwareApplication":[],"WebPage":[]},"graphName":"Article","isEnabled":true},"graphs":[]},"schema_type":null,"schema_type_options":null,"pillar_content":false,"robots_default":true,"robots_noindex":false,"robots_noarchive":false,"robots_nosnippet":false,"robots_nofollow":false,"robots_noimageindex":false,"robots_noodp":false,"robots_notranslate":false,"robots_max_snippet":null,"robots_max_videopreview":null,"robots_max_imagepreview":"large","priority":null,"frequency":null,"local_seo":null,"limit_modified_date":false,"created":"2021-04-20 21:26:10","updated":"2026-08-06 06:53:13","focus_keyword":null,"additional_keywords":null,"truseo_locale":null,"ai":null,"breadcrumb_settings":null,"seo_analyzer_scan_date":null},"aioseo_breadcrumb":"<div class=\"aioseo-breadcrumbs\"><span class=\"aioseo-breadcrumb\">\n\t\t\t<a href=\"https:\/\/www.encontrasantana.com.br\/sobre\" title=\"In\u00edcio\">In\u00edcio<\/a>\n\t\t<\/span><span class=\"aioseo-breadcrumb-separator\">&raquo;<\/span><span class=\"aioseo-breadcrumb\">\n\t\t\t<a href=\"https:\/\/www.encontrasantana.com.br\/sobre\/shows-em-santana\/\" title=\"Show Santana\">Show Santana<\/a>\n\t\t<\/span><span class=\"aioseo-breadcrumb-separator\">&raquo;<\/span><span class=\"aioseo-breadcrumb\">\n\t\t\tOzzy Osbourne se apresenta em Santana neste s\u00e1bado\n\t\t<\/span><\/div>","aioseo_breadcrumb_json":[{"label":"In\u00edcio","link":"https:\/\/www.encontrasantana.com.br\/sobre"},{"label":"Show Santana","link":"https:\/\/www.encontrasantana.com.br\/sobre\/shows-em-santana\/"},{"label":"Ozzy Osbourne se apresenta em Santana neste s\u00e1bado","link":"https:\/\/www.encontrasantana.com.br\/sobre\/ozzy-osbourne-se-apresenta-em-santana-neste-sabado\/"}],"_links":{"self":[{"href":"https:\/\/www.encontrasantana.com.br\/sobre\/wp-json\/wp\/v2\/posts\/926","targetHints":{"allow":["GET"]}}],"collection":[{"href":"https:\/\/www.encontrasantana.com.br\/sobre\/wp-json\/wp\/v2\/posts"}],"about":[{"href":"https:\/\/www.encontrasantana.com.br\/sobre\/wp-json\/wp\/v2\/types\/post"}],"author":[{"embeddable":true,"href":"https:\/\/www.encontrasantana.com.br\/sobre\/wp-json\/wp\/v2\/users\/1"}],"replies":[{"embeddable":true,"href":"https:\/\/www.encontrasantana.com.br\/sobre\/wp-json\/wp\/v2\/comments?post=926"}],"version-history":[{"count":0,"href":"https:\/\/www.encontrasantana.com.br\/sobre\/wp-json\/wp\/v2\/posts\/926\/revisions"}],"wp:attachment":[{"href":"https:\/\/www.encontrasantana.com.br\/sobre\/wp-json\/wp\/v2\/media?parent=926"}],"wp:term":[{"taxonomy":"category","embeddable":true,"href":"https:\/\/www.encontrasantana.com.br\/sobre\/wp-json\/wp\/v2\/categories?post=926"},{"taxonomy":"post_tag","embeddable":true,"href":"https:\/\/www.encontrasantana.com.br\/sobre\/wp-json\/wp\/v2\/tags?post=926"}],"curies":[{"name":"wp","href":"https:\/\/api.w.org\/{rel}","templated":true}]}}