{"id":932,"date":"2011-04-04T17:04:09","date_gmt":"2011-04-04T20:04:09","guid":{"rendered":"http:\/\/www.encontrasantana.com.br\/blog\/?p=932"},"modified":"2019-04-15T10:04:00","modified_gmt":"2019-04-15T13:04:00","slug":"grafiteiros-detidos-em-santana-devem-responder-por-crime-ambiental","status":"publish","type":"post","link":"https:\/\/www.encontrasantana.com.br\/sobre\/grafiteiros-detidos-em-santana-devem-responder-por-crime-ambiental\/","title":{"rendered":"Grafiteiros detidos em Santana devem responder por crime ambiental"},"content":{"rendered":"<div class=\"1acf8468e559fd3cbeec5aee3a269a52\" data-index=\"1\" style=\"float: none; margin:0px;\">\n<!-- Anuncio display - global -->\r\n<ins class=\"adsbygoogle\"\r\n     style=\"display:block\"\r\n     data-ad-client=\"ca-pub-8585364105181520\"\r\n     data-ad-slot=\"8789329856\"\r\n     data-ad-format=\"auto\"\r\n     data-full-width-responsive=\"true\"><\/ins>\r\n<script>\r\n     (adsbygoogle = window.adsbygoogle || []).push({});\r\n<\/script>\n<\/div>\n<p>Onze grafiteiros foram detidos pela Pol\u00edcia Militar por volta das 12h deste domingo enquanto desenhavam em pilastras da <a href=\"http:\/\/www.encontrasantana.com.br\/santana\/metro-santana.shtml\" target=\"_blank\">esta\u00e7\u00e3o Santana do metr\u00f4<\/a>, na zona norte de S\u00e3o Paulo. No grupo havia artistas conhecidos, como a dupla Chivitz e Minhau, que assinou uma vers\u00e3o das sand\u00e1lias Havaianas recentemente, e Binho e Presto, que j\u00e1 participaram de exposi\u00e7\u00f5es de arte urbana.<\/p>\n<p>Todos foram ouvidos pela pol\u00edcia e liberados, por volta das 19h. Apesar de terem argumentado, em depoimento, que n\u00e3o estavam pichando, eles admitiram n\u00e3o ter autoriza\u00e7\u00e3o para pintar as pilastras do metr\u00f4 &#8211;e a lei n\u00e3o distingue picha\u00e7\u00e3o de grafite.<\/p>\n<p>&#8220;Resultado: n\u00f3s vamos responder por crime ambiental, porque a lei n\u00e3o diferencia o artista do v\u00e2ndalo&#8221;, disse Binho, 39. Nenhum deles quis comentar sobre a forma da abordagem da pol\u00edcia.<\/p>\n<p>Os grafiteiros, acostumados a fazer pain\u00e9is na zona norte, foram abordados depois que a PM recebeu uma den\u00fancia pelo 190, de acordo com o delegado do DPPC (Departamento de Pol\u00edcia de Prote\u00e7\u00e3o \u00e0 Cidadania), Paulo Peres.<\/p>\n<p>&#8220;Grafitar sem autoriza\u00e7\u00e3o do poder p\u00fablico, nesse caso, que \u00e9 o respons\u00e1vel [pelas pilastras do metr\u00f4], \u00e9 enquadrado na lei ambiental&#8221;, diz o delegado. &#8220;No artigo 65, os dois verbos est\u00e3o l\u00e1: pichar e grafitar.&#8221;<\/p>\n<p>O delegado admite, por\u00e9m, que den\u00fancias contra grafite n\u00e3o s\u00e3o muito comuns &#8211;a picha\u00e7\u00e3o \u00e9 mais mal vista pela popula\u00e7\u00e3o. E esse parece ser o argumento do grupo frente \u00e0 pol\u00edcia.<\/p>\n<p>&#8220;Num minuto a gente estava pintando e passou um carro aplaudindo. Um minuto depois n\u00f3s fomos presos&#8221;, contou o grafiteiro conhecido como Ricardo AKN. &#8220;A opini\u00e3o p\u00fablica \u00e9 a favor&#8221;, completou Binho.<\/p>\n<p>&#8220;O lugar era todo feio, todo cinza da tinta da prefeitura. Aquele \u00e9 nosso presente pra cidade&#8221;, acrescentou Nove, 27.<\/p>\n<p>Todos os detidos reconheceram que j\u00e1 foram parados pela pol\u00edcia outras vezes, mas disseram que geralmente um di\u00e1logo com os policiais e a interrup\u00e7\u00e3o da atividade &#8220;resolve a situa\u00e7\u00e3o&#8221;.<\/p>\n<p>Desta vez, no entanto, eles ter\u00e3o de responder na Justi\u00e7a. A pena m\u00e1xima prevista para crimes ambientais \u00e9 de um ano de pris\u00e3o, mas, segundo o delegado Peres, a promotoria geralmente prop\u00f5e uma &#8220;transa\u00e7\u00e3o penal&#8221; &#8211;como presta\u00e7\u00e3o de servi\u00e7os \u00e0 comunidade, por exemplo.<\/p>\n<p>Segundo o delegado, eles devem aguardar pela Justi\u00e7a em liberdade por tratar-se de um &#8220;crime de menor potencial ofensivo&#8221;.<\/p>\n<p><strong>POL\u00cdTICA<\/strong><\/p>\n<p>Para Chivitz, 34, o que falta \u00e9 uma pol\u00edtica espec\u00edfica e clara sobre o grafite. &#8220;Isso faz com que as autoridades, em momentos oportunos, aprovem [o grafite], e em outros, critiquem a atua\u00e7\u00e3o dos jovens artistas&#8221;, diz.<\/p>\n<p>&#8220;Se a gente pedir autoriza\u00e7\u00e3o, dificilmente vai ter. Mas depois que a gente pinta, \u00e9 tudo lindo e maravilhoso. Isso \u00e9 um t\u00edpico exemplo de como \u00e9 fazer arte na cidade&#8221;, diz Chivitz.<\/p>\n<p>Ele lembra que parte dos grafiteiros que foram detidos hoje, do grupo conhecido como ZN Lovers, j\u00e1 promoveu eventos oficiais de grafite na zona norte &#8211;quando foi feito o mural no cruzamento da rua Duarte de Azevedo com a avenida Cruzeiro do Sul, em Santana.<\/p>\n<p>A namorada dele, Minhau, 33, tamb\u00e9m foi detida. De acordo com ela &#8211;que pintava um gato colorido gigante numa pilastra quando foi abordada&#8211;, o grupo vai tentar agora negociar com a prefeitura o t\u00e9rmino dos desenhos, que ficaram pela metade.<\/p>\n<p>Os grafiteiros disseram que est\u00e3o &#8220;em di\u00e1logo&#8221; com autoridades municipais para legalizar a atividade em S\u00e3o Paulo.<\/p>\n<p><em>Fonte: Folha.com<\/em><\/p>\n\n<div style=\"font-size: 0px; height: 0px; line-height: 0px; margin: 0; padding: 0; clear: both;\"><\/div>","protected":false},"excerpt":{"rendered":"<p>Onze grafiteiros foram detidos pela Pol\u00edcia Militar por volta das 12h deste domingo enquanto desenhavam em pilastras da esta\u00e7\u00e3o Santana do metr\u00f4, na zona norte de S\u00e3o Paulo. No grupo havia artistas conhecidos, como a dupla Chivitz e Minhau, que assinou uma vers\u00e3o das sand\u00e1lias Havaianas recentemente, e Binho e Presto, que j\u00e1 participaram de exposi\u00e7\u00f5es de arte urbana. Todos foram ouvidos pela pol\u00edcia e liberados, por volta das 19h. Apesar de terem argumentado, em depoimento, que n\u00e3o estavam pichando, eles admitiram n\u00e3o ter autoriza\u00e7\u00e3o para pintar as pilastras do metr\u00f4 &#8211;e a lei n\u00e3o distingue picha\u00e7\u00e3o de grafite. &#8220;Resultado: <\/p>\n","protected":false},"author":1,"featured_media":0,"comment_status":"open","ping_status":"closed","sticky":false,"template":"","format":"standard","meta":{"footnotes":""},"categories":[3],"tags":[10],"class_list":["post-932","post","type-post","status-publish","format-standard","hentry","category-noticias-em-santana","tag-santana"],"aioseo_notices":[],"_links":{"self":[{"href":"https:\/\/www.encontrasantana.com.br\/sobre\/wp-json\/wp\/v2\/posts\/932"}],"collection":[{"href":"https:\/\/www.encontrasantana.com.br\/sobre\/wp-json\/wp\/v2\/posts"}],"about":[{"href":"https:\/\/www.encontrasantana.com.br\/sobre\/wp-json\/wp\/v2\/types\/post"}],"author":[{"embeddable":true,"href":"https:\/\/www.encontrasantana.com.br\/sobre\/wp-json\/wp\/v2\/users\/1"}],"replies":[{"embeddable":true,"href":"https:\/\/www.encontrasantana.com.br\/sobre\/wp-json\/wp\/v2\/comments?post=932"}],"version-history":[{"count":0,"href":"https:\/\/www.encontrasantana.com.br\/sobre\/wp-json\/wp\/v2\/posts\/932\/revisions"}],"wp:attachment":[{"href":"https:\/\/www.encontrasantana.com.br\/sobre\/wp-json\/wp\/v2\/media?parent=932"}],"wp:term":[{"taxonomy":"category","embeddable":true,"href":"https:\/\/www.encontrasantana.com.br\/sobre\/wp-json\/wp\/v2\/categories?post=932"},{"taxonomy":"post_tag","embeddable":true,"href":"https:\/\/www.encontrasantana.com.br\/sobre\/wp-json\/wp\/v2\/tags?post=932"}],"curies":[{"name":"wp","href":"https:\/\/api.w.org\/{rel}","templated":true}]}}