{"id":9332,"date":"2012-02-08T16:56:13","date_gmt":"2012-02-08T19:56:13","guid":{"rendered":"http:\/\/www.encontrasantana.com.br\/blog\/?p=9332"},"modified":"2019-04-15T10:00:35","modified_gmt":"2019-04-15T13:00:35","slug":"estudantes-ficam-3-horas-em-fila-de-posto-da-sptrans-em-santana","status":"publish","type":"post","link":"https:\/\/www.encontrasantana.com.br\/sobre\/estudantes-ficam-3-horas-em-fila-de-posto-da-sptrans-em-santana\/","title":{"rendered":"Estudantes ficam 3 horas em fila de posto da SPTrans em Santana"},"content":{"rendered":"<div class=\"1acf8468e559fd3cbeec5aee3a269a52\" data-index=\"1\" style=\"float: none; margin:0px;\">\n<!-- Anuncio display - global -->\r\n<ins class=\"adsbygoogle\"\r\n     style=\"display:block\"\r\n     data-ad-client=\"ca-pub-8585364105181520\"\r\n     data-ad-slot=\"8789329856\"\r\n     data-ad-format=\"auto\"\r\n     data-full-width-responsive=\"true\"><\/ins>\r\n<script>\r\n     (adsbygoogle = window.adsbygoogle || []).push({});\r\n<\/script>\n<\/div>\n<p>Mais de 200 pessoas formavam uma fila de tr\u00eas horas de espera em um posto da SPTrans em Santana (zona norte de SP), na manh\u00e3 de ontem, para solicitar servi\u00e7os da empresa.<\/p>\n<p>Por volta das 10h, a reportagem\u00a0esteve no local e a fila dobrava o quarteir\u00e3o.<\/p>\n<p>A maioria das pessoas que aguardavam na fila era de estudantes em busca do Bilhete \u00danico Estudante.<\/p>\n<p>Dos seis guich\u00eas dispon\u00edveis na rua Olavo Eg\u00eddio, somente tr\u00eas recebiam pedidos para renova\u00e7\u00e3o do bilhete, primeira e segunda via, bilhete especial, recarga e M\u00e3e Paulistana, entre outros.<\/p>\n<p><strong>Resposta<\/strong><\/p>\n<p>Em nota, a SPTrans diz lamentar os problemas de atendimento no posto de Santana (zona norte de SP), mas informa que a solicita\u00e7\u00e3o do bilhete de estudante pode ser feita sem custo adicional, pela internet.<\/p>\n<p>Para quem preferir ir pessoalmente, a SPTrans diz que oferece postos em todos os terminais de \u00f4nibus, que funcionam durante o dia todo e em alguns durante as 24 horas do dia, inclusive s\u00e1bados, domingos e feriados.<\/p>\n<p>Quanto \u00e0 lota\u00e7\u00e3o observada pela reportagem na unidade do bairro de Santana, ainda segundo a SPTrans, nesses dias de pico &#8211;por conta do in\u00edcio do m\u00eas e do in\u00edcio das aulas&#8211;, os postos recebem cerca de 20 mil solicita\u00e7\u00f5es por dia nos 40 pontos de atendimento da empresa.<\/p>\n<p>Por fim, de acordo com a SPTrans, no posto de Santana, que funciona das 7h \u00e0s 17h, todos os seis guich\u00eas estavam abertos e realizando todos os servi\u00e7os.<\/p>\n<p><em>Fonte: Agora S\u00e3o Paulo<\/em><\/p>\n\n<div style=\"font-size: 0px; height: 0px; line-height: 0px; margin: 0; padding: 0; clear: both;\"><\/div>","protected":false},"excerpt":{"rendered":"<p>Mais de 200 pessoas formavam uma fila de tr\u00eas horas de espera em um posto da SPTrans em Santana (zona norte de SP), na manh\u00e3 de ontem, para solicitar servi\u00e7os da empresa. Por volta das 10h, a reportagem\u00a0esteve no local e a fila dobrava o quarteir\u00e3o. A maioria das pessoas que aguardavam na fila era de estudantes em busca do Bilhete \u00danico Estudante. Dos seis guich\u00eas dispon\u00edveis na rua Olavo Eg\u00eddio, somente tr\u00eas recebiam pedidos para renova\u00e7\u00e3o do bilhete, primeira e segunda via, bilhete especial, recarga e M\u00e3e Paulistana, entre outros. Resposta Em nota, a SPTrans diz lamentar os problemas <\/p>\n","protected":false},"author":1,"featured_media":0,"comment_status":"open","ping_status":"closed","sticky":false,"template":"","format":"standard","meta":{"footnotes":""},"categories":[3],"tags":[10],"class_list":["post-9332","post","type-post","status-publish","format-standard","hentry","category-noticias-em-santana","tag-santana"],"aioseo_notices":[],"aioseo_head":"\n\t\t<!-- All in One SEO 5.0.0.1 - aioseo.com -->\n\t<meta name=\"description\" content=\"Mais de 200 pessoas formavam uma fila de tr\u00eas horas de espera em um posto da SPTrans em Santana (zona norte de SP), na manh\u00e3 de ontem, para solicitar servi\u00e7os da empresa. Por volta das 10h, a reportagem esteve no local e a fila dobrava o quarteir\u00e3o. A maioria das pessoas que aguardavam na fila era\" \/>\n\t<meta name=\"robots\" content=\"max-image-preview:large\" \/>\n\t<meta name=\"author\" content=\"Encontra Santana\"\/>\n\t<link rel=\"canonical\" href=\"https:\/\/www.encontrasantana.com.br\/sobre\/estudantes-ficam-3-horas-em-fila-de-posto-da-sptrans-em-santana\/\" \/>\n\t<meta name=\"generator\" content=\"All in One SEO (AIOSEO) 5.0.0.1\" \/>\n\t\t<meta property=\"og:locale\" content=\"pt_BR\" \/>\n\t\t<meta property=\"og:site_name\" content=\"Encontra Santana | Not\u00edcias, eventos, informa\u00e7\u00f5es e dicas no bairro de Santana e regi\u00e3o.\" \/>\n\t\t<meta property=\"og:type\" content=\"article\" \/>\n\t\t<meta property=\"og:title\" content=\"Estudantes ficam 3 horas em fila de posto da SPTrans em Santana \u00bb Encontra Santana\" \/>\n\t\t<meta property=\"og:description\" content=\"Mais de 200 pessoas formavam uma fila de tr\u00eas horas de espera em um posto da SPTrans em Santana (zona norte de SP), na manh\u00e3 de ontem, para solicitar servi\u00e7os da empresa. Por volta das 10h, a reportagem esteve no local e a fila dobrava o quarteir\u00e3o. A maioria das pessoas que aguardavam na fila era\" \/>\n\t\t<meta property=\"og:url\" content=\"https:\/\/www.encontrasantana.com.br\/sobre\/estudantes-ficam-3-horas-em-fila-de-posto-da-sptrans-em-santana\/\" \/>\n\t\t<meta property=\"article:published_time\" content=\"2012-02-08T19:56:13+00:00\" \/>\n\t\t<meta property=\"article:modified_time\" content=\"2019-04-15T13:00:35+00:00\" \/>\n\t\t<meta name=\"twitter:card\" content=\"summary\" \/>\n\t\t<meta name=\"twitter:title\" content=\"Estudantes ficam 3 horas em fila de posto da SPTrans em Santana \u00bb Encontra Santana\" \/>\n\t\t<meta name=\"twitter:description\" content=\"Mais de 200 pessoas formavam uma fila de tr\u00eas horas de espera em um posto da SPTrans em Santana (zona norte de SP), na manh\u00e3 de ontem, para solicitar servi\u00e7os da empresa. Por volta das 10h, a reportagem esteve no local e a fila dobrava o quarteir\u00e3o. A maioria das pessoas que aguardavam na fila era\" \/>\n\t\t<script type=\"application\/ld+json\" class=\"aioseo-schema\">\n\t\t\t{\"@context\":\"https:\\\/\\\/schema.org\",\"@graph\":[{\"@type\":\"Article\",\"@id\":\"https:\\\/\\\/www.encontrasantana.com.br\\\/sobre\\\/estudantes-ficam-3-horas-em-fila-de-posto-da-sptrans-em-santana\\\/#article\",\"name\":\"Estudantes ficam 3 horas em fila de posto da SPTrans em Santana \\u00bb Encontra Santana\",\"headline\":\"Estudantes ficam 3 horas em fila de posto da SPTrans em Santana\",\"author\":{\"@id\":\"https:\\\/\\\/www.encontrasantana.com.br\\\/sobre\\\/author\\\/esantana\\\/#author\"},\"publisher\":{\"@id\":\"https:\\\/\\\/www.encontrasantana.com.br\\\/sobre\\\/#organization\"},\"datePublished\":\"2012-02-08T16:56:13-03:00\",\"dateModified\":\"2019-04-15T10:00:35-03:00\",\"inLanguage\":\"pt-BR\",\"mainEntityOfPage\":{\"@id\":\"https:\\\/\\\/www.encontrasantana.com.br\\\/sobre\\\/estudantes-ficam-3-horas-em-fila-de-posto-da-sptrans-em-santana\\\/#webpage\"},\"isPartOf\":{\"@id\":\"https:\\\/\\\/www.encontrasantana.com.br\\\/sobre\\\/estudantes-ficam-3-horas-em-fila-de-posto-da-sptrans-em-santana\\\/#webpage\"},\"articleSection\":\"Not\\u00edcias Santana, Santana\"},{\"@type\":\"BreadcrumbList\",\"@id\":\"https:\\\/\\\/www.encontrasantana.com.br\\\/sobre\\\/estudantes-ficam-3-horas-em-fila-de-posto-da-sptrans-em-santana\\\/#breadcrumblist\",\"itemListElement\":[{\"@type\":\"ListItem\",\"@id\":\"https:\\\/\\\/www.encontrasantana.com.br\\\/sobre#listItem\",\"position\":1,\"name\":\"In\\u00edcio\",\"item\":\"https:\\\/\\\/www.encontrasantana.com.br\\\/sobre\",\"nextItem\":{\"@type\":\"ListItem\",\"@id\":\"https:\\\/\\\/www.encontrasantana.com.br\\\/sobre\\\/noticias-em-santana\\\/#listItem\",\"name\":\"Not\\u00edcias Santana\"}},{\"@type\":\"ListItem\",\"@id\":\"https:\\\/\\\/www.encontrasantana.com.br\\\/sobre\\\/noticias-em-santana\\\/#listItem\",\"position\":2,\"name\":\"Not\\u00edcias Santana\",\"item\":\"https:\\\/\\\/www.encontrasantana.com.br\\\/sobre\\\/noticias-em-santana\\\/\",\"nextItem\":{\"@type\":\"ListItem\",\"@id\":\"https:\\\/\\\/www.encontrasantana.com.br\\\/sobre\\\/estudantes-ficam-3-horas-em-fila-de-posto-da-sptrans-em-santana\\\/#listItem\",\"name\":\"Estudantes ficam 3 horas em fila de posto da SPTrans em Santana\"},\"previousItem\":{\"@type\":\"ListItem\",\"@id\":\"https:\\\/\\\/www.encontrasantana.com.br\\\/sobre#listItem\",\"name\":\"In\\u00edcio\"}},{\"@type\":\"ListItem\",\"@id\":\"https:\\\/\\\/www.encontrasantana.com.br\\\/sobre\\\/estudantes-ficam-3-horas-em-fila-de-posto-da-sptrans-em-santana\\\/#listItem\",\"position\":3,\"name\":\"Estudantes ficam 3 horas em fila de posto da SPTrans em Santana\",\"previousItem\":{\"@type\":\"ListItem\",\"@id\":\"https:\\\/\\\/www.encontrasantana.com.br\\\/sobre\\\/noticias-em-santana\\\/#listItem\",\"name\":\"Not\\u00edcias Santana\"}}]},{\"@type\":\"Organization\",\"@id\":\"https:\\\/\\\/www.encontrasantana.com.br\\\/sobre\\\/#organization\",\"name\":\"Encontra Santana\",\"description\":\"Not\\u00edcias, eventos, informa\\u00e7\\u00f5es e dicas no bairro de Santana e regi\\u00e3o.\",\"url\":\"https:\\\/\\\/www.encontrasantana.com.br\\\/sobre\\\/\"},{\"@type\":\"Person\",\"@id\":\"https:\\\/\\\/www.encontrasantana.com.br\\\/sobre\\\/author\\\/esantana\\\/#author\",\"url\":\"https:\\\/\\\/www.encontrasantana.com.br\\\/sobre\\\/author\\\/esantana\\\/\",\"name\":\"Encontra Santana\",\"image\":{\"@type\":\"ImageObject\",\"@id\":\"https:\\\/\\\/www.encontrasantana.com.br\\\/sobre\\\/estudantes-ficam-3-horas-em-fila-de-posto-da-sptrans-em-santana\\\/#authorImage\",\"url\":\"https:\\\/\\\/secure.gravatar.com\\\/avatar\\\/0fbed662e37531ae23e68f85f9517b2454e50c1dfebf80eb9b721449ac95e0b9?s=96&d=mm&r=g\",\"width\":96,\"height\":96,\"caption\":\"Encontra Santana\"}},{\"@type\":\"WebPage\",\"@id\":\"https:\\\/\\\/www.encontrasantana.com.br\\\/sobre\\\/estudantes-ficam-3-horas-em-fila-de-posto-da-sptrans-em-santana\\\/#webpage\",\"url\":\"https:\\\/\\\/www.encontrasantana.com.br\\\/sobre\\\/estudantes-ficam-3-horas-em-fila-de-posto-da-sptrans-em-santana\\\/\",\"name\":\"Estudantes ficam 3 horas em fila de posto da SPTrans em Santana \\u00bb Encontra Santana\",\"description\":\"Mais de 200 pessoas formavam uma fila de tr\\u00eas horas de espera em um posto da SPTrans em Santana (zona norte de SP), na manh\\u00e3 de ontem, para solicitar servi\\u00e7os da empresa. Por volta das 10h, a reportagem esteve no local e a fila dobrava o quarteir\\u00e3o. A maioria das pessoas que aguardavam na fila era\",\"inLanguage\":\"pt-BR\",\"isPartOf\":{\"@id\":\"https:\\\/\\\/www.encontrasantana.com.br\\\/sobre\\\/#website\"},\"breadcrumb\":{\"@id\":\"https:\\\/\\\/www.encontrasantana.com.br\\\/sobre\\\/estudantes-ficam-3-horas-em-fila-de-posto-da-sptrans-em-santana\\\/#breadcrumblist\"},\"author\":{\"@id\":\"https:\\\/\\\/www.encontrasantana.com.br\\\/sobre\\\/author\\\/esantana\\\/#author\"},\"creator\":{\"@id\":\"https:\\\/\\\/www.encontrasantana.com.br\\\/sobre\\\/author\\\/esantana\\\/#author\"},\"datePublished\":\"2012-02-08T16:56:13-03:00\",\"dateModified\":\"2019-04-15T10:00:35-03:00\"},{\"@type\":\"WebSite\",\"@id\":\"https:\\\/\\\/www.encontrasantana.com.br\\\/sobre\\\/#website\",\"url\":\"https:\\\/\\\/www.encontrasantana.com.br\\\/sobre\\\/\",\"name\":\"Encontra Santana\",\"description\":\"Not\\u00edcias, eventos, informa\\u00e7\\u00f5es e dicas no bairro de Santana e regi\\u00e3o.\",\"inLanguage\":\"pt-BR\",\"publisher\":{\"@id\":\"https:\\\/\\\/www.encontrasantana.com.br\\\/sobre\\\/#organization\"}}]}\n\t\t<\/script>\n\t\t<!-- All in One SEO -->\n\n","aioseo_head_json":{"title":"Estudantes ficam 3 horas em fila de posto da SPTrans em Santana \u00bb Encontra Santana","description":"Mais de 200 pessoas formavam uma fila de tr\u00eas horas de espera em um posto da SPTrans em Santana (zona norte de SP), na manh\u00e3 de ontem, para solicitar servi\u00e7os da empresa. Por volta das 10h, a reportagem esteve no local e a fila dobrava o quarteir\u00e3o. A maioria das pessoas que aguardavam na fila era","canonical_url":"https:\/\/www.encontrasantana.com.br\/sobre\/estudantes-ficam-3-horas-em-fila-de-posto-da-sptrans-em-santana\/","robots":"max-image-preview:large","keywords":"","webmasterTools":{"miscellaneous":""},"schema":{"@context":"https:\/\/schema.org","@graph":[{"@type":"Article","@id":"https:\/\/www.encontrasantana.com.br\/sobre\/estudantes-ficam-3-horas-em-fila-de-posto-da-sptrans-em-santana\/#article","name":"Estudantes ficam 3 horas em fila de posto da SPTrans em Santana \u00bb Encontra Santana","headline":"Estudantes ficam 3 horas em fila de posto da SPTrans em Santana","author":{"@id":"https:\/\/www.encontrasantana.com.br\/sobre\/author\/esantana\/#author"},"publisher":{"@id":"https:\/\/www.encontrasantana.com.br\/sobre\/#organization"},"datePublished":"2012-02-08T16:56:13-03:00","dateModified":"2019-04-15T10:00:35-03:00","inLanguage":"pt-BR","mainEntityOfPage":{"@id":"https:\/\/www.encontrasantana.com.br\/sobre\/estudantes-ficam-3-horas-em-fila-de-posto-da-sptrans-em-santana\/#webpage"},"isPartOf":{"@id":"https:\/\/www.encontrasantana.com.br\/sobre\/estudantes-ficam-3-horas-em-fila-de-posto-da-sptrans-em-santana\/#webpage"},"articleSection":"Not\u00edcias Santana, Santana"},{"@type":"BreadcrumbList","@id":"https:\/\/www.encontrasantana.com.br\/sobre\/estudantes-ficam-3-horas-em-fila-de-posto-da-sptrans-em-santana\/#breadcrumblist","itemListElement":[{"@type":"ListItem","@id":"https:\/\/www.encontrasantana.com.br\/sobre#listItem","position":1,"name":"In\u00edcio","item":"https:\/\/www.encontrasantana.com.br\/sobre","nextItem":{"@type":"ListItem","@id":"https:\/\/www.encontrasantana.com.br\/sobre\/noticias-em-santana\/#listItem","name":"Not\u00edcias Santana"}},{"@type":"ListItem","@id":"https:\/\/www.encontrasantana.com.br\/sobre\/noticias-em-santana\/#listItem","position":2,"name":"Not\u00edcias Santana","item":"https:\/\/www.encontrasantana.com.br\/sobre\/noticias-em-santana\/","nextItem":{"@type":"ListItem","@id":"https:\/\/www.encontrasantana.com.br\/sobre\/estudantes-ficam-3-horas-em-fila-de-posto-da-sptrans-em-santana\/#listItem","name":"Estudantes ficam 3 horas em fila de posto da SPTrans em Santana"},"previousItem":{"@type":"ListItem","@id":"https:\/\/www.encontrasantana.com.br\/sobre#listItem","name":"In\u00edcio"}},{"@type":"ListItem","@id":"https:\/\/www.encontrasantana.com.br\/sobre\/estudantes-ficam-3-horas-em-fila-de-posto-da-sptrans-em-santana\/#listItem","position":3,"name":"Estudantes ficam 3 horas em fila de posto da SPTrans em Santana","previousItem":{"@type":"ListItem","@id":"https:\/\/www.encontrasantana.com.br\/sobre\/noticias-em-santana\/#listItem","name":"Not\u00edcias Santana"}}]},{"@type":"Organization","@id":"https:\/\/www.encontrasantana.com.br\/sobre\/#organization","name":"Encontra Santana","description":"Not\u00edcias, eventos, informa\u00e7\u00f5es e dicas no bairro de Santana e regi\u00e3o.","url":"https:\/\/www.encontrasantana.com.br\/sobre\/"},{"@type":"Person","@id":"https:\/\/www.encontrasantana.com.br\/sobre\/author\/esantana\/#author","url":"https:\/\/www.encontrasantana.com.br\/sobre\/author\/esantana\/","name":"Encontra Santana","image":{"@type":"ImageObject","@id":"https:\/\/www.encontrasantana.com.br\/sobre\/estudantes-ficam-3-horas-em-fila-de-posto-da-sptrans-em-santana\/#authorImage","url":"https:\/\/secure.gravatar.com\/avatar\/0fbed662e37531ae23e68f85f9517b2454e50c1dfebf80eb9b721449ac95e0b9?s=96&d=mm&r=g","width":96,"height":96,"caption":"Encontra Santana"}},{"@type":"WebPage","@id":"https:\/\/www.encontrasantana.com.br\/sobre\/estudantes-ficam-3-horas-em-fila-de-posto-da-sptrans-em-santana\/#webpage","url":"https:\/\/www.encontrasantana.com.br\/sobre\/estudantes-ficam-3-horas-em-fila-de-posto-da-sptrans-em-santana\/","name":"Estudantes ficam 3 horas em fila de posto da SPTrans em Santana \u00bb Encontra Santana","description":"Mais de 200 pessoas formavam uma fila de tr\u00eas horas de espera em um posto da SPTrans em Santana (zona norte de SP), na manh\u00e3 de ontem, para solicitar servi\u00e7os da empresa. Por volta das 10h, a reportagem esteve no local e a fila dobrava o quarteir\u00e3o. A maioria das pessoas que aguardavam na fila era","inLanguage":"pt-BR","isPartOf":{"@id":"https:\/\/www.encontrasantana.com.br\/sobre\/#website"},"breadcrumb":{"@id":"https:\/\/www.encontrasantana.com.br\/sobre\/estudantes-ficam-3-horas-em-fila-de-posto-da-sptrans-em-santana\/#breadcrumblist"},"author":{"@id":"https:\/\/www.encontrasantana.com.br\/sobre\/author\/esantana\/#author"},"creator":{"@id":"https:\/\/www.encontrasantana.com.br\/sobre\/author\/esantana\/#author"},"datePublished":"2012-02-08T16:56:13-03:00","dateModified":"2019-04-15T10:00:35-03:00"},{"@type":"WebSite","@id":"https:\/\/www.encontrasantana.com.br\/sobre\/#website","url":"https:\/\/www.encontrasantana.com.br\/sobre\/","name":"Encontra Santana","description":"Not\u00edcias, eventos, informa\u00e7\u00f5es e dicas no bairro de Santana e regi\u00e3o.","inLanguage":"pt-BR","publisher":{"@id":"https:\/\/www.encontrasantana.com.br\/sobre\/#organization"}}]},"og:locale":"pt_BR","og:site_name":"Encontra Santana | Not\u00edcias, eventos, informa\u00e7\u00f5es e dicas no bairro de Santana e regi\u00e3o.","og:type":"article","og:title":"Estudantes ficam 3 horas em fila de posto da SPTrans em Santana \u00bb Encontra Santana","og:description":"Mais de 200 pessoas formavam uma fila de tr\u00eas horas de espera em um posto da SPTrans em Santana (zona norte de SP), na manh\u00e3 de ontem, para solicitar servi\u00e7os da empresa. Por volta das 10h, a reportagem esteve no local e a fila dobrava o quarteir\u00e3o. A maioria das pessoas que aguardavam na fila era","og:url":"https:\/\/www.encontrasantana.com.br\/sobre\/estudantes-ficam-3-horas-em-fila-de-posto-da-sptrans-em-santana\/","article:published_time":"2012-02-08T19:56:13+00:00","article:modified_time":"2019-04-15T13:00:35+00:00","twitter:card":"summary","twitter:title":"Estudantes ficam 3 horas em fila de posto da SPTrans em Santana \u00bb Encontra Santana","twitter:description":"Mais de 200 pessoas formavam uma fila de tr\u00eas horas de espera em um posto da SPTrans em Santana (zona norte de SP), na manh\u00e3 de ontem, para solicitar servi\u00e7os da empresa. Por volta das 10h, a reportagem esteve no local e a fila dobrava o quarteir\u00e3o. A maioria das pessoas que aguardavam na fila era"},"aioseo_meta_data":{"post_id":"9332","title":null,"description":null,"keywords":null,"keyphrases":null,"primary_term":null,"canonical_url":null,"og_title":null,"og_description":null,"og_object_type":"default","og_image_type":"default","og_image_url":null,"og_image_width":null,"og_image_height":null,"og_image_custom_url":null,"og_image_custom_fields":null,"og_video":null,"og_custom_url":null,"og_article_section":null,"og_article_tags":null,"twitter_use_og":false,"twitter_card":"default","twitter_image_type":"default","twitter_image_url":null,"twitter_image_custom_url":null,"twitter_image_custom_fields":null,"twitter_title":null,"twitter_description":null,"schema":{"blockGraphs":[],"customGraphs":[],"default":{"data":{"Article":[],"Course":[],"Dataset":[],"FAQPage":[],"Movie":[],"Person":[],"Product":[],"ProductReview":[],"Car":[],"Recipe":[],"Service":[],"SoftwareApplication":[],"WebPage":[]},"graphName":"Article","isEnabled":true},"graphs":[]},"schema_type":null,"schema_type_options":null,"pillar_content":false,"robots_default":true,"robots_noindex":false,"robots_noarchive":false,"robots_nosnippet":false,"robots_nofollow":false,"robots_noimageindex":false,"robots_noodp":false,"robots_notranslate":false,"robots_max_snippet":null,"robots_max_videopreview":null,"robots_max_imagepreview":"large","priority":null,"frequency":null,"local_seo":null,"limit_modified_date":false,"created":"2021-04-21 01:06:45","updated":"2026-08-06 10:39:26","focus_keyword":null,"additional_keywords":null,"truseo_locale":null,"ai":null,"breadcrumb_settings":null,"seo_analyzer_scan_date":null},"aioseo_breadcrumb":"<div class=\"aioseo-breadcrumbs\"><span class=\"aioseo-breadcrumb\">\n\t\t\t<a href=\"https:\/\/www.encontrasantana.com.br\/sobre\" title=\"In\u00edcio\">In\u00edcio<\/a>\n\t\t<\/span><span class=\"aioseo-breadcrumb-separator\">&raquo;<\/span><span class=\"aioseo-breadcrumb\">\n\t\t\t<a href=\"https:\/\/www.encontrasantana.com.br\/sobre\/noticias-em-santana\/\" title=\"Not\u00edcias Santana\">Not\u00edcias Santana<\/a>\n\t\t<\/span><span class=\"aioseo-breadcrumb-separator\">&raquo;<\/span><span class=\"aioseo-breadcrumb\">\n\t\t\tEstudantes ficam 3 horas em fila de posto da SPTrans em Santana\n\t\t<\/span><\/div>","aioseo_breadcrumb_json":[{"label":"In\u00edcio","link":"https:\/\/www.encontrasantana.com.br\/sobre"},{"label":"Not\u00edcias Santana","link":"https:\/\/www.encontrasantana.com.br\/sobre\/noticias-em-santana\/"},{"label":"Estudantes ficam 3 horas em fila de posto da SPTrans em Santana","link":"https:\/\/www.encontrasantana.com.br\/sobre\/estudantes-ficam-3-horas-em-fila-de-posto-da-sptrans-em-santana\/"}],"_links":{"self":[{"href":"https:\/\/www.encontrasantana.com.br\/sobre\/wp-json\/wp\/v2\/posts\/9332","targetHints":{"allow":["GET"]}}],"collection":[{"href":"https:\/\/www.encontrasantana.com.br\/sobre\/wp-json\/wp\/v2\/posts"}],"about":[{"href":"https:\/\/www.encontrasantana.com.br\/sobre\/wp-json\/wp\/v2\/types\/post"}],"author":[{"embeddable":true,"href":"https:\/\/www.encontrasantana.com.br\/sobre\/wp-json\/wp\/v2\/users\/1"}],"replies":[{"embeddable":true,"href":"https:\/\/www.encontrasantana.com.br\/sobre\/wp-json\/wp\/v2\/comments?post=9332"}],"version-history":[{"count":0,"href":"https:\/\/www.encontrasantana.com.br\/sobre\/wp-json\/wp\/v2\/posts\/9332\/revisions"}],"wp:attachment":[{"href":"https:\/\/www.encontrasantana.com.br\/sobre\/wp-json\/wp\/v2\/media?parent=9332"}],"wp:term":[{"taxonomy":"category","embeddable":true,"href":"https:\/\/www.encontrasantana.com.br\/sobre\/wp-json\/wp\/v2\/categories?post=9332"},{"taxonomy":"post_tag","embeddable":true,"href":"https:\/\/www.encontrasantana.com.br\/sobre\/wp-json\/wp\/v2\/tags?post=9332"}],"curies":[{"name":"wp","href":"https:\/\/api.w.org\/{rel}","templated":true}]}}