{"id":946,"date":"2011-04-11T18:32:15","date_gmt":"2011-04-11T21:32:15","guid":{"rendered":"http:\/\/www.encontrasantana.com.br\/blog\/?p=946"},"modified":"2019-04-15T10:03:59","modified_gmt":"2019-04-15T13:03:59","slug":"cat-santana-seleciona-profissionais-para-o-preenchimento-de-382-vagas-temporarias","status":"publish","type":"post","link":"https:\/\/www.encontrasantana.com.br\/sobre\/cat-santana-seleciona-profissionais-para-o-preenchimento-de-382-vagas-temporarias\/","title":{"rendered":"CAT Santana seleciona profissionais para o preenchimento de 382 vagas tempor\u00e1rias"},"content":{"rendered":"<div class=\"1acf8468e559fd3cbeec5aee3a269a52\" data-index=\"1\" style=\"float: none; margin:0px;\">\n<!-- Anuncio display - global -->\r\n<ins class=\"adsbygoogle\"\r\n     style=\"display:block\"\r\n     data-ad-client=\"ca-pub-8585364105181520\"\r\n     data-ad-slot=\"8789329856\"\r\n     data-ad-format=\"auto\"\r\n     data-full-width-responsive=\"true\"><\/ins>\r\n<script>\r\n     (adsbygoogle = window.adsbygoogle || []).push({});\r\n<\/script>\n<\/div>\n<p>Os t\u00e9cnicos do Centro de Apoio ao Trabalho (CAT), da Prefeitura de S\u00e3o Paulo, prepararam um processo seletivo com 382 ofertas de trabalho tempor\u00e1rio para diversas fun\u00e7\u00f5es, por per\u00edodo que varia de dois a tr\u00eas meses, dependendo da empresa contratante. A sele\u00e7\u00e3o come\u00e7a nesta segunda-feira (11\/4). Segundo a supervisora do departamento de capta\u00e7\u00e3o de vagas, Claudenice Quit\u00e9ria da Silva, esse tipo de emprego pode ser a porta de entrada para a contrata\u00e7\u00e3o definitiva do trabalhador.<\/p>\n<p>\u201cO trabalho tempor\u00e1rio ajuda financeiramente o desempregado e \u00e9 uma excelente oportunidade para quem j\u00e1 tem experi\u00eancia mostrar seu potencial e, quem sabe, antes ou ao final do contrato ser efetivado\u201d, afirma. \u201cAl\u00e9m disso, o servi\u00e7o tempor\u00e1rio \u00e9 uma chance para quem est\u00e1 com dificuldades em conseguir o primeiro emprego, devido \u00e0 falta de experi\u00eancia. Durante o contrato, o profissional recebe treinamento e pode prestar servi\u00e7o em mais de uma \u00e1rea, o que permite saber onde realmente deseja investir seu futuro profissional\u201d, explica a t\u00e9cnica.<\/p>\n<p>No CAT, h\u00e1 vagas em regime de trabalho tempor\u00e1rio para ajudantes de carga e descarga ou cozinha, cozinheiro, arrumadeira de hotel, camareira, auxiliares de cobran\u00e7a e limpeza, azulejista, conferente, eletricista, gar\u00e7om, gesseiro, instalador de tubula\u00e7\u00f5es ou hidr\u00e1ulico, jardineiro, operadores de telemarketing ativo e receptivo, pedreiro, pintores de alvenaria ou casa, porteiro, promotor de vendas e t\u00e9cnico de contabilidade.<\/p>\n<p>Para se inscrever, o candidato deve comparecer a um dos endere\u00e7os do CAT mais pr\u00f3ximo de sua resid\u00eancia e apresentar Carteira de Trabalho, RG e CPF (originais).<\/p>\n<p><strong><a href=\"http:\/\/www.encontrasantana.com.br\/santana\/cat-em-santana.shtml\" target=\"_blank\">CAT Santana<\/a><\/strong><br \/>\nRua Volunt\u00e1rios da P\u00e1tria, 1.553<br \/>\nSegunda a sexta-feira: 7h \u00e1s 18h<br \/>\nS\u00e1bado: 7h \u00e0s 13h<\/p>\n<p><em>Fonte: Prefeitura de S\u00e3o Paulo<\/em><\/p>\n\n<div style=\"font-size: 0px; height: 0px; line-height: 0px; margin: 0; padding: 0; clear: both;\"><\/div>","protected":false},"excerpt":{"rendered":"<p>Os t\u00e9cnicos do Centro de Apoio ao Trabalho (CAT), da Prefeitura de S\u00e3o Paulo, prepararam um processo seletivo com 382 ofertas de trabalho tempor\u00e1rio para diversas fun\u00e7\u00f5es, por per\u00edodo que varia de dois a tr\u00eas meses, dependendo da empresa contratante. A sele\u00e7\u00e3o come\u00e7a nesta segunda-feira (11\/4). Segundo a supervisora do departamento de capta\u00e7\u00e3o de vagas, Claudenice Quit\u00e9ria da Silva, esse tipo de emprego pode ser a porta de entrada para a contrata\u00e7\u00e3o definitiva do trabalhador. \u201cO trabalho tempor\u00e1rio ajuda financeiramente o desempregado e \u00e9 uma excelente oportunidade para quem j\u00e1 tem experi\u00eancia mostrar seu potencial e, quem sabe, antes ou <\/p>\n","protected":false},"author":1,"featured_media":0,"comment_status":"open","ping_status":"closed","sticky":false,"template":"","format":"standard","meta":{"footnotes":""},"categories":[7],"tags":[10],"class_list":["post-946","post","type-post","status-publish","format-standard","hentry","category-empregos-em-santana","tag-santana"],"aioseo_notices":[],"aioseo_head":"\n\t\t<!-- All in One SEO 5.0.0.1 - aioseo.com -->\n\t<meta name=\"description\" content=\"Os t\u00e9cnicos do Centro de Apoio ao Trabalho (CAT), da Prefeitura de S\u00e3o Paulo, prepararam um processo seletivo com 382 ofertas de trabalho tempor\u00e1rio para diversas fun\u00e7\u00f5es, por per\u00edodo que varia de dois a tr\u00eas meses, dependendo da empresa contratante. A sele\u00e7\u00e3o come\u00e7a nesta segunda-feira (11\/4). Segundo a supervisora do departamento de capta\u00e7\u00e3o de vagas,\" \/>\n\t<meta name=\"robots\" content=\"max-image-preview:large\" \/>\n\t<meta name=\"author\" content=\"Encontra Santana\"\/>\n\t<link rel=\"canonical\" href=\"https:\/\/www.encontrasantana.com.br\/sobre\/cat-santana-seleciona-profissionais-para-o-preenchimento-de-382-vagas-temporarias\/\" \/>\n\t<meta name=\"generator\" content=\"All in One SEO (AIOSEO) 5.0.0.1\" \/>\n\t\t<meta property=\"og:locale\" content=\"pt_BR\" \/>\n\t\t<meta property=\"og:site_name\" content=\"Encontra Santana | Not\u00edcias, eventos, informa\u00e7\u00f5es e dicas no bairro de Santana e regi\u00e3o.\" \/>\n\t\t<meta property=\"og:type\" content=\"article\" \/>\n\t\t<meta property=\"og:title\" content=\"CAT Santana seleciona profissionais para o preenchimento de 382 vagas tempor\u00e1rias \u00bb Encontra Santana\" \/>\n\t\t<meta property=\"og:description\" content=\"Os t\u00e9cnicos do Centro de Apoio ao Trabalho (CAT), da Prefeitura de S\u00e3o Paulo, prepararam um processo seletivo com 382 ofertas de trabalho tempor\u00e1rio para diversas fun\u00e7\u00f5es, por per\u00edodo que varia de dois a tr\u00eas meses, dependendo da empresa contratante. A sele\u00e7\u00e3o come\u00e7a nesta segunda-feira (11\/4). Segundo a supervisora do departamento de capta\u00e7\u00e3o de vagas,\" \/>\n\t\t<meta property=\"og:url\" content=\"https:\/\/www.encontrasantana.com.br\/sobre\/cat-santana-seleciona-profissionais-para-o-preenchimento-de-382-vagas-temporarias\/\" \/>\n\t\t<meta property=\"article:published_time\" content=\"2011-04-11T21:32:15+00:00\" \/>\n\t\t<meta property=\"article:modified_time\" content=\"2019-04-15T13:03:59+00:00\" \/>\n\t\t<meta name=\"twitter:card\" content=\"summary\" \/>\n\t\t<meta name=\"twitter:title\" content=\"CAT Santana seleciona profissionais para o preenchimento de 382 vagas tempor\u00e1rias \u00bb Encontra Santana\" \/>\n\t\t<meta name=\"twitter:description\" content=\"Os t\u00e9cnicos do Centro de Apoio ao Trabalho (CAT), da Prefeitura de S\u00e3o Paulo, prepararam um processo seletivo com 382 ofertas de trabalho tempor\u00e1rio para diversas fun\u00e7\u00f5es, por per\u00edodo que varia de dois a tr\u00eas meses, dependendo da empresa contratante. A sele\u00e7\u00e3o come\u00e7a nesta segunda-feira (11\/4). Segundo a supervisora do departamento de capta\u00e7\u00e3o de vagas,\" \/>\n\t\t<script type=\"application\/ld+json\" class=\"aioseo-schema\">\n\t\t\t{\"@context\":\"https:\\\/\\\/schema.org\",\"@graph\":[{\"@type\":\"Article\",\"@id\":\"https:\\\/\\\/www.encontrasantana.com.br\\\/sobre\\\/cat-santana-seleciona-profissionais-para-o-preenchimento-de-382-vagas-temporarias\\\/#article\",\"name\":\"CAT Santana seleciona profissionais para o preenchimento de 382 vagas tempor\\u00e1rias \\u00bb Encontra Santana\",\"headline\":\"CAT Santana seleciona profissionais para o preenchimento de 382 vagas tempor\\u00e1rias\",\"author\":{\"@id\":\"https:\\\/\\\/www.encontrasantana.com.br\\\/sobre\\\/author\\\/esantana\\\/#author\"},\"publisher\":{\"@id\":\"https:\\\/\\\/www.encontrasantana.com.br\\\/sobre\\\/#organization\"},\"datePublished\":\"2011-04-11T18:32:15-03:00\",\"dateModified\":\"2019-04-15T10:03:59-03:00\",\"inLanguage\":\"pt-BR\",\"mainEntityOfPage\":{\"@id\":\"https:\\\/\\\/www.encontrasantana.com.br\\\/sobre\\\/cat-santana-seleciona-profissionais-para-o-preenchimento-de-382-vagas-temporarias\\\/#webpage\"},\"isPartOf\":{\"@id\":\"https:\\\/\\\/www.encontrasantana.com.br\\\/sobre\\\/cat-santana-seleciona-profissionais-para-o-preenchimento-de-382-vagas-temporarias\\\/#webpage\"},\"articleSection\":\"Empregos Santana, Santana\"},{\"@type\":\"BreadcrumbList\",\"@id\":\"https:\\\/\\\/www.encontrasantana.com.br\\\/sobre\\\/cat-santana-seleciona-profissionais-para-o-preenchimento-de-382-vagas-temporarias\\\/#breadcrumblist\",\"itemListElement\":[{\"@type\":\"ListItem\",\"@id\":\"https:\\\/\\\/www.encontrasantana.com.br\\\/sobre#listItem\",\"position\":1,\"name\":\"In\\u00edcio\",\"item\":\"https:\\\/\\\/www.encontrasantana.com.br\\\/sobre\",\"nextItem\":{\"@type\":\"ListItem\",\"@id\":\"https:\\\/\\\/www.encontrasantana.com.br\\\/sobre\\\/empregos-em-santana\\\/#listItem\",\"name\":\"Empregos Santana\"}},{\"@type\":\"ListItem\",\"@id\":\"https:\\\/\\\/www.encontrasantana.com.br\\\/sobre\\\/empregos-em-santana\\\/#listItem\",\"position\":2,\"name\":\"Empregos Santana\",\"item\":\"https:\\\/\\\/www.encontrasantana.com.br\\\/sobre\\\/empregos-em-santana\\\/\",\"nextItem\":{\"@type\":\"ListItem\",\"@id\":\"https:\\\/\\\/www.encontrasantana.com.br\\\/sobre\\\/cat-santana-seleciona-profissionais-para-o-preenchimento-de-382-vagas-temporarias\\\/#listItem\",\"name\":\"CAT Santana seleciona profissionais para o preenchimento de 382 vagas tempor\\u00e1rias\"},\"previousItem\":{\"@type\":\"ListItem\",\"@id\":\"https:\\\/\\\/www.encontrasantana.com.br\\\/sobre#listItem\",\"name\":\"In\\u00edcio\"}},{\"@type\":\"ListItem\",\"@id\":\"https:\\\/\\\/www.encontrasantana.com.br\\\/sobre\\\/cat-santana-seleciona-profissionais-para-o-preenchimento-de-382-vagas-temporarias\\\/#listItem\",\"position\":3,\"name\":\"CAT Santana seleciona profissionais para o preenchimento de 382 vagas tempor\\u00e1rias\",\"previousItem\":{\"@type\":\"ListItem\",\"@id\":\"https:\\\/\\\/www.encontrasantana.com.br\\\/sobre\\\/empregos-em-santana\\\/#listItem\",\"name\":\"Empregos Santana\"}}]},{\"@type\":\"Organization\",\"@id\":\"https:\\\/\\\/www.encontrasantana.com.br\\\/sobre\\\/#organization\",\"name\":\"Encontra Santana\",\"description\":\"Not\\u00edcias, eventos, informa\\u00e7\\u00f5es e dicas no bairro de Santana e regi\\u00e3o.\",\"url\":\"https:\\\/\\\/www.encontrasantana.com.br\\\/sobre\\\/\"},{\"@type\":\"Person\",\"@id\":\"https:\\\/\\\/www.encontrasantana.com.br\\\/sobre\\\/author\\\/esantana\\\/#author\",\"url\":\"https:\\\/\\\/www.encontrasantana.com.br\\\/sobre\\\/author\\\/esantana\\\/\",\"name\":\"Encontra Santana\",\"image\":{\"@type\":\"ImageObject\",\"@id\":\"https:\\\/\\\/www.encontrasantana.com.br\\\/sobre\\\/cat-santana-seleciona-profissionais-para-o-preenchimento-de-382-vagas-temporarias\\\/#authorImage\",\"url\":\"https:\\\/\\\/secure.gravatar.com\\\/avatar\\\/0fbed662e37531ae23e68f85f9517b2454e50c1dfebf80eb9b721449ac95e0b9?s=96&d=mm&r=g\",\"width\":96,\"height\":96,\"caption\":\"Encontra Santana\"}},{\"@type\":\"WebPage\",\"@id\":\"https:\\\/\\\/www.encontrasantana.com.br\\\/sobre\\\/cat-santana-seleciona-profissionais-para-o-preenchimento-de-382-vagas-temporarias\\\/#webpage\",\"url\":\"https:\\\/\\\/www.encontrasantana.com.br\\\/sobre\\\/cat-santana-seleciona-profissionais-para-o-preenchimento-de-382-vagas-temporarias\\\/\",\"name\":\"CAT Santana seleciona profissionais para o preenchimento de 382 vagas tempor\\u00e1rias \\u00bb Encontra Santana\",\"description\":\"Os t\\u00e9cnicos do Centro de Apoio ao Trabalho (CAT), da Prefeitura de S\\u00e3o Paulo, prepararam um processo seletivo com 382 ofertas de trabalho tempor\\u00e1rio para diversas fun\\u00e7\\u00f5es, por per\\u00edodo que varia de dois a tr\\u00eas meses, dependendo da empresa contratante. A sele\\u00e7\\u00e3o come\\u00e7a nesta segunda-feira (11\\\/4). Segundo a supervisora do departamento de capta\\u00e7\\u00e3o de vagas,\",\"inLanguage\":\"pt-BR\",\"isPartOf\":{\"@id\":\"https:\\\/\\\/www.encontrasantana.com.br\\\/sobre\\\/#website\"},\"breadcrumb\":{\"@id\":\"https:\\\/\\\/www.encontrasantana.com.br\\\/sobre\\\/cat-santana-seleciona-profissionais-para-o-preenchimento-de-382-vagas-temporarias\\\/#breadcrumblist\"},\"author\":{\"@id\":\"https:\\\/\\\/www.encontrasantana.com.br\\\/sobre\\\/author\\\/esantana\\\/#author\"},\"creator\":{\"@id\":\"https:\\\/\\\/www.encontrasantana.com.br\\\/sobre\\\/author\\\/esantana\\\/#author\"},\"datePublished\":\"2011-04-11T18:32:15-03:00\",\"dateModified\":\"2019-04-15T10:03:59-03:00\"},{\"@type\":\"WebSite\",\"@id\":\"https:\\\/\\\/www.encontrasantana.com.br\\\/sobre\\\/#website\",\"url\":\"https:\\\/\\\/www.encontrasantana.com.br\\\/sobre\\\/\",\"name\":\"Encontra Santana\",\"description\":\"Not\\u00edcias, eventos, informa\\u00e7\\u00f5es e dicas no bairro de Santana e regi\\u00e3o.\",\"inLanguage\":\"pt-BR\",\"publisher\":{\"@id\":\"https:\\\/\\\/www.encontrasantana.com.br\\\/sobre\\\/#organization\"}}]}\n\t\t<\/script>\n\t\t<!-- All in One SEO -->\n\n","aioseo_head_json":{"title":"CAT Santana seleciona profissionais para o preenchimento de 382 vagas tempor\u00e1rias \u00bb Encontra Santana","description":"Os t\u00e9cnicos do Centro de Apoio ao Trabalho (CAT), da Prefeitura de S\u00e3o Paulo, prepararam um processo seletivo com 382 ofertas de trabalho tempor\u00e1rio para diversas fun\u00e7\u00f5es, por per\u00edodo que varia de dois a tr\u00eas meses, dependendo da empresa contratante. A sele\u00e7\u00e3o come\u00e7a nesta segunda-feira (11\/4). Segundo a supervisora do departamento de capta\u00e7\u00e3o de vagas,","canonical_url":"https:\/\/www.encontrasantana.com.br\/sobre\/cat-santana-seleciona-profissionais-para-o-preenchimento-de-382-vagas-temporarias\/","robots":"max-image-preview:large","keywords":"","webmasterTools":{"miscellaneous":""},"schema":{"@context":"https:\/\/schema.org","@graph":[{"@type":"Article","@id":"https:\/\/www.encontrasantana.com.br\/sobre\/cat-santana-seleciona-profissionais-para-o-preenchimento-de-382-vagas-temporarias\/#article","name":"CAT Santana seleciona profissionais para o preenchimento de 382 vagas tempor\u00e1rias \u00bb Encontra Santana","headline":"CAT Santana seleciona profissionais para o preenchimento de 382 vagas tempor\u00e1rias","author":{"@id":"https:\/\/www.encontrasantana.com.br\/sobre\/author\/esantana\/#author"},"publisher":{"@id":"https:\/\/www.encontrasantana.com.br\/sobre\/#organization"},"datePublished":"2011-04-11T18:32:15-03:00","dateModified":"2019-04-15T10:03:59-03:00","inLanguage":"pt-BR","mainEntityOfPage":{"@id":"https:\/\/www.encontrasantana.com.br\/sobre\/cat-santana-seleciona-profissionais-para-o-preenchimento-de-382-vagas-temporarias\/#webpage"},"isPartOf":{"@id":"https:\/\/www.encontrasantana.com.br\/sobre\/cat-santana-seleciona-profissionais-para-o-preenchimento-de-382-vagas-temporarias\/#webpage"},"articleSection":"Empregos Santana, Santana"},{"@type":"BreadcrumbList","@id":"https:\/\/www.encontrasantana.com.br\/sobre\/cat-santana-seleciona-profissionais-para-o-preenchimento-de-382-vagas-temporarias\/#breadcrumblist","itemListElement":[{"@type":"ListItem","@id":"https:\/\/www.encontrasantana.com.br\/sobre#listItem","position":1,"name":"In\u00edcio","item":"https:\/\/www.encontrasantana.com.br\/sobre","nextItem":{"@type":"ListItem","@id":"https:\/\/www.encontrasantana.com.br\/sobre\/empregos-em-santana\/#listItem","name":"Empregos Santana"}},{"@type":"ListItem","@id":"https:\/\/www.encontrasantana.com.br\/sobre\/empregos-em-santana\/#listItem","position":2,"name":"Empregos Santana","item":"https:\/\/www.encontrasantana.com.br\/sobre\/empregos-em-santana\/","nextItem":{"@type":"ListItem","@id":"https:\/\/www.encontrasantana.com.br\/sobre\/cat-santana-seleciona-profissionais-para-o-preenchimento-de-382-vagas-temporarias\/#listItem","name":"CAT Santana seleciona profissionais para o preenchimento de 382 vagas tempor\u00e1rias"},"previousItem":{"@type":"ListItem","@id":"https:\/\/www.encontrasantana.com.br\/sobre#listItem","name":"In\u00edcio"}},{"@type":"ListItem","@id":"https:\/\/www.encontrasantana.com.br\/sobre\/cat-santana-seleciona-profissionais-para-o-preenchimento-de-382-vagas-temporarias\/#listItem","position":3,"name":"CAT Santana seleciona profissionais para o preenchimento de 382 vagas tempor\u00e1rias","previousItem":{"@type":"ListItem","@id":"https:\/\/www.encontrasantana.com.br\/sobre\/empregos-em-santana\/#listItem","name":"Empregos Santana"}}]},{"@type":"Organization","@id":"https:\/\/www.encontrasantana.com.br\/sobre\/#organization","name":"Encontra Santana","description":"Not\u00edcias, eventos, informa\u00e7\u00f5es e dicas no bairro de Santana e regi\u00e3o.","url":"https:\/\/www.encontrasantana.com.br\/sobre\/"},{"@type":"Person","@id":"https:\/\/www.encontrasantana.com.br\/sobre\/author\/esantana\/#author","url":"https:\/\/www.encontrasantana.com.br\/sobre\/author\/esantana\/","name":"Encontra Santana","image":{"@type":"ImageObject","@id":"https:\/\/www.encontrasantana.com.br\/sobre\/cat-santana-seleciona-profissionais-para-o-preenchimento-de-382-vagas-temporarias\/#authorImage","url":"https:\/\/secure.gravatar.com\/avatar\/0fbed662e37531ae23e68f85f9517b2454e50c1dfebf80eb9b721449ac95e0b9?s=96&d=mm&r=g","width":96,"height":96,"caption":"Encontra Santana"}},{"@type":"WebPage","@id":"https:\/\/www.encontrasantana.com.br\/sobre\/cat-santana-seleciona-profissionais-para-o-preenchimento-de-382-vagas-temporarias\/#webpage","url":"https:\/\/www.encontrasantana.com.br\/sobre\/cat-santana-seleciona-profissionais-para-o-preenchimento-de-382-vagas-temporarias\/","name":"CAT Santana seleciona profissionais para o preenchimento de 382 vagas tempor\u00e1rias \u00bb Encontra Santana","description":"Os t\u00e9cnicos do Centro de Apoio ao Trabalho (CAT), da Prefeitura de S\u00e3o Paulo, prepararam um processo seletivo com 382 ofertas de trabalho tempor\u00e1rio para diversas fun\u00e7\u00f5es, por per\u00edodo que varia de dois a tr\u00eas meses, dependendo da empresa contratante. A sele\u00e7\u00e3o come\u00e7a nesta segunda-feira (11\/4). Segundo a supervisora do departamento de capta\u00e7\u00e3o de vagas,","inLanguage":"pt-BR","isPartOf":{"@id":"https:\/\/www.encontrasantana.com.br\/sobre\/#website"},"breadcrumb":{"@id":"https:\/\/www.encontrasantana.com.br\/sobre\/cat-santana-seleciona-profissionais-para-o-preenchimento-de-382-vagas-temporarias\/#breadcrumblist"},"author":{"@id":"https:\/\/www.encontrasantana.com.br\/sobre\/author\/esantana\/#author"},"creator":{"@id":"https:\/\/www.encontrasantana.com.br\/sobre\/author\/esantana\/#author"},"datePublished":"2011-04-11T18:32:15-03:00","dateModified":"2019-04-15T10:03:59-03:00"},{"@type":"WebSite","@id":"https:\/\/www.encontrasantana.com.br\/sobre\/#website","url":"https:\/\/www.encontrasantana.com.br\/sobre\/","name":"Encontra Santana","description":"Not\u00edcias, eventos, informa\u00e7\u00f5es e dicas no bairro de Santana e regi\u00e3o.","inLanguage":"pt-BR","publisher":{"@id":"https:\/\/www.encontrasantana.com.br\/sobre\/#organization"}}]},"og:locale":"pt_BR","og:site_name":"Encontra Santana | Not\u00edcias, eventos, informa\u00e7\u00f5es e dicas no bairro de Santana e regi\u00e3o.","og:type":"article","og:title":"CAT Santana seleciona profissionais para o preenchimento de 382 vagas tempor\u00e1rias \u00bb Encontra Santana","og:description":"Os t\u00e9cnicos do Centro de Apoio ao Trabalho (CAT), da Prefeitura de S\u00e3o Paulo, prepararam um processo seletivo com 382 ofertas de trabalho tempor\u00e1rio para diversas fun\u00e7\u00f5es, por per\u00edodo que varia de dois a tr\u00eas meses, dependendo da empresa contratante. A sele\u00e7\u00e3o come\u00e7a nesta segunda-feira (11\/4). Segundo a supervisora do departamento de capta\u00e7\u00e3o de vagas,","og:url":"https:\/\/www.encontrasantana.com.br\/sobre\/cat-santana-seleciona-profissionais-para-o-preenchimento-de-382-vagas-temporarias\/","article:published_time":"2011-04-11T21:32:15+00:00","article:modified_time":"2019-04-15T13:03:59+00:00","twitter:card":"summary","twitter:title":"CAT Santana seleciona profissionais para o preenchimento de 382 vagas tempor\u00e1rias \u00bb Encontra Santana","twitter:description":"Os t\u00e9cnicos do Centro de Apoio ao Trabalho (CAT), da Prefeitura de S\u00e3o Paulo, prepararam um processo seletivo com 382 ofertas de trabalho tempor\u00e1rio para diversas fun\u00e7\u00f5es, por per\u00edodo que varia de dois a tr\u00eas meses, dependendo da empresa contratante. A sele\u00e7\u00e3o come\u00e7a nesta segunda-feira (11\/4). Segundo a supervisora do departamento de capta\u00e7\u00e3o de vagas,"},"aioseo_meta_data":{"post_id":"946","title":null,"description":null,"keywords":null,"keyphrases":null,"primary_term":null,"canonical_url":null,"og_title":null,"og_description":null,"og_object_type":"default","og_image_type":"default","og_image_url":null,"og_image_width":null,"og_image_height":null,"og_image_custom_url":null,"og_image_custom_fields":null,"og_video":null,"og_custom_url":null,"og_article_section":null,"og_article_tags":null,"twitter_use_og":false,"twitter_card":"default","twitter_image_type":"default","twitter_image_url":null,"twitter_image_custom_url":null,"twitter_image_custom_fields":null,"twitter_title":null,"twitter_description":null,"schema":{"blockGraphs":[],"customGraphs":[],"default":{"data":{"Article":[],"Course":[],"Dataset":[],"FAQPage":[],"Movie":[],"Person":[],"Product":[],"ProductReview":[],"Car":[],"Recipe":[],"Service":[],"SoftwareApplication":[],"WebPage":[]},"graphName":"Article","isEnabled":true},"graphs":[]},"schema_type":null,"schema_type_options":null,"pillar_content":false,"robots_default":true,"robots_noindex":false,"robots_noarchive":false,"robots_nosnippet":false,"robots_nofollow":false,"robots_noimageindex":false,"robots_noodp":false,"robots_notranslate":false,"robots_max_snippet":null,"robots_max_videopreview":null,"robots_max_imagepreview":"large","priority":null,"frequency":null,"local_seo":null,"limit_modified_date":false,"created":"2021-04-20 21:26:10","updated":"2026-08-06 07:14:02","focus_keyword":null,"additional_keywords":null,"truseo_locale":null,"ai":null,"breadcrumb_settings":null,"seo_analyzer_scan_date":null},"aioseo_breadcrumb":"<div class=\"aioseo-breadcrumbs\"><span class=\"aioseo-breadcrumb\">\n\t\t\t<a href=\"https:\/\/www.encontrasantana.com.br\/sobre\" title=\"In\u00edcio\">In\u00edcio<\/a>\n\t\t<\/span><span class=\"aioseo-breadcrumb-separator\">&raquo;<\/span><span class=\"aioseo-breadcrumb\">\n\t\t\t<a href=\"https:\/\/www.encontrasantana.com.br\/sobre\/empregos-em-santana\/\" title=\"Empregos Santana\">Empregos Santana<\/a>\n\t\t<\/span><span class=\"aioseo-breadcrumb-separator\">&raquo;<\/span><span class=\"aioseo-breadcrumb\">\n\t\t\tCAT Santana seleciona profissionais para o preenchimento de 382 vagas tempor\u00e1rias\n\t\t<\/span><\/div>","aioseo_breadcrumb_json":[{"label":"In\u00edcio","link":"https:\/\/www.encontrasantana.com.br\/sobre"},{"label":"Empregos Santana","link":"https:\/\/www.encontrasantana.com.br\/sobre\/empregos-em-santana\/"},{"label":"CAT Santana seleciona profissionais para o preenchimento de 382 vagas tempor\u00e1rias","link":"https:\/\/www.encontrasantana.com.br\/sobre\/cat-santana-seleciona-profissionais-para-o-preenchimento-de-382-vagas-temporarias\/"}],"_links":{"self":[{"href":"https:\/\/www.encontrasantana.com.br\/sobre\/wp-json\/wp\/v2\/posts\/946","targetHints":{"allow":["GET"]}}],"collection":[{"href":"https:\/\/www.encontrasantana.com.br\/sobre\/wp-json\/wp\/v2\/posts"}],"about":[{"href":"https:\/\/www.encontrasantana.com.br\/sobre\/wp-json\/wp\/v2\/types\/post"}],"author":[{"embeddable":true,"href":"https:\/\/www.encontrasantana.com.br\/sobre\/wp-json\/wp\/v2\/users\/1"}],"replies":[{"embeddable":true,"href":"https:\/\/www.encontrasantana.com.br\/sobre\/wp-json\/wp\/v2\/comments?post=946"}],"version-history":[{"count":0,"href":"https:\/\/www.encontrasantana.com.br\/sobre\/wp-json\/wp\/v2\/posts\/946\/revisions"}],"wp:attachment":[{"href":"https:\/\/www.encontrasantana.com.br\/sobre\/wp-json\/wp\/v2\/media?parent=946"}],"wp:term":[{"taxonomy":"category","embeddable":true,"href":"https:\/\/www.encontrasantana.com.br\/sobre\/wp-json\/wp\/v2\/categories?post=946"},{"taxonomy":"post_tag","embeddable":true,"href":"https:\/\/www.encontrasantana.com.br\/sobre\/wp-json\/wp\/v2\/tags?post=946"}],"curies":[{"name":"wp","href":"https:\/\/api.w.org\/{rel}","templated":true}]}}