{"id":952,"date":"2011-04-13T19:30:42","date_gmt":"2011-04-13T22:30:42","guid":{"rendered":"http:\/\/www.encontrasantana.com.br\/blog\/?p=952"},"modified":"2019-04-15T10:03:58","modified_gmt":"2019-04-15T13:03:58","slug":"subprefeitura-de-santanatucuruvi-recebe-exposicao-de-equipemtnos-da-defesa-civil","status":"publish","type":"post","link":"https:\/\/www.encontrasantana.com.br\/sobre\/subprefeitura-de-santanatucuruvi-recebe-exposicao-de-equipemtnos-da-defesa-civil\/","title":{"rendered":"Subprefeitura de Santana\/Tucuruvi recebe exposi\u00e7\u00e3o de equipamentos da Defesa Civil"},"content":{"rendered":"<div class=\"1acf8468e559fd3cbeec5aee3a269a52\" data-index=\"1\" style=\"float: none; margin:0px;\">\n<!-- Anuncio display - global -->\r\n<ins class=\"adsbygoogle\"\r\n     style=\"display:block\"\r\n     data-ad-client=\"ca-pub-8585364105181520\"\r\n     data-ad-slot=\"8789329856\"\r\n     data-ad-format=\"auto\"\r\n     data-full-width-responsive=\"true\"><\/ins>\r\n<script>\r\n     (adsbygoogle = window.adsbygoogle || []).push({});\r\n<\/script>\n<\/div>\n<p>Nesta quinta-feira (14\/4), das 9h \u00e0s 17h, a Subprefeitura de Santana\/Tucuruvi receber\u00e1 a 1\u00aa exposi\u00e7\u00e3o de equipamentos utilizados pela Defesa Civil em ocorr\u00eancias de emeg\u00eancia. O p\u00fablico poder\u00e1 ver uma tenda de atendimento emergencial, uniformes, viaturas da Comdec (Coordena\u00e7\u00e3o Municipal da Defesa Civil) e diversos equipamentos que estar\u00e3o dispon\u00edveis para visita\u00e7\u00e3o p\u00fablica.<\/p>\n<p>O objetivo \u00e9 mostrar como atua, o que \u00e9 e quais os servi\u00e7os prestados para a comunidade que ter\u00e1 as informa\u00e7\u00f5es de quando e como acionar a Defesa Civil que presta servi\u00e7o de socorro emergencial.<\/p>\n<p>Duas palestras tamb\u00e9m est\u00e3o inclu\u00eddas na programa\u00e7\u00e3o. O tema\u00a0A Defesa Civil de S\u00e3o Paulo, ser\u00e1 abordado por Ronaldo Malheiro Figueira, coordenador t\u00e9cnico da Comdec, das 14h30 \u00e0s 15h30h e a outra com Raquel Fernanda Passos, ge\u00f3loga da Subprefeitura Casa Verde, com o tema\u00a0Diagn\u00f3stico dos riscos ambientais na regi\u00e3o macro norte\/Lapa, das 13h \u00e0s 14h, no audit\u00f3rio da Subprefeitura.<\/p>\n<p>Defesa Civil<\/p>\n<p>Subordinada \u00e0 Secretaria Municipal de Seguran\u00e7a Urbana, a Defesa Civil da cidade de S\u00e3o Paulo atendeu, em 2010, mais de 10.500 ocorr\u00eancias e vistoriou 1.483 im\u00f3veis. Al\u00e9m de planejar a\u00e7\u00f5es, prevenir e minimizar os efeitos das chuvas, quando acontecem desastres naturais ou provocados pelo homem, o trabalho da Defesa Civil \u00e9 assistir a popula\u00e7\u00e3o atingida.<\/p>\n<p>Pelo telefone 199, qualquer cidad\u00e3o pode solicitar ajuda em casos de deslizamentos, desabamentos, enchentes, inunda\u00e7\u00f5es, acidentes com produtos perigosos ou qualquer desastre provocado pela natureza ou pelo homem que coloque em risco a seguran\u00e7a da popula\u00e7\u00e3o.<\/p>\n<p><strong>Servi\u00e7o<\/strong><\/p>\n<p>1\u00aa Exposi\u00e7\u00e3o de equipamentos da Defesa Civil<br \/>\nData:\u00a014 de abril<br \/>\nHor\u00e1rio:\u00a010h \u00e0s 17h<br \/>\nLocal:\u00a0Subprefeitura de Santana\/Tucuruvi<br \/>\nEndere\u00e7o:\u00a0Av. Tucuruvi, 808<\/p>\n<p><em>Fonte: Prefeitura de S\u00e3o Paulo<\/em><\/p>\n\n<div style=\"font-size: 0px; height: 0px; line-height: 0px; margin: 0; padding: 0; clear: both;\"><\/div>","protected":false},"excerpt":{"rendered":"<p>Nesta quinta-feira (14\/4), das 9h \u00e0s 17h, a Subprefeitura de Santana\/Tucuruvi receber\u00e1 a 1\u00aa exposi\u00e7\u00e3o de equipamentos utilizados pela Defesa Civil em ocorr\u00eancias de emeg\u00eancia. O p\u00fablico poder\u00e1 ver uma tenda de atendimento emergencial, uniformes, viaturas da Comdec (Coordena\u00e7\u00e3o Municipal da Defesa Civil) e diversos equipamentos que estar\u00e3o dispon\u00edveis para visita\u00e7\u00e3o p\u00fablica. O objetivo \u00e9 mostrar como atua, o que \u00e9 e quais os servi\u00e7os prestados para a comunidade que ter\u00e1 as informa\u00e7\u00f5es de quando e como acionar a Defesa Civil que presta servi\u00e7o de socorro emergencial. Duas palestras tamb\u00e9m est\u00e3o inclu\u00eddas na programa\u00e7\u00e3o. O tema\u00a0A Defesa Civil de S\u00e3o <\/p>\n","protected":false},"author":1,"featured_media":0,"comment_status":"open","ping_status":"closed","sticky":false,"template":"","format":"standard","meta":{"footnotes":""},"categories":[20],"tags":[10],"class_list":["post-952","post","type-post","status-publish","format-standard","hentry","category-cultura-em-santana","tag-santana"],"aioseo_notices":[],"aioseo_head":"\n\t\t<!-- All in One SEO 5.0.0.1 - aioseo.com -->\n\t<meta name=\"description\" content=\"Nesta quinta-feira (14\/4), das 9h \u00e0s 17h, a Subprefeitura de Santana\/Tucuruvi receber\u00e1 a 1\u00aa exposi\u00e7\u00e3o de equipamentos utilizados pela Defesa Civil em ocorr\u00eancias de emeg\u00eancia. O p\u00fablico poder\u00e1 ver uma tenda de atendimento emergencial, uniformes, viaturas da Comdec (Coordena\u00e7\u00e3o Municipal da Defesa Civil) e diversos equipamentos que estar\u00e3o dispon\u00edveis para visita\u00e7\u00e3o p\u00fablica. O objetivo \u00e9\" \/>\n\t<meta name=\"robots\" content=\"max-image-preview:large\" \/>\n\t<meta name=\"author\" content=\"Encontra Santana\"\/>\n\t<link rel=\"canonical\" href=\"https:\/\/www.encontrasantana.com.br\/sobre\/subprefeitura-de-santanatucuruvi-recebe-exposicao-de-equipemtnos-da-defesa-civil\/\" \/>\n\t<meta name=\"generator\" content=\"All in One SEO (AIOSEO) 5.0.0.1\" \/>\n\t\t<meta property=\"og:locale\" content=\"pt_BR\" \/>\n\t\t<meta property=\"og:site_name\" content=\"Encontra Santana | Not\u00edcias, eventos, informa\u00e7\u00f5es e dicas no bairro de Santana e regi\u00e3o.\" \/>\n\t\t<meta property=\"og:type\" content=\"article\" \/>\n\t\t<meta property=\"og:title\" content=\"Subprefeitura de Santana\/Tucuruvi recebe exposi\u00e7\u00e3o de equipamentos da Defesa Civil \u00bb Encontra Santana\" \/>\n\t\t<meta property=\"og:description\" content=\"Nesta quinta-feira (14\/4), das 9h \u00e0s 17h, a Subprefeitura de Santana\/Tucuruvi receber\u00e1 a 1\u00aa exposi\u00e7\u00e3o de equipamentos utilizados pela Defesa Civil em ocorr\u00eancias de emeg\u00eancia. O p\u00fablico poder\u00e1 ver uma tenda de atendimento emergencial, uniformes, viaturas da Comdec (Coordena\u00e7\u00e3o Municipal da Defesa Civil) e diversos equipamentos que estar\u00e3o dispon\u00edveis para visita\u00e7\u00e3o p\u00fablica. O objetivo \u00e9\" \/>\n\t\t<meta property=\"og:url\" content=\"https:\/\/www.encontrasantana.com.br\/sobre\/subprefeitura-de-santanatucuruvi-recebe-exposicao-de-equipemtnos-da-defesa-civil\/\" \/>\n\t\t<meta property=\"article:published_time\" content=\"2011-04-13T22:30:42+00:00\" \/>\n\t\t<meta property=\"article:modified_time\" content=\"2019-04-15T13:03:58+00:00\" \/>\n\t\t<meta name=\"twitter:card\" content=\"summary\" \/>\n\t\t<meta name=\"twitter:title\" content=\"Subprefeitura de Santana\/Tucuruvi recebe exposi\u00e7\u00e3o de equipamentos da Defesa Civil \u00bb Encontra Santana\" \/>\n\t\t<meta name=\"twitter:description\" content=\"Nesta quinta-feira (14\/4), das 9h \u00e0s 17h, a Subprefeitura de Santana\/Tucuruvi receber\u00e1 a 1\u00aa exposi\u00e7\u00e3o de equipamentos utilizados pela Defesa Civil em ocorr\u00eancias de emeg\u00eancia. O p\u00fablico poder\u00e1 ver uma tenda de atendimento emergencial, uniformes, viaturas da Comdec (Coordena\u00e7\u00e3o Municipal da Defesa Civil) e diversos equipamentos que estar\u00e3o dispon\u00edveis para visita\u00e7\u00e3o p\u00fablica. O objetivo \u00e9\" \/>\n\t\t<script type=\"application\/ld+json\" class=\"aioseo-schema\">\n\t\t\t{\"@context\":\"https:\\\/\\\/schema.org\",\"@graph\":[{\"@type\":\"Article\",\"@id\":\"https:\\\/\\\/www.encontrasantana.com.br\\\/sobre\\\/subprefeitura-de-santanatucuruvi-recebe-exposicao-de-equipemtnos-da-defesa-civil\\\/#article\",\"name\":\"Subprefeitura de Santana\\\/Tucuruvi recebe exposi\\u00e7\\u00e3o de equipamentos da Defesa Civil \\u00bb Encontra Santana\",\"headline\":\"Subprefeitura de Santana\\\/Tucuruvi recebe exposi\\u00e7\\u00e3o de equipamentos da Defesa Civil\",\"author\":{\"@id\":\"https:\\\/\\\/www.encontrasantana.com.br\\\/sobre\\\/author\\\/esantana\\\/#author\"},\"publisher\":{\"@id\":\"https:\\\/\\\/www.encontrasantana.com.br\\\/sobre\\\/#organization\"},\"datePublished\":\"2011-04-13T19:30:42-03:00\",\"dateModified\":\"2019-04-15T10:03:58-03:00\",\"inLanguage\":\"pt-BR\",\"mainEntityOfPage\":{\"@id\":\"https:\\\/\\\/www.encontrasantana.com.br\\\/sobre\\\/subprefeitura-de-santanatucuruvi-recebe-exposicao-de-equipemtnos-da-defesa-civil\\\/#webpage\"},\"isPartOf\":{\"@id\":\"https:\\\/\\\/www.encontrasantana.com.br\\\/sobre\\\/subprefeitura-de-santanatucuruvi-recebe-exposicao-de-equipemtnos-da-defesa-civil\\\/#webpage\"},\"articleSection\":\"Cultura Santana, Santana\"},{\"@type\":\"BreadcrumbList\",\"@id\":\"https:\\\/\\\/www.encontrasantana.com.br\\\/sobre\\\/subprefeitura-de-santanatucuruvi-recebe-exposicao-de-equipemtnos-da-defesa-civil\\\/#breadcrumblist\",\"itemListElement\":[{\"@type\":\"ListItem\",\"@id\":\"https:\\\/\\\/www.encontrasantana.com.br\\\/sobre#listItem\",\"position\":1,\"name\":\"In\\u00edcio\",\"item\":\"https:\\\/\\\/www.encontrasantana.com.br\\\/sobre\",\"nextItem\":{\"@type\":\"ListItem\",\"@id\":\"https:\\\/\\\/www.encontrasantana.com.br\\\/sobre\\\/cultura-em-santana\\\/#listItem\",\"name\":\"Cultura Santana\"}},{\"@type\":\"ListItem\",\"@id\":\"https:\\\/\\\/www.encontrasantana.com.br\\\/sobre\\\/cultura-em-santana\\\/#listItem\",\"position\":2,\"name\":\"Cultura Santana\",\"item\":\"https:\\\/\\\/www.encontrasantana.com.br\\\/sobre\\\/cultura-em-santana\\\/\",\"nextItem\":{\"@type\":\"ListItem\",\"@id\":\"https:\\\/\\\/www.encontrasantana.com.br\\\/sobre\\\/subprefeitura-de-santanatucuruvi-recebe-exposicao-de-equipemtnos-da-defesa-civil\\\/#listItem\",\"name\":\"Subprefeitura de Santana\\\/Tucuruvi recebe exposi\\u00e7\\u00e3o de equipamentos da Defesa Civil\"},\"previousItem\":{\"@type\":\"ListItem\",\"@id\":\"https:\\\/\\\/www.encontrasantana.com.br\\\/sobre#listItem\",\"name\":\"In\\u00edcio\"}},{\"@type\":\"ListItem\",\"@id\":\"https:\\\/\\\/www.encontrasantana.com.br\\\/sobre\\\/subprefeitura-de-santanatucuruvi-recebe-exposicao-de-equipemtnos-da-defesa-civil\\\/#listItem\",\"position\":3,\"name\":\"Subprefeitura de Santana\\\/Tucuruvi recebe exposi\\u00e7\\u00e3o de equipamentos da Defesa Civil\",\"previousItem\":{\"@type\":\"ListItem\",\"@id\":\"https:\\\/\\\/www.encontrasantana.com.br\\\/sobre\\\/cultura-em-santana\\\/#listItem\",\"name\":\"Cultura Santana\"}}]},{\"@type\":\"Organization\",\"@id\":\"https:\\\/\\\/www.encontrasantana.com.br\\\/sobre\\\/#organization\",\"name\":\"Encontra Santana\",\"description\":\"Not\\u00edcias, eventos, informa\\u00e7\\u00f5es e dicas no bairro de Santana e regi\\u00e3o.\",\"url\":\"https:\\\/\\\/www.encontrasantana.com.br\\\/sobre\\\/\"},{\"@type\":\"Person\",\"@id\":\"https:\\\/\\\/www.encontrasantana.com.br\\\/sobre\\\/author\\\/esantana\\\/#author\",\"url\":\"https:\\\/\\\/www.encontrasantana.com.br\\\/sobre\\\/author\\\/esantana\\\/\",\"name\":\"Encontra Santana\",\"image\":{\"@type\":\"ImageObject\",\"@id\":\"https:\\\/\\\/www.encontrasantana.com.br\\\/sobre\\\/subprefeitura-de-santanatucuruvi-recebe-exposicao-de-equipemtnos-da-defesa-civil\\\/#authorImage\",\"url\":\"https:\\\/\\\/secure.gravatar.com\\\/avatar\\\/0fbed662e37531ae23e68f85f9517b2454e50c1dfebf80eb9b721449ac95e0b9?s=96&d=mm&r=g\",\"width\":96,\"height\":96,\"caption\":\"Encontra Santana\"}},{\"@type\":\"WebPage\",\"@id\":\"https:\\\/\\\/www.encontrasantana.com.br\\\/sobre\\\/subprefeitura-de-santanatucuruvi-recebe-exposicao-de-equipemtnos-da-defesa-civil\\\/#webpage\",\"url\":\"https:\\\/\\\/www.encontrasantana.com.br\\\/sobre\\\/subprefeitura-de-santanatucuruvi-recebe-exposicao-de-equipemtnos-da-defesa-civil\\\/\",\"name\":\"Subprefeitura de Santana\\\/Tucuruvi recebe exposi\\u00e7\\u00e3o de equipamentos da Defesa Civil \\u00bb Encontra Santana\",\"description\":\"Nesta quinta-feira (14\\\/4), das 9h \\u00e0s 17h, a Subprefeitura de Santana\\\/Tucuruvi receber\\u00e1 a 1\\u00aa exposi\\u00e7\\u00e3o de equipamentos utilizados pela Defesa Civil em ocorr\\u00eancias de emeg\\u00eancia. O p\\u00fablico poder\\u00e1 ver uma tenda de atendimento emergencial, uniformes, viaturas da Comdec (Coordena\\u00e7\\u00e3o Municipal da Defesa Civil) e diversos equipamentos que estar\\u00e3o dispon\\u00edveis para visita\\u00e7\\u00e3o p\\u00fablica. O objetivo \\u00e9\",\"inLanguage\":\"pt-BR\",\"isPartOf\":{\"@id\":\"https:\\\/\\\/www.encontrasantana.com.br\\\/sobre\\\/#website\"},\"breadcrumb\":{\"@id\":\"https:\\\/\\\/www.encontrasantana.com.br\\\/sobre\\\/subprefeitura-de-santanatucuruvi-recebe-exposicao-de-equipemtnos-da-defesa-civil\\\/#breadcrumblist\"},\"author\":{\"@id\":\"https:\\\/\\\/www.encontrasantana.com.br\\\/sobre\\\/author\\\/esantana\\\/#author\"},\"creator\":{\"@id\":\"https:\\\/\\\/www.encontrasantana.com.br\\\/sobre\\\/author\\\/esantana\\\/#author\"},\"datePublished\":\"2011-04-13T19:30:42-03:00\",\"dateModified\":\"2019-04-15T10:03:58-03:00\"},{\"@type\":\"WebSite\",\"@id\":\"https:\\\/\\\/www.encontrasantana.com.br\\\/sobre\\\/#website\",\"url\":\"https:\\\/\\\/www.encontrasantana.com.br\\\/sobre\\\/\",\"name\":\"Encontra Santana\",\"description\":\"Not\\u00edcias, eventos, informa\\u00e7\\u00f5es e dicas no bairro de Santana e regi\\u00e3o.\",\"inLanguage\":\"pt-BR\",\"publisher\":{\"@id\":\"https:\\\/\\\/www.encontrasantana.com.br\\\/sobre\\\/#organization\"}}]}\n\t\t<\/script>\n\t\t<!-- All in One SEO -->\n\n","aioseo_head_json":{"title":"Subprefeitura de Santana\/Tucuruvi recebe exposi\u00e7\u00e3o de equipamentos da Defesa Civil \u00bb Encontra Santana","description":"Nesta quinta-feira (14\/4), das 9h \u00e0s 17h, a Subprefeitura de Santana\/Tucuruvi receber\u00e1 a 1\u00aa exposi\u00e7\u00e3o de equipamentos utilizados pela Defesa Civil em ocorr\u00eancias de emeg\u00eancia. O p\u00fablico poder\u00e1 ver uma tenda de atendimento emergencial, uniformes, viaturas da Comdec (Coordena\u00e7\u00e3o Municipal da Defesa Civil) e diversos equipamentos que estar\u00e3o dispon\u00edveis para visita\u00e7\u00e3o p\u00fablica. O objetivo \u00e9","canonical_url":"https:\/\/www.encontrasantana.com.br\/sobre\/subprefeitura-de-santanatucuruvi-recebe-exposicao-de-equipemtnos-da-defesa-civil\/","robots":"max-image-preview:large","keywords":"","webmasterTools":{"miscellaneous":""},"schema":{"@context":"https:\/\/schema.org","@graph":[{"@type":"Article","@id":"https:\/\/www.encontrasantana.com.br\/sobre\/subprefeitura-de-santanatucuruvi-recebe-exposicao-de-equipemtnos-da-defesa-civil\/#article","name":"Subprefeitura de Santana\/Tucuruvi recebe exposi\u00e7\u00e3o de equipamentos da Defesa Civil \u00bb Encontra Santana","headline":"Subprefeitura de Santana\/Tucuruvi recebe exposi\u00e7\u00e3o de equipamentos da Defesa Civil","author":{"@id":"https:\/\/www.encontrasantana.com.br\/sobre\/author\/esantana\/#author"},"publisher":{"@id":"https:\/\/www.encontrasantana.com.br\/sobre\/#organization"},"datePublished":"2011-04-13T19:30:42-03:00","dateModified":"2019-04-15T10:03:58-03:00","inLanguage":"pt-BR","mainEntityOfPage":{"@id":"https:\/\/www.encontrasantana.com.br\/sobre\/subprefeitura-de-santanatucuruvi-recebe-exposicao-de-equipemtnos-da-defesa-civil\/#webpage"},"isPartOf":{"@id":"https:\/\/www.encontrasantana.com.br\/sobre\/subprefeitura-de-santanatucuruvi-recebe-exposicao-de-equipemtnos-da-defesa-civil\/#webpage"},"articleSection":"Cultura Santana, Santana"},{"@type":"BreadcrumbList","@id":"https:\/\/www.encontrasantana.com.br\/sobre\/subprefeitura-de-santanatucuruvi-recebe-exposicao-de-equipemtnos-da-defesa-civil\/#breadcrumblist","itemListElement":[{"@type":"ListItem","@id":"https:\/\/www.encontrasantana.com.br\/sobre#listItem","position":1,"name":"In\u00edcio","item":"https:\/\/www.encontrasantana.com.br\/sobre","nextItem":{"@type":"ListItem","@id":"https:\/\/www.encontrasantana.com.br\/sobre\/cultura-em-santana\/#listItem","name":"Cultura Santana"}},{"@type":"ListItem","@id":"https:\/\/www.encontrasantana.com.br\/sobre\/cultura-em-santana\/#listItem","position":2,"name":"Cultura Santana","item":"https:\/\/www.encontrasantana.com.br\/sobre\/cultura-em-santana\/","nextItem":{"@type":"ListItem","@id":"https:\/\/www.encontrasantana.com.br\/sobre\/subprefeitura-de-santanatucuruvi-recebe-exposicao-de-equipemtnos-da-defesa-civil\/#listItem","name":"Subprefeitura de Santana\/Tucuruvi recebe exposi\u00e7\u00e3o de equipamentos da Defesa Civil"},"previousItem":{"@type":"ListItem","@id":"https:\/\/www.encontrasantana.com.br\/sobre#listItem","name":"In\u00edcio"}},{"@type":"ListItem","@id":"https:\/\/www.encontrasantana.com.br\/sobre\/subprefeitura-de-santanatucuruvi-recebe-exposicao-de-equipemtnos-da-defesa-civil\/#listItem","position":3,"name":"Subprefeitura de Santana\/Tucuruvi recebe exposi\u00e7\u00e3o de equipamentos da Defesa Civil","previousItem":{"@type":"ListItem","@id":"https:\/\/www.encontrasantana.com.br\/sobre\/cultura-em-santana\/#listItem","name":"Cultura Santana"}}]},{"@type":"Organization","@id":"https:\/\/www.encontrasantana.com.br\/sobre\/#organization","name":"Encontra Santana","description":"Not\u00edcias, eventos, informa\u00e7\u00f5es e dicas no bairro de Santana e regi\u00e3o.","url":"https:\/\/www.encontrasantana.com.br\/sobre\/"},{"@type":"Person","@id":"https:\/\/www.encontrasantana.com.br\/sobre\/author\/esantana\/#author","url":"https:\/\/www.encontrasantana.com.br\/sobre\/author\/esantana\/","name":"Encontra Santana","image":{"@type":"ImageObject","@id":"https:\/\/www.encontrasantana.com.br\/sobre\/subprefeitura-de-santanatucuruvi-recebe-exposicao-de-equipemtnos-da-defesa-civil\/#authorImage","url":"https:\/\/secure.gravatar.com\/avatar\/0fbed662e37531ae23e68f85f9517b2454e50c1dfebf80eb9b721449ac95e0b9?s=96&d=mm&r=g","width":96,"height":96,"caption":"Encontra Santana"}},{"@type":"WebPage","@id":"https:\/\/www.encontrasantana.com.br\/sobre\/subprefeitura-de-santanatucuruvi-recebe-exposicao-de-equipemtnos-da-defesa-civil\/#webpage","url":"https:\/\/www.encontrasantana.com.br\/sobre\/subprefeitura-de-santanatucuruvi-recebe-exposicao-de-equipemtnos-da-defesa-civil\/","name":"Subprefeitura de Santana\/Tucuruvi recebe exposi\u00e7\u00e3o de equipamentos da Defesa Civil \u00bb Encontra Santana","description":"Nesta quinta-feira (14\/4), das 9h \u00e0s 17h, a Subprefeitura de Santana\/Tucuruvi receber\u00e1 a 1\u00aa exposi\u00e7\u00e3o de equipamentos utilizados pela Defesa Civil em ocorr\u00eancias de emeg\u00eancia. O p\u00fablico poder\u00e1 ver uma tenda de atendimento emergencial, uniformes, viaturas da Comdec (Coordena\u00e7\u00e3o Municipal da Defesa Civil) e diversos equipamentos que estar\u00e3o dispon\u00edveis para visita\u00e7\u00e3o p\u00fablica. O objetivo \u00e9","inLanguage":"pt-BR","isPartOf":{"@id":"https:\/\/www.encontrasantana.com.br\/sobre\/#website"},"breadcrumb":{"@id":"https:\/\/www.encontrasantana.com.br\/sobre\/subprefeitura-de-santanatucuruvi-recebe-exposicao-de-equipemtnos-da-defesa-civil\/#breadcrumblist"},"author":{"@id":"https:\/\/www.encontrasantana.com.br\/sobre\/author\/esantana\/#author"},"creator":{"@id":"https:\/\/www.encontrasantana.com.br\/sobre\/author\/esantana\/#author"},"datePublished":"2011-04-13T19:30:42-03:00","dateModified":"2019-04-15T10:03:58-03:00"},{"@type":"WebSite","@id":"https:\/\/www.encontrasantana.com.br\/sobre\/#website","url":"https:\/\/www.encontrasantana.com.br\/sobre\/","name":"Encontra Santana","description":"Not\u00edcias, eventos, informa\u00e7\u00f5es e dicas no bairro de Santana e regi\u00e3o.","inLanguage":"pt-BR","publisher":{"@id":"https:\/\/www.encontrasantana.com.br\/sobre\/#organization"}}]},"og:locale":"pt_BR","og:site_name":"Encontra Santana | Not\u00edcias, eventos, informa\u00e7\u00f5es e dicas no bairro de Santana e regi\u00e3o.","og:type":"article","og:title":"Subprefeitura de Santana\/Tucuruvi recebe exposi\u00e7\u00e3o de equipamentos da Defesa Civil \u00bb Encontra Santana","og:description":"Nesta quinta-feira (14\/4), das 9h \u00e0s 17h, a Subprefeitura de Santana\/Tucuruvi receber\u00e1 a 1\u00aa exposi\u00e7\u00e3o de equipamentos utilizados pela Defesa Civil em ocorr\u00eancias de emeg\u00eancia. O p\u00fablico poder\u00e1 ver uma tenda de atendimento emergencial, uniformes, viaturas da Comdec (Coordena\u00e7\u00e3o Municipal da Defesa Civil) e diversos equipamentos que estar\u00e3o dispon\u00edveis para visita\u00e7\u00e3o p\u00fablica. O objetivo \u00e9","og:url":"https:\/\/www.encontrasantana.com.br\/sobre\/subprefeitura-de-santanatucuruvi-recebe-exposicao-de-equipemtnos-da-defesa-civil\/","article:published_time":"2011-04-13T22:30:42+00:00","article:modified_time":"2019-04-15T13:03:58+00:00","twitter:card":"summary","twitter:title":"Subprefeitura de Santana\/Tucuruvi recebe exposi\u00e7\u00e3o de equipamentos da Defesa Civil \u00bb Encontra Santana","twitter:description":"Nesta quinta-feira (14\/4), das 9h \u00e0s 17h, a Subprefeitura de Santana\/Tucuruvi receber\u00e1 a 1\u00aa exposi\u00e7\u00e3o de equipamentos utilizados pela Defesa Civil em ocorr\u00eancias de emeg\u00eancia. O p\u00fablico poder\u00e1 ver uma tenda de atendimento emergencial, uniformes, viaturas da Comdec (Coordena\u00e7\u00e3o Municipal da Defesa Civil) e diversos equipamentos que estar\u00e3o dispon\u00edveis para visita\u00e7\u00e3o p\u00fablica. O objetivo \u00e9"},"aioseo_meta_data":{"post_id":"952","title":null,"description":null,"keywords":null,"keyphrases":null,"primary_term":null,"canonical_url":null,"og_title":null,"og_description":null,"og_object_type":"default","og_image_type":"default","og_image_url":null,"og_image_width":null,"og_image_height":null,"og_image_custom_url":null,"og_image_custom_fields":null,"og_video":null,"og_custom_url":null,"og_article_section":null,"og_article_tags":null,"twitter_use_og":false,"twitter_card":"default","twitter_image_type":"default","twitter_image_url":null,"twitter_image_custom_url":null,"twitter_image_custom_fields":null,"twitter_title":null,"twitter_description":null,"schema":{"blockGraphs":[],"customGraphs":[],"default":{"data":{"Article":[],"Course":[],"Dataset":[],"FAQPage":[],"Movie":[],"Person":[],"Product":[],"ProductReview":[],"Car":[],"Recipe":[],"Service":[],"SoftwareApplication":[],"WebPage":[]},"graphName":"Article","isEnabled":true},"graphs":[]},"schema_type":null,"schema_type_options":null,"pillar_content":false,"robots_default":true,"robots_noindex":false,"robots_noarchive":false,"robots_nosnippet":false,"robots_nofollow":false,"robots_noimageindex":false,"robots_noodp":false,"robots_notranslate":false,"robots_max_snippet":null,"robots_max_videopreview":null,"robots_max_imagepreview":"large","priority":null,"frequency":null,"local_seo":null,"limit_modified_date":false,"created":"2021-04-20 21:30:01","updated":"2026-08-06 07:14:02","focus_keyword":null,"additional_keywords":null,"truseo_locale":null,"ai":null,"breadcrumb_settings":null,"seo_analyzer_scan_date":null},"aioseo_breadcrumb":"<div class=\"aioseo-breadcrumbs\"><span class=\"aioseo-breadcrumb\">\n\t\t\t<a href=\"https:\/\/www.encontrasantana.com.br\/sobre\" title=\"In\u00edcio\">In\u00edcio<\/a>\n\t\t<\/span><span class=\"aioseo-breadcrumb-separator\">&raquo;<\/span><span class=\"aioseo-breadcrumb\">\n\t\t\t<a href=\"https:\/\/www.encontrasantana.com.br\/sobre\/cultura-em-santana\/\" title=\"Cultura Santana\">Cultura Santana<\/a>\n\t\t<\/span><span class=\"aioseo-breadcrumb-separator\">&raquo;<\/span><span class=\"aioseo-breadcrumb\">\n\t\t\tSubprefeitura de Santana\/Tucuruvi recebe exposi\u00e7\u00e3o de equipamentos da Defesa Civil\n\t\t<\/span><\/div>","aioseo_breadcrumb_json":[{"label":"In\u00edcio","link":"https:\/\/www.encontrasantana.com.br\/sobre"},{"label":"Cultura Santana","link":"https:\/\/www.encontrasantana.com.br\/sobre\/cultura-em-santana\/"},{"label":"Subprefeitura de Santana\/Tucuruvi recebe exposi\u00e7\u00e3o de equipamentos da Defesa Civil","link":"https:\/\/www.encontrasantana.com.br\/sobre\/subprefeitura-de-santanatucuruvi-recebe-exposicao-de-equipemtnos-da-defesa-civil\/"}],"_links":{"self":[{"href":"https:\/\/www.encontrasantana.com.br\/sobre\/wp-json\/wp\/v2\/posts\/952","targetHints":{"allow":["GET"]}}],"collection":[{"href":"https:\/\/www.encontrasantana.com.br\/sobre\/wp-json\/wp\/v2\/posts"}],"about":[{"href":"https:\/\/www.encontrasantana.com.br\/sobre\/wp-json\/wp\/v2\/types\/post"}],"author":[{"embeddable":true,"href":"https:\/\/www.encontrasantana.com.br\/sobre\/wp-json\/wp\/v2\/users\/1"}],"replies":[{"embeddable":true,"href":"https:\/\/www.encontrasantana.com.br\/sobre\/wp-json\/wp\/v2\/comments?post=952"}],"version-history":[{"count":0,"href":"https:\/\/www.encontrasantana.com.br\/sobre\/wp-json\/wp\/v2\/posts\/952\/revisions"}],"wp:attachment":[{"href":"https:\/\/www.encontrasantana.com.br\/sobre\/wp-json\/wp\/v2\/media?parent=952"}],"wp:term":[{"taxonomy":"category","embeddable":true,"href":"https:\/\/www.encontrasantana.com.br\/sobre\/wp-json\/wp\/v2\/categories?post=952"},{"taxonomy":"post_tag","embeddable":true,"href":"https:\/\/www.encontrasantana.com.br\/sobre\/wp-json\/wp\/v2\/tags?post=952"}],"curies":[{"name":"wp","href":"https:\/\/api.w.org\/{rel}","templated":true}]}}