{"id":961,"date":"2011-04-15T16:11:59","date_gmt":"2011-04-15T19:11:59","guid":{"rendered":"http:\/\/www.encontrasantana.com.br\/blog\/?p=961"},"modified":"2019-04-15T10:03:57","modified_gmt":"2019-04-15T13:03:57","slug":"homem-que-fabricava-camisetas-com-suastica-e-preso-em-santana","status":"publish","type":"post","link":"https:\/\/www.encontrasantana.com.br\/sobre\/homem-que-fabricava-camisetas-com-suastica-e-preso-em-santana\/","title":{"rendered":"Homem que fabricava camisetas com su\u00e1stica \u00e9 preso em Santana"},"content":{"rendered":"<div class=\"1acf8468e559fd3cbeec5aee3a269a52\" data-index=\"1\" style=\"float: none; margin:0px;\">\n<!-- Anuncio display - global -->\r\n<ins class=\"adsbygoogle\"\r\n     style=\"display:block\"\r\n     data-ad-client=\"ca-pub-8585364105181520\"\r\n     data-ad-slot=\"8789329856\"\r\n     data-ad-format=\"auto\"\r\n     data-full-width-responsive=\"true\"><\/ins>\r\n<script>\r\n     (adsbygoogle = window.adsbygoogle || []).push({});\r\n<\/script>\n<\/div>\n<p>O dono de uma loja que fabricava camisetas com a imagem da su\u00e1stica, s\u00edmbolo nazista, foi preso nesta quinta-feira no bairro de Santana, na Zona Norte de S\u00e3o Paulo. De acordo com a pol\u00edcia, as camisetas seriam usadas numa festa em homenagem ao anivers\u00e1rio de Adolf Hitler no pr\u00f3ximo dia 20. Al\u00e9m da su\u00e1stica, a pol\u00edcia tamb\u00e9m encontrou r\u00e9plicas bordadas da medalha Cruz de Ferro, uma das condecora\u00e7\u00f5es dadas aos soldados pelo Ex\u00e9rcito nazista.<\/p>\n<p>O dono da loja, Johnny Gon\u00e7alves, de 27 anos, foi preso. Outras nove pessoas que estavam na loja tamb\u00e9m foram levadas para a delegacia. Em depoimento \u00e0 pol\u00edcia, o dono da loja disse que estava fabricando as camisetas por encomenda, mas n\u00e3o revelou o nome da pessoa que fez o pedido. Ele pode ficar preso por at\u00e9 5 anos e o crime de preconceito racial \u00e9 inafian\u00e7\u00e1vel. Integrantes de movimentos neonazistas tamb\u00e9m podem ser indiciados por forma\u00e7\u00e3o de quadrilha, desde que seja comprovada a articula\u00e7\u00e3o.<\/p>\n<p>Segundo a Delegacia de Crimes Raciais e Delitos de Intoler\u00e2ncia (Decradi) de S\u00e3o Paulo cerca de 25 grupos neonazistas atuam no estado. Um deles, denominado Neuland, \u00e9 considerado o mais organizado ideologicamente, possuindo inclusive atua\u00e7\u00e3o pol\u00edtica. Al\u00e9m de S\u00e3o Paulo, grupos neonazistas est\u00e3o sendo investigados no Rio Grande do Sul, Paran\u00e1 e Santa Catarina.<\/p>\n<p>Segundo a pol\u00edcia, o grupo Neuland tem c\u00e9lulas em atua\u00e7\u00e3o na capital paulista, onde est\u00e1 o maior n\u00famero de participantes, e nas cidades de Campinas, Sorocaba e Limeira. O mapeamento do Decradi indica que o grupo Neuland produz material de propaganda nazista, como panfletos e camisetas em S\u00e3o Paulo.<\/p>\n<p>Os integrantes do Neuland t\u00eam entre 16 e 40 anos. S\u00e3o pessoas de classe m\u00e9dia e m\u00e9dia alta e se dizem descendentes de europeus, n\u00e3o acham que s\u00e3o miscigenados e querem um pa\u00eds sem negros, homossexuais e judeus. Pessoas destes grupos s\u00e3o consideradas &#8216;peso morto&#8217; para o pa\u00eds, segundo eles.<\/p>\n<p>Numa conversa travada pela internet, um interessado em aderir ao movimento pergunta: &#8220;Gostaria de saber (pelo fato de ter muitas discuss\u00f5es sobre) qual os princ\u00edpios raciais b\u00e1sicos para um Brasileiro aderir ao movimento &#8230; e se considerar um ariano. Claro que \u00e9 necess\u00e1rio ser branco e ter origem europ\u00e9ia pelo que j\u00e1 li, mas tenho muitas d\u00favidas sobre olhos e cabelo. \u00c9 necess\u00e1rio ter olhos claros e ser loiro?. Pergunto isso pois em quest\u00e3o de descend\u00eancia europ\u00e9ia minha bisav\u00f3 era italiana e migrou ao Brasil na 1\u00aa Guerra. Sou branco (bem branco, n\u00e3o moreno como alguns farsantes) e loiro m\u00e9dio, mas n\u00e3o possuo olhos claros (apenas castanhos claros). Isso \u00e9 motivo para &#8220;cart\u00e3o vermelho&#8221; na entrada do movimento?&#8221;<\/p>\n<p>A resposta: &#8220;Para fazer parte da iniciativa do nacionalismo branco basta que possuas ascend\u00eancia branca europ\u00e9ia pura e um comportamento que esteja de acordo com os ideais do movimento e da ra\u00e7a que representas. Ou seja, n\u00f3s somos contra comportamentos prejudiciais como a miscigena\u00e7\u00e3o racial, o sexo interracial, o uso de drogas, o desrespeito \u00e0s leis&#8230;Estamos lutando por uma preserva\u00e7\u00e3o da nossa ra\u00e7a e cultura.&#8221;<\/p>\n<p><em>Fonte: O Globo<\/em><\/p>\n\n<div style=\"font-size: 0px; height: 0px; line-height: 0px; margin: 0; padding: 0; clear: both;\"><\/div>","protected":false},"excerpt":{"rendered":"<p>O dono de uma loja que fabricava camisetas com a imagem da su\u00e1stica, s\u00edmbolo nazista, foi preso nesta quinta-feira no bairro de Santana, na Zona Norte de S\u00e3o Paulo. De acordo com a pol\u00edcia, as camisetas seriam usadas numa festa em homenagem ao anivers\u00e1rio de Adolf Hitler no pr\u00f3ximo dia 20. Al\u00e9m da su\u00e1stica, a pol\u00edcia tamb\u00e9m encontrou r\u00e9plicas bordadas da medalha Cruz de Ferro, uma das condecora\u00e7\u00f5es dadas aos soldados pelo Ex\u00e9rcito nazista. O dono da loja, Johnny Gon\u00e7alves, de 27 anos, foi preso. Outras nove pessoas que estavam na loja tamb\u00e9m foram levadas para a delegacia. Em depoimento <\/p>\n","protected":false},"author":1,"featured_media":0,"comment_status":"open","ping_status":"closed","sticky":false,"template":"","format":"standard","meta":{"footnotes":""},"categories":[3],"tags":[10],"class_list":["post-961","post","type-post","status-publish","format-standard","hentry","category-noticias-em-santana","tag-santana"],"aioseo_notices":[],"aioseo_head":"\n\t\t<!-- All in One SEO 5.0.0.1 - aioseo.com -->\n\t<meta name=\"description\" content=\"O dono de uma loja que fabricava camisetas com a imagem da su\u00e1stica, s\u00edmbolo nazista, foi preso nesta quinta-feira no bairro de Santana, na Zona Norte de S\u00e3o Paulo. De acordo com a pol\u00edcia, as camisetas seriam usadas numa festa em homenagem ao anivers\u00e1rio de Adolf Hitler no pr\u00f3ximo dia 20. Al\u00e9m da su\u00e1stica, a\" \/>\n\t<meta name=\"robots\" content=\"max-image-preview:large\" \/>\n\t<meta name=\"author\" content=\"Encontra Santana\"\/>\n\t<link rel=\"canonical\" href=\"https:\/\/www.encontrasantana.com.br\/sobre\/homem-que-fabricava-camisetas-com-suastica-e-preso-em-santana\/\" \/>\n\t<meta name=\"generator\" content=\"All in One SEO (AIOSEO) 5.0.0.1\" \/>\n\t\t<meta property=\"og:locale\" content=\"pt_BR\" \/>\n\t\t<meta property=\"og:site_name\" content=\"Encontra Santana | Not\u00edcias, eventos, informa\u00e7\u00f5es e dicas no bairro de Santana e regi\u00e3o.\" \/>\n\t\t<meta property=\"og:type\" content=\"article\" \/>\n\t\t<meta property=\"og:title\" content=\"Homem que fabricava camisetas com su\u00e1stica \u00e9 preso em Santana \u00bb Encontra Santana\" \/>\n\t\t<meta property=\"og:description\" content=\"O dono de uma loja que fabricava camisetas com a imagem da su\u00e1stica, s\u00edmbolo nazista, foi preso nesta quinta-feira no bairro de Santana, na Zona Norte de S\u00e3o Paulo. De acordo com a pol\u00edcia, as camisetas seriam usadas numa festa em homenagem ao anivers\u00e1rio de Adolf Hitler no pr\u00f3ximo dia 20. Al\u00e9m da su\u00e1stica, a\" \/>\n\t\t<meta property=\"og:url\" content=\"https:\/\/www.encontrasantana.com.br\/sobre\/homem-que-fabricava-camisetas-com-suastica-e-preso-em-santana\/\" \/>\n\t\t<meta property=\"article:published_time\" content=\"2011-04-15T19:11:59+00:00\" \/>\n\t\t<meta property=\"article:modified_time\" content=\"2019-04-15T13:03:57+00:00\" \/>\n\t\t<meta name=\"twitter:card\" content=\"summary\" \/>\n\t\t<meta name=\"twitter:title\" content=\"Homem que fabricava camisetas com su\u00e1stica \u00e9 preso em Santana \u00bb Encontra Santana\" \/>\n\t\t<meta name=\"twitter:description\" content=\"O dono de uma loja que fabricava camisetas com a imagem da su\u00e1stica, s\u00edmbolo nazista, foi preso nesta quinta-feira no bairro de Santana, na Zona Norte de S\u00e3o Paulo. De acordo com a pol\u00edcia, as camisetas seriam usadas numa festa em homenagem ao anivers\u00e1rio de Adolf Hitler no pr\u00f3ximo dia 20. Al\u00e9m da su\u00e1stica, a\" \/>\n\t\t<script type=\"application\/ld+json\" class=\"aioseo-schema\">\n\t\t\t{\"@context\":\"https:\\\/\\\/schema.org\",\"@graph\":[{\"@type\":\"Article\",\"@id\":\"https:\\\/\\\/www.encontrasantana.com.br\\\/sobre\\\/homem-que-fabricava-camisetas-com-suastica-e-preso-em-santana\\\/#article\",\"name\":\"Homem que fabricava camisetas com su\\u00e1stica \\u00e9 preso em Santana \\u00bb Encontra Santana\",\"headline\":\"Homem que fabricava camisetas com su\\u00e1stica \\u00e9 preso em Santana\",\"author\":{\"@id\":\"https:\\\/\\\/www.encontrasantana.com.br\\\/sobre\\\/author\\\/esantana\\\/#author\"},\"publisher\":{\"@id\":\"https:\\\/\\\/www.encontrasantana.com.br\\\/sobre\\\/#organization\"},\"datePublished\":\"2011-04-15T16:11:59-03:00\",\"dateModified\":\"2019-04-15T10:03:57-03:00\",\"inLanguage\":\"pt-BR\",\"mainEntityOfPage\":{\"@id\":\"https:\\\/\\\/www.encontrasantana.com.br\\\/sobre\\\/homem-que-fabricava-camisetas-com-suastica-e-preso-em-santana\\\/#webpage\"},\"isPartOf\":{\"@id\":\"https:\\\/\\\/www.encontrasantana.com.br\\\/sobre\\\/homem-que-fabricava-camisetas-com-suastica-e-preso-em-santana\\\/#webpage\"},\"articleSection\":\"Not\\u00edcias Santana, Santana\"},{\"@type\":\"BreadcrumbList\",\"@id\":\"https:\\\/\\\/www.encontrasantana.com.br\\\/sobre\\\/homem-que-fabricava-camisetas-com-suastica-e-preso-em-santana\\\/#breadcrumblist\",\"itemListElement\":[{\"@type\":\"ListItem\",\"@id\":\"https:\\\/\\\/www.encontrasantana.com.br\\\/sobre#listItem\",\"position\":1,\"name\":\"In\\u00edcio\",\"item\":\"https:\\\/\\\/www.encontrasantana.com.br\\\/sobre\",\"nextItem\":{\"@type\":\"ListItem\",\"@id\":\"https:\\\/\\\/www.encontrasantana.com.br\\\/sobre\\\/noticias-em-santana\\\/#listItem\",\"name\":\"Not\\u00edcias Santana\"}},{\"@type\":\"ListItem\",\"@id\":\"https:\\\/\\\/www.encontrasantana.com.br\\\/sobre\\\/noticias-em-santana\\\/#listItem\",\"position\":2,\"name\":\"Not\\u00edcias Santana\",\"item\":\"https:\\\/\\\/www.encontrasantana.com.br\\\/sobre\\\/noticias-em-santana\\\/\",\"nextItem\":{\"@type\":\"ListItem\",\"@id\":\"https:\\\/\\\/www.encontrasantana.com.br\\\/sobre\\\/homem-que-fabricava-camisetas-com-suastica-e-preso-em-santana\\\/#listItem\",\"name\":\"Homem que fabricava camisetas com su\\u00e1stica \\u00e9 preso em Santana\"},\"previousItem\":{\"@type\":\"ListItem\",\"@id\":\"https:\\\/\\\/www.encontrasantana.com.br\\\/sobre#listItem\",\"name\":\"In\\u00edcio\"}},{\"@type\":\"ListItem\",\"@id\":\"https:\\\/\\\/www.encontrasantana.com.br\\\/sobre\\\/homem-que-fabricava-camisetas-com-suastica-e-preso-em-santana\\\/#listItem\",\"position\":3,\"name\":\"Homem que fabricava camisetas com su\\u00e1stica \\u00e9 preso em Santana\",\"previousItem\":{\"@type\":\"ListItem\",\"@id\":\"https:\\\/\\\/www.encontrasantana.com.br\\\/sobre\\\/noticias-em-santana\\\/#listItem\",\"name\":\"Not\\u00edcias Santana\"}}]},{\"@type\":\"Organization\",\"@id\":\"https:\\\/\\\/www.encontrasantana.com.br\\\/sobre\\\/#organization\",\"name\":\"Encontra Santana\",\"description\":\"Not\\u00edcias, eventos, informa\\u00e7\\u00f5es e dicas no bairro de Santana e regi\\u00e3o.\",\"url\":\"https:\\\/\\\/www.encontrasantana.com.br\\\/sobre\\\/\"},{\"@type\":\"Person\",\"@id\":\"https:\\\/\\\/www.encontrasantana.com.br\\\/sobre\\\/author\\\/esantana\\\/#author\",\"url\":\"https:\\\/\\\/www.encontrasantana.com.br\\\/sobre\\\/author\\\/esantana\\\/\",\"name\":\"Encontra Santana\",\"image\":{\"@type\":\"ImageObject\",\"@id\":\"https:\\\/\\\/www.encontrasantana.com.br\\\/sobre\\\/homem-que-fabricava-camisetas-com-suastica-e-preso-em-santana\\\/#authorImage\",\"url\":\"https:\\\/\\\/secure.gravatar.com\\\/avatar\\\/0fbed662e37531ae23e68f85f9517b2454e50c1dfebf80eb9b721449ac95e0b9?s=96&d=mm&r=g\",\"width\":96,\"height\":96,\"caption\":\"Encontra Santana\"}},{\"@type\":\"WebPage\",\"@id\":\"https:\\\/\\\/www.encontrasantana.com.br\\\/sobre\\\/homem-que-fabricava-camisetas-com-suastica-e-preso-em-santana\\\/#webpage\",\"url\":\"https:\\\/\\\/www.encontrasantana.com.br\\\/sobre\\\/homem-que-fabricava-camisetas-com-suastica-e-preso-em-santana\\\/\",\"name\":\"Homem que fabricava camisetas com su\\u00e1stica \\u00e9 preso em Santana \\u00bb Encontra Santana\",\"description\":\"O dono de uma loja que fabricava camisetas com a imagem da su\\u00e1stica, s\\u00edmbolo nazista, foi preso nesta quinta-feira no bairro de Santana, na Zona Norte de S\\u00e3o Paulo. De acordo com a pol\\u00edcia, as camisetas seriam usadas numa festa em homenagem ao anivers\\u00e1rio de Adolf Hitler no pr\\u00f3ximo dia 20. Al\\u00e9m da su\\u00e1stica, a\",\"inLanguage\":\"pt-BR\",\"isPartOf\":{\"@id\":\"https:\\\/\\\/www.encontrasantana.com.br\\\/sobre\\\/#website\"},\"breadcrumb\":{\"@id\":\"https:\\\/\\\/www.encontrasantana.com.br\\\/sobre\\\/homem-que-fabricava-camisetas-com-suastica-e-preso-em-santana\\\/#breadcrumblist\"},\"author\":{\"@id\":\"https:\\\/\\\/www.encontrasantana.com.br\\\/sobre\\\/author\\\/esantana\\\/#author\"},\"creator\":{\"@id\":\"https:\\\/\\\/www.encontrasantana.com.br\\\/sobre\\\/author\\\/esantana\\\/#author\"},\"datePublished\":\"2011-04-15T16:11:59-03:00\",\"dateModified\":\"2019-04-15T10:03:57-03:00\"},{\"@type\":\"WebSite\",\"@id\":\"https:\\\/\\\/www.encontrasantana.com.br\\\/sobre\\\/#website\",\"url\":\"https:\\\/\\\/www.encontrasantana.com.br\\\/sobre\\\/\",\"name\":\"Encontra Santana\",\"description\":\"Not\\u00edcias, eventos, informa\\u00e7\\u00f5es e dicas no bairro de Santana e regi\\u00e3o.\",\"inLanguage\":\"pt-BR\",\"publisher\":{\"@id\":\"https:\\\/\\\/www.encontrasantana.com.br\\\/sobre\\\/#organization\"}}]}\n\t\t<\/script>\n\t\t<!-- All in One SEO -->\n\n","aioseo_head_json":{"title":"Homem que fabricava camisetas com su\u00e1stica \u00e9 preso em Santana \u00bb Encontra Santana","description":"O dono de uma loja que fabricava camisetas com a imagem da su\u00e1stica, s\u00edmbolo nazista, foi preso nesta quinta-feira no bairro de Santana, na Zona Norte de S\u00e3o Paulo. De acordo com a pol\u00edcia, as camisetas seriam usadas numa festa em homenagem ao anivers\u00e1rio de Adolf Hitler no pr\u00f3ximo dia 20. Al\u00e9m da su\u00e1stica, a","canonical_url":"https:\/\/www.encontrasantana.com.br\/sobre\/homem-que-fabricava-camisetas-com-suastica-e-preso-em-santana\/","robots":"max-image-preview:large","keywords":"","webmasterTools":{"miscellaneous":""},"schema":{"@context":"https:\/\/schema.org","@graph":[{"@type":"Article","@id":"https:\/\/www.encontrasantana.com.br\/sobre\/homem-que-fabricava-camisetas-com-suastica-e-preso-em-santana\/#article","name":"Homem que fabricava camisetas com su\u00e1stica \u00e9 preso em Santana \u00bb Encontra Santana","headline":"Homem que fabricava camisetas com su\u00e1stica \u00e9 preso em Santana","author":{"@id":"https:\/\/www.encontrasantana.com.br\/sobre\/author\/esantana\/#author"},"publisher":{"@id":"https:\/\/www.encontrasantana.com.br\/sobre\/#organization"},"datePublished":"2011-04-15T16:11:59-03:00","dateModified":"2019-04-15T10:03:57-03:00","inLanguage":"pt-BR","mainEntityOfPage":{"@id":"https:\/\/www.encontrasantana.com.br\/sobre\/homem-que-fabricava-camisetas-com-suastica-e-preso-em-santana\/#webpage"},"isPartOf":{"@id":"https:\/\/www.encontrasantana.com.br\/sobre\/homem-que-fabricava-camisetas-com-suastica-e-preso-em-santana\/#webpage"},"articleSection":"Not\u00edcias Santana, Santana"},{"@type":"BreadcrumbList","@id":"https:\/\/www.encontrasantana.com.br\/sobre\/homem-que-fabricava-camisetas-com-suastica-e-preso-em-santana\/#breadcrumblist","itemListElement":[{"@type":"ListItem","@id":"https:\/\/www.encontrasantana.com.br\/sobre#listItem","position":1,"name":"In\u00edcio","item":"https:\/\/www.encontrasantana.com.br\/sobre","nextItem":{"@type":"ListItem","@id":"https:\/\/www.encontrasantana.com.br\/sobre\/noticias-em-santana\/#listItem","name":"Not\u00edcias Santana"}},{"@type":"ListItem","@id":"https:\/\/www.encontrasantana.com.br\/sobre\/noticias-em-santana\/#listItem","position":2,"name":"Not\u00edcias Santana","item":"https:\/\/www.encontrasantana.com.br\/sobre\/noticias-em-santana\/","nextItem":{"@type":"ListItem","@id":"https:\/\/www.encontrasantana.com.br\/sobre\/homem-que-fabricava-camisetas-com-suastica-e-preso-em-santana\/#listItem","name":"Homem que fabricava camisetas com su\u00e1stica \u00e9 preso em Santana"},"previousItem":{"@type":"ListItem","@id":"https:\/\/www.encontrasantana.com.br\/sobre#listItem","name":"In\u00edcio"}},{"@type":"ListItem","@id":"https:\/\/www.encontrasantana.com.br\/sobre\/homem-que-fabricava-camisetas-com-suastica-e-preso-em-santana\/#listItem","position":3,"name":"Homem que fabricava camisetas com su\u00e1stica \u00e9 preso em Santana","previousItem":{"@type":"ListItem","@id":"https:\/\/www.encontrasantana.com.br\/sobre\/noticias-em-santana\/#listItem","name":"Not\u00edcias Santana"}}]},{"@type":"Organization","@id":"https:\/\/www.encontrasantana.com.br\/sobre\/#organization","name":"Encontra Santana","description":"Not\u00edcias, eventos, informa\u00e7\u00f5es e dicas no bairro de Santana e regi\u00e3o.","url":"https:\/\/www.encontrasantana.com.br\/sobre\/"},{"@type":"Person","@id":"https:\/\/www.encontrasantana.com.br\/sobre\/author\/esantana\/#author","url":"https:\/\/www.encontrasantana.com.br\/sobre\/author\/esantana\/","name":"Encontra Santana","image":{"@type":"ImageObject","@id":"https:\/\/www.encontrasantana.com.br\/sobre\/homem-que-fabricava-camisetas-com-suastica-e-preso-em-santana\/#authorImage","url":"https:\/\/secure.gravatar.com\/avatar\/0fbed662e37531ae23e68f85f9517b2454e50c1dfebf80eb9b721449ac95e0b9?s=96&d=mm&r=g","width":96,"height":96,"caption":"Encontra Santana"}},{"@type":"WebPage","@id":"https:\/\/www.encontrasantana.com.br\/sobre\/homem-que-fabricava-camisetas-com-suastica-e-preso-em-santana\/#webpage","url":"https:\/\/www.encontrasantana.com.br\/sobre\/homem-que-fabricava-camisetas-com-suastica-e-preso-em-santana\/","name":"Homem que fabricava camisetas com su\u00e1stica \u00e9 preso em Santana \u00bb Encontra Santana","description":"O dono de uma loja que fabricava camisetas com a imagem da su\u00e1stica, s\u00edmbolo nazista, foi preso nesta quinta-feira no bairro de Santana, na Zona Norte de S\u00e3o Paulo. De acordo com a pol\u00edcia, as camisetas seriam usadas numa festa em homenagem ao anivers\u00e1rio de Adolf Hitler no pr\u00f3ximo dia 20. Al\u00e9m da su\u00e1stica, a","inLanguage":"pt-BR","isPartOf":{"@id":"https:\/\/www.encontrasantana.com.br\/sobre\/#website"},"breadcrumb":{"@id":"https:\/\/www.encontrasantana.com.br\/sobre\/homem-que-fabricava-camisetas-com-suastica-e-preso-em-santana\/#breadcrumblist"},"author":{"@id":"https:\/\/www.encontrasantana.com.br\/sobre\/author\/esantana\/#author"},"creator":{"@id":"https:\/\/www.encontrasantana.com.br\/sobre\/author\/esantana\/#author"},"datePublished":"2011-04-15T16:11:59-03:00","dateModified":"2019-04-15T10:03:57-03:00"},{"@type":"WebSite","@id":"https:\/\/www.encontrasantana.com.br\/sobre\/#website","url":"https:\/\/www.encontrasantana.com.br\/sobre\/","name":"Encontra Santana","description":"Not\u00edcias, eventos, informa\u00e7\u00f5es e dicas no bairro de Santana e regi\u00e3o.","inLanguage":"pt-BR","publisher":{"@id":"https:\/\/www.encontrasantana.com.br\/sobre\/#organization"}}]},"og:locale":"pt_BR","og:site_name":"Encontra Santana | Not\u00edcias, eventos, informa\u00e7\u00f5es e dicas no bairro de Santana e regi\u00e3o.","og:type":"article","og:title":"Homem que fabricava camisetas com su\u00e1stica \u00e9 preso em Santana \u00bb Encontra Santana","og:description":"O dono de uma loja que fabricava camisetas com a imagem da su\u00e1stica, s\u00edmbolo nazista, foi preso nesta quinta-feira no bairro de Santana, na Zona Norte de S\u00e3o Paulo. De acordo com a pol\u00edcia, as camisetas seriam usadas numa festa em homenagem ao anivers\u00e1rio de Adolf Hitler no pr\u00f3ximo dia 20. Al\u00e9m da su\u00e1stica, a","og:url":"https:\/\/www.encontrasantana.com.br\/sobre\/homem-que-fabricava-camisetas-com-suastica-e-preso-em-santana\/","article:published_time":"2011-04-15T19:11:59+00:00","article:modified_time":"2019-04-15T13:03:57+00:00","twitter:card":"summary","twitter:title":"Homem que fabricava camisetas com su\u00e1stica \u00e9 preso em Santana \u00bb Encontra Santana","twitter:description":"O dono de uma loja que fabricava camisetas com a imagem da su\u00e1stica, s\u00edmbolo nazista, foi preso nesta quinta-feira no bairro de Santana, na Zona Norte de S\u00e3o Paulo. De acordo com a pol\u00edcia, as camisetas seriam usadas numa festa em homenagem ao anivers\u00e1rio de Adolf Hitler no pr\u00f3ximo dia 20. Al\u00e9m da su\u00e1stica, a"},"aioseo_meta_data":{"post_id":"961","title":null,"description":null,"keywords":null,"keyphrases":null,"primary_term":null,"canonical_url":null,"og_title":null,"og_description":null,"og_object_type":"default","og_image_type":"default","og_image_url":null,"og_image_width":null,"og_image_height":null,"og_image_custom_url":null,"og_image_custom_fields":null,"og_video":null,"og_custom_url":null,"og_article_section":null,"og_article_tags":null,"twitter_use_og":false,"twitter_card":"default","twitter_image_type":"default","twitter_image_url":null,"twitter_image_custom_url":null,"twitter_image_custom_fields":null,"twitter_title":null,"twitter_description":null,"schema":{"blockGraphs":[],"customGraphs":[],"default":{"data":{"Article":[],"Course":[],"Dataset":[],"FAQPage":[],"Movie":[],"Person":[],"Product":[],"ProductReview":[],"Car":[],"Recipe":[],"Service":[],"SoftwareApplication":[],"WebPage":[]},"graphName":"Article","isEnabled":true},"graphs":[]},"schema_type":null,"schema_type_options":null,"pillar_content":false,"robots_default":true,"robots_noindex":false,"robots_noarchive":false,"robots_nosnippet":false,"robots_nofollow":false,"robots_noimageindex":false,"robots_noodp":false,"robots_notranslate":false,"robots_max_snippet":null,"robots_max_videopreview":null,"robots_max_imagepreview":"large","priority":null,"frequency":null,"local_seo":null,"limit_modified_date":false,"created":"2021-04-20 21:30:01","updated":"2026-08-06 07:25:41","focus_keyword":null,"additional_keywords":null,"truseo_locale":null,"ai":null,"breadcrumb_settings":null,"seo_analyzer_scan_date":null},"aioseo_breadcrumb":"<div class=\"aioseo-breadcrumbs\"><span class=\"aioseo-breadcrumb\">\n\t\t\t<a href=\"https:\/\/www.encontrasantana.com.br\/sobre\" title=\"In\u00edcio\">In\u00edcio<\/a>\n\t\t<\/span><span class=\"aioseo-breadcrumb-separator\">&raquo;<\/span><span class=\"aioseo-breadcrumb\">\n\t\t\t<a href=\"https:\/\/www.encontrasantana.com.br\/sobre\/noticias-em-santana\/\" title=\"Not\u00edcias Santana\">Not\u00edcias Santana<\/a>\n\t\t<\/span><span class=\"aioseo-breadcrumb-separator\">&raquo;<\/span><span class=\"aioseo-breadcrumb\">\n\t\t\tHomem que fabricava camisetas com su\u00e1stica \u00e9 preso em Santana\n\t\t<\/span><\/div>","aioseo_breadcrumb_json":[{"label":"In\u00edcio","link":"https:\/\/www.encontrasantana.com.br\/sobre"},{"label":"Not\u00edcias Santana","link":"https:\/\/www.encontrasantana.com.br\/sobre\/noticias-em-santana\/"},{"label":"Homem que fabricava camisetas com su\u00e1stica \u00e9 preso em Santana","link":"https:\/\/www.encontrasantana.com.br\/sobre\/homem-que-fabricava-camisetas-com-suastica-e-preso-em-santana\/"}],"_links":{"self":[{"href":"https:\/\/www.encontrasantana.com.br\/sobre\/wp-json\/wp\/v2\/posts\/961","targetHints":{"allow":["GET"]}}],"collection":[{"href":"https:\/\/www.encontrasantana.com.br\/sobre\/wp-json\/wp\/v2\/posts"}],"about":[{"href":"https:\/\/www.encontrasantana.com.br\/sobre\/wp-json\/wp\/v2\/types\/post"}],"author":[{"embeddable":true,"href":"https:\/\/www.encontrasantana.com.br\/sobre\/wp-json\/wp\/v2\/users\/1"}],"replies":[{"embeddable":true,"href":"https:\/\/www.encontrasantana.com.br\/sobre\/wp-json\/wp\/v2\/comments?post=961"}],"version-history":[{"count":0,"href":"https:\/\/www.encontrasantana.com.br\/sobre\/wp-json\/wp\/v2\/posts\/961\/revisions"}],"wp:attachment":[{"href":"https:\/\/www.encontrasantana.com.br\/sobre\/wp-json\/wp\/v2\/media?parent=961"}],"wp:term":[{"taxonomy":"category","embeddable":true,"href":"https:\/\/www.encontrasantana.com.br\/sobre\/wp-json\/wp\/v2\/categories?post=961"},{"taxonomy":"post_tag","embeddable":true,"href":"https:\/\/www.encontrasantana.com.br\/sobre\/wp-json\/wp\/v2\/tags?post=961"}],"curies":[{"name":"wp","href":"https:\/\/api.w.org\/{rel}","templated":true}]}}