{"id":973,"date":"2011-04-25T15:56:27","date_gmt":"2011-04-25T18:56:27","guid":{"rendered":"http:\/\/www.encontrasantana.com.br\/blog\/?p=973"},"modified":"2019-04-15T10:03:56","modified_gmt":"2019-04-15T13:03:56","slug":"sptrans-disponibiliza-tres-linhas-especiais-para-formula-indy-em-santana","status":"publish","type":"post","link":"https:\/\/www.encontrasantana.com.br\/sobre\/sptrans-disponibiliza-tres-linhas-especiais-para-formula-indy-em-santana\/","title":{"rendered":"SPTrans disponibiliza tr\u00eas linhas especiais para F\u00f3rmula Indy em Santana"},"content":{"rendered":"<div class=\"1acf8468e559fd3cbeec5aee3a269a52\" data-index=\"1\" style=\"float: none; margin:0px;\">\n<!-- Anuncio display - global -->\r\n<ins class=\"adsbygoogle\"\r\n     style=\"display:block\"\r\n     data-ad-client=\"ca-pub-8585364105181520\"\r\n     data-ad-slot=\"8789329856\"\r\n     data-ad-format=\"auto\"\r\n     data-full-width-responsive=\"true\"><\/ins>\r\n<script>\r\n     (adsbygoogle = window.adsbygoogle || []).push({});\r\n<\/script>\n<\/div>\n<p>Para atender ao p\u00fablico que vai prestigiar a Etapa Brasileira de F\u00f3rmula Indy 300, nos dias 30 de abril e 1\u00b0 de maio, no <a href=\"http:\/\/www.encontrasantana.com.br\/santana\/anhembi-em-santana.shtml\" target=\"_blank\">Anhembi<\/a>, em Santana, a SPTrans\u00a0(empresa que administra\u00a0o transporte de \u00f4nibus em S\u00e3o Paulo)\u00a0vai disponibilizar tr\u00eas linhas especiais com destino ao local do evento, saindo das regi\u00f5es de Santana, Barra Funda e Aeroporto de Congonhas, num total de 65 ve\u00edculos, com tarifas diferenciadas.<\/p>\n<p>Como as avenidas nos arredores do circuito ser\u00e1 interditadas, duas linhas urbanas de \u00f4nibus ter\u00e3o seus itiner\u00e1rios alterados a partir das 22h\u00a0de quinta-feira (28) at\u00e9 as 5h do dia 2 de maio.<\/p>\n<p>Confira abaixo as linhas que ser\u00e3o alteradas e seus itiner\u00e1rios:<\/p>\n<p><strong>Expresso Aeroporto de Congonhas \u2013 Parque Anhembi<\/strong><\/p>\n<p><strong>Itiner\u00e1rio de entrada:<\/strong> Terminal A\u00e9reo Rodovi\u00e1rio, avenida Washington Luiz (pista local Aeroporto), avenida Moreira Guimar\u00e3es, avenida Ruben Berta, avenida 23 de Maio, t\u00fanel Papa Jo\u00e3o Paulo II &#8211; (Anhangaba\u00fa Sul\/Norte), avenida Prestes Maia, avenida Senador Queir\u00f3s, avenida Ipiranga, avenida Rio Branco (corredor), viaduto Engenheiro Orlando Murgel, avenida Rudge, pra\u00e7a Cel. Torquato Tasso Netto, ponte da Casa Verde, avenida Braz Leme, rua Drua Melo Nogueira, rua Anita Malfatti.<br \/>\n<strong>Itiner\u00e1rio de sa\u00edda:<\/strong> avenida Olavo Fontoura, avenida Otaviano Alves de Lima, acesso, ponte da Casa Verde, pra\u00e7a Cel. Torquato Tasso Netto, avenida Rudge, viaduto Engenheiro Orlando Murgel, avenida Rio Branco, Largo do Paissandu, rua Capit\u00e3o Salom\u00e3o, rua Brigadeiro Tobias, rua Capit\u00e3o Mor Jer\u00f4nimo Leit\u00e3o, avenida Prestes Maia, T\u00fanel Papa Jo\u00e3o Paulo II &#8211; (Anhangaba\u00fa Norte\/ Sul), avenida 23 de Maio, avenida Ruben Berta, avenida Moreira Guimar\u00e3es, avenida Washington Luiz, retorno, Aeroporto de Congonhas (Pista Local), Terminal A\u00e9reo Rodovi\u00e1rio.<\/p>\n<p><strong>S\u00e1bado (30)<\/strong> &#8211;\u00a0<strong>Primeira partida:<\/strong> 6h \/\u00a0<strong>\u00daltima partida:<\/strong> 16h<br \/>\n<strong>Domingo (1\u00ba de maio) \u2013 Primeira partida:<\/strong> 5h30 \/\u00a0<strong>\u00daltima partida:<\/strong> 16h<br \/>\n<strong>Total de ve\u00edculos \u00e0 disposi\u00e7\u00e3o:<\/strong> 15.<\/p>\n<p><strong>Expresso Terminal Barra Funda \u2013 Parque Anhembi<br \/>\n<\/strong>Itiner\u00e1rio de entrada: rua Professor Wilfrides Alves de Lima \u2013 Terminal Sul da esta\u00e7\u00e3o do Metr\u00f4 Barra Funda, rua Tagipuru, rua Deputado Salvador Julianelli, avenida Auro Soares de Moura Andrade, avenida Pacaembu, viaduto Pacaembu, avenida Drua Abra\u00e3o Ribeiro, rua Baronesa de Porto Carreiro, avenida Rudge, pra\u00e7a Coronel. Torquato Tasso Netto, ponte da Casa Verde, avenida Braz Leme, rua Drua Melo Nogueira, rua Anita Malfatti.<br \/>\n<strong>Itiner\u00e1rio de sa\u00edda:<\/strong> avenida Olavo Fontoura, avenida Otaviano Alves de Lima, acesso, ponte da Casa Verde, avenida Drua Abra\u00e3o Ribeiro, viaduto Pacaembu, acesso, avenida Auro Soares de Moura Andrade, retorno, avenida Auro Soares de Moura Andrade, rua Professor Wilfrides Alves de Lima \u2013 Terminal Sul da esta\u00e7\u00e3o do Metr\u00f4 Barra Funda.<\/p>\n<p><strong>S\u00e1bado (30) \u2013 Primeira partida:<\/strong> 5h50 \/\u00a0<strong>\u00daltima partida:<\/strong> 16h20<br \/>\n<strong>Domingo (1\u00ba de maio)<\/strong> \u2013\u00a0<strong>Primeira partida:<\/strong> 5h50 \/\u00a0<strong>\u00daltima partida:<\/strong> 16h20<br \/>\n<strong>Total de ve\u00edculos \u00e0 disposi\u00e7\u00e3o:<\/strong> 15.<\/p>\n<p><strong>Expresso Terminal Rodovi\u00e1rio Tiet\u00ea \u2013 Parque Anhembi<br \/>\nItiner\u00e1rio de entrada:<\/strong> avenida Cruzeiro do Sul (centro) &#8211; Terminal Oeste da esta\u00e7\u00e3o do Metr\u00f4 Tiet\u00ea, rua Marechal Odylio Denys, rua Volunt\u00e1rios da P\u00e1tria, rua For\u00e7a P\u00fablica, avenida Cruzeiro do Sul, rua Santa Eul\u00e1lia, avenida Santos Dumont, pra\u00e7a Campo de Bagatelle, avenida Olavo Fontoura.<br \/>\n<strong>Itiner\u00e1rios de sa\u00edda:<\/strong> &#8211; avenida Olavo Fontoura, avenida Otaviano Alves de Lima, acesso\u00a0e ponte da Casa Verde, acesso e avenida Presidente Castelo Branco, acesso e ponte Cruzeiro do Sul, avenida Cruzeiro do Sul, avenida Zaki Narchi, rua Urupiara, rua Coroenel Antonio de Carvalho, avenida Cruzeiro do Sul (centro) &#8211; Terminal Oeste da esta\u00e7\u00e3o do Metr\u00f4 Tiet\u00ea.<br \/>\n&#8211; avenida Olavo Fontoura, rua Afonso Renaldo Gallucci, avenida Braz Leme, rua Darzan, avenida Cruzeiro do Sul (centro)- Terminal Oeste da esta\u00e7\u00e3o do Metr\u00f4 Tiet\u00ea.<\/p>\n<p><strong>S\u00e1bado (30) \u2013 Primeira partida:<\/strong> 5h50 \/\u00a0<strong>\u00daltima partida:<\/strong> 16h20<br \/>\n<strong>Domingo (1\u00ba de maio) \u2013 Primeira partida:<\/strong> 5h50 \/\u00a0<strong>\u00daltima partida:<\/strong> 16h20<br \/>\n<strong>Total de ve\u00edculos:<\/strong> 35.<\/p>\n<p><strong>Linhas normais com itiner\u00e1rios alterados:<br \/>\n<\/strong><br \/>\n<strong>278A\/10 Penha \u2013 CEASA<br \/>\nIda:<\/strong> normal at\u00e9 a rua Santa Eul\u00e1lia, avenida Santos Dumont, pra\u00e7a Her\u00f3is Expedicion\u00e1ria Brasileira, avenida Braz Leme, ponte da Casa Verde, rua Abra\u00e3o Ribeiro, prosseguindo normal.<br \/>\n<strong>Volta:<\/strong> normal at\u00e9 a ponte da Casa Verde, avenida Braz Leme, rua Volunt\u00e1rios da P\u00e1tria, rua Padre Ildefonso, prosseguindo normal.<\/p>\n<p><strong>9717\/10 Jardim Almanara \u2013 Santana<br \/>\nIda:<\/strong> avenida Deputado Cant\u00eddio Sampaio, prosseguindo normal at\u00e9 a rua Mangaratu, rua Antonio Nascimento Moura, avenida Braz Leme, rua Darzan, rua Drua Zuquim, rua Leite de Morais e rua Ezequiel Freire,<br \/>\n<strong>Volta:<\/strong> rua Ezequiel Freire, rua Alfredo Guedes, avenida Cruzeiro do Sul, rua Santa Eulalia, avenida Santos Dumont, pra\u00e7a Her\u00f3is da For\u00e7a Expedicion\u00e1ria Brasileira, avenida Braz Leme, rua Marambaia, rua Bernardino Fanganiello, prosseguindo normal at\u00e9 a avenida Deputado Cant\u00eddio Sampaio.<\/p>\n<p><em>Fonte: R7<\/em><\/p>\n\n<div style=\"font-size: 0px; height: 0px; line-height: 0px; margin: 0; padding: 0; clear: both;\"><\/div>","protected":false},"excerpt":{"rendered":"<p>Para atender ao p\u00fablico que vai prestigiar a Etapa Brasileira de F\u00f3rmula Indy 300, nos dias 30 de abril e 1\u00b0 de maio, no Anhembi, em Santana, a SPTrans\u00a0(empresa que administra\u00a0o transporte de \u00f4nibus em S\u00e3o Paulo)\u00a0vai disponibilizar tr\u00eas linhas especiais com destino ao local do evento, saindo das regi\u00f5es de Santana, Barra Funda e Aeroporto de Congonhas, num total de 65 ve\u00edculos, com tarifas diferenciadas. Como as avenidas nos arredores do circuito ser\u00e1 interditadas, duas linhas urbanas de \u00f4nibus ter\u00e3o seus itiner\u00e1rios alterados a partir das 22h\u00a0de quinta-feira (28) at\u00e9 as 5h do dia 2 de maio. Confira abaixo <\/p>\n","protected":false},"author":1,"featured_media":0,"comment_status":"open","ping_status":"closed","sticky":false,"template":"","format":"standard","meta":{"footnotes":""},"categories":[3],"tags":[10],"class_list":["post-973","post","type-post","status-publish","format-standard","hentry","category-noticias-em-santana","tag-santana"],"aioseo_notices":[],"_links":{"self":[{"href":"https:\/\/www.encontrasantana.com.br\/sobre\/wp-json\/wp\/v2\/posts\/973"}],"collection":[{"href":"https:\/\/www.encontrasantana.com.br\/sobre\/wp-json\/wp\/v2\/posts"}],"about":[{"href":"https:\/\/www.encontrasantana.com.br\/sobre\/wp-json\/wp\/v2\/types\/post"}],"author":[{"embeddable":true,"href":"https:\/\/www.encontrasantana.com.br\/sobre\/wp-json\/wp\/v2\/users\/1"}],"replies":[{"embeddable":true,"href":"https:\/\/www.encontrasantana.com.br\/sobre\/wp-json\/wp\/v2\/comments?post=973"}],"version-history":[{"count":0,"href":"https:\/\/www.encontrasantana.com.br\/sobre\/wp-json\/wp\/v2\/posts\/973\/revisions"}],"wp:attachment":[{"href":"https:\/\/www.encontrasantana.com.br\/sobre\/wp-json\/wp\/v2\/media?parent=973"}],"wp:term":[{"taxonomy":"category","embeddable":true,"href":"https:\/\/www.encontrasantana.com.br\/sobre\/wp-json\/wp\/v2\/categories?post=973"},{"taxonomy":"post_tag","embeddable":true,"href":"https:\/\/www.encontrasantana.com.br\/sobre\/wp-json\/wp\/v2\/tags?post=973"}],"curies":[{"name":"wp","href":"https:\/\/api.w.org\/{rel}","templated":true}]}}